{"id":186527,"date":"2025-10-29T17:04:05","date_gmt":"2025-10-29T20:04:05","guid":{"rendered":"https:\/\/cdnoticias.com\/?p=186527"},"modified":"2025-10-29T17:04:06","modified_gmt":"2025-10-29T20:04:06","slug":"curso-virtual-en-manipulacion-segura-de-alimentos","status":"publish","type":"post","link":"https:\/\/cdnoticias.com\/index.php\/2025\/10\/29\/curso-virtual-en-manipulacion-segura-de-alimentos\/","title":{"rendered":"Curso Virtual en Manipulaci\u00f3n Segura de Alimentos"},"content":{"rendered":"\n<p>La inscripci\u00f3n estar\u00e1 abierta hasta el domingo 2 de noviembre. El curso dar\u00e1 comienzo el mi\u00e9rcoles 5.<\/p>\n\n\n\n<hr class=\"wp-block-separator aligncenter has-alpha-channel-opacity\"\/>\n\n\n\n<p>Se encuentra<strong> abierta la inscripci\u00f3n<\/strong> para el \u00faltimo curso de <strong>Manipulaci\u00f3n Segura de Alimentos, <\/strong>con <strong>modalidad virtual<\/strong> que se va a desarrollar en el <strong>mes de noviembre.<\/strong><\/p>\n\n\n\n<p><\/p>\n\n\n\n<p>La inscripci\u00f3n se realiza a trav\u00e9s de un <strong>formulario disponible en el sitio web del Municipio, <\/strong>al que se accede en el apartado <a href=\"https:\/\/gobiernoabierto.olavarria.gov.ar\/portal\/\" target=\"_blank\" rel=\"noreferrer noopener\">\u201cMi Olava\u201d<\/a>, en la parte superior de la p\u00e1gina, que redirecciona al detalle de gestiones y tr\u00e1mites, donde se encuentra disponible el formulario de<strong> \u201cCursos Manipulaci\u00f3n Segura de Alimentos\u201d.<\/strong><\/p>\n\n\n\n<p><\/p>\n\n\n\n<blockquote class=\"wp-block-quote is-layout-flow wp-block-quote-is-layout-flow\">\n<p>Desde el \u00e1rea se aclar\u00f3 que para anotarse es requisito indispensable contar con un correo electr\u00f3nico de Gmail y que la inscripci\u00f3n estar\u00e1 abierta hasta el domingo 2 de noviembre. El curso dar\u00e1 comienzo el mi\u00e9rcoles 5.<\/p>\n<\/blockquote>\n\n\n\n<p><\/p>\n\n\n\n<p>Es un curso<strong> virtual, gratuito y autogestionado <\/strong>que finalizar\u00e1 con la <strong>aprobaci\u00f3n de una evaluaci\u00f3n virtual, <\/strong>que permite la obtenci\u00f3n del carnet de manipulador de alimentos.<\/p>\n\n\n\n<p><\/p>\n\n\n\n<p><strong>\u00bfQui\u00e9n debe obtener el carnet de manipulador?<\/strong><\/p>\n\n\n\n<blockquote class=\"wp-block-quote is-layout-flow wp-block-quote-is-layout-flow\">\n<p>Toda persona que realice actividades por la cual est\u00e9 o pudiera estar en contacto con alimentos, en establecimientos donde se elaboren, fraccionen, almacenen, transporten, comercialicen y\/o enajenen alimentos, o sus materias primas. El carnet es obligatorio para quienes trabajan en autoempleo, en relaci\u00f3n de dependencia y\/o quienes son titulares de las razones sociales que tiene a cargo establecimientos productores\/elaboradores de alimentos registrados y habilitados en la provincia de Buenos Aires.<\/p>\n<\/blockquote>\n\n\n\n<p><\/p>\n\n\n\n<p><strong>\u00bfQu\u00e9 alcance tiene el carnet de manipulador?<\/strong><\/p>\n\n\n\n<p>El carnet de manipulador tiene <strong>validez en todo el territorio nacional <\/strong>y tiene una vigencia por el <strong>plazo de 3 a\u00f1os.<\/strong><\/p>\n\n\n\n<p><\/p>\n\n\n\n<p><strong>\u00bfC\u00f3mo acceder al carnet si tengo el certificado oficial de manipulaci\u00f3n?<\/strong><\/p>\n\n\n\n<p><\/p>\n\n\n\n<p>Los capacitados que hayan aprobado el curso con anterioridad al 2019 o cuyos carnets de manipuladores se encuentren vencidos o pr\u00f3ximos a vencer, podr\u00e1n acceder al carnet oficial de manipulador de alimentos mediante la aprobaci\u00f3n de una evaluaci\u00f3n, para lo cual deber\u00e1n realizar la inscripci\u00f3n de la forma anteriormente detallada indicando que ya han realizado el curso previamente. Ante dudas o consultas comunicarse por mail a <strong>capacitacion.alimentos@olavarria.edu.ar<\/strong> o al tel\u00e9fono <strong>2284-616993<\/strong> de lunes a viernes de <strong>08:00 a 13:00 horas. <\/strong><\/p>\n\n\n\n<p><\/p>\n","protected":false},"excerpt":{"rendered":"<p>La inscripci\u00f3n estar\u00e1 abierta hasta el domingo 2 de noviembre. El curso dar\u00e1 comienzo el mi\u00e9rcoles 5. Se encuentra abierta<\/p>\n","protected":false},"author":6,"featured_media":45684,"comment_status":"closed","ping_status":"closed","sticky":false,"template":"","format":"standard","meta":{"_jetpack_memberships_contains_paid_content":false,"footnotes":""},"categories":[5,1],"tags":[],"class_list":["post-186527","post","type-post","status-publish","format-standard","has-post-thumbnail","hentry","category-informacion-general","category-portada"],"jetpack_featured_media_url":"https:\/\/i0.wp.com\/cdnoticias.com\/wp-content\/uploads\/2022\/02\/Alimentos.jpg?fit=700%2C420&ssl=1","jetpack_sharing_enabled":true,"_links":{"self":[{"href":"https:\/\/cdnoticias.com\/index.php\/wp-json\/wp\/v2\/posts\/186527","targetHints":{"allow":["GET"]}}],"collection":[{"href":"https:\/\/cdnoticias.com\/index.php\/wp-json\/wp\/v2\/posts"}],"about":[{"href":"https:\/\/cdnoticias.com\/index.php\/wp-json\/wp\/v2\/types\/post"}],"author":[{"embeddable":true,"href":"https:\/\/cdnoticias.com\/index.php\/wp-json\/wp\/v2\/users\/6"}],"replies":[{"embeddable":true,"href":"https:\/\/cdnoticias.com\/index.php\/wp-json\/wp\/v2\/comments?post=186527"}],"version-history":[{"count":0,"href":"https:\/\/cdnoticias.com\/index.php\/wp-json\/wp\/v2\/posts\/186527\/revisions"}],"wp:featuredmedia":[{"embeddable":true,"href":"https:\/\/cdnoticias.com\/index.php\/wp-json\/wp\/v2\/media\/45684"}],"wp:attachment":[{"href":"https:\/\/cdnoticias.com\/index.php\/wp-json\/wp\/v2\/media?parent=186527"}],"wp:term":[{"taxonomy":"category","embeddable":true,"href":"https:\/\/cdnoticias.com\/index.php\/wp-json\/wp\/v2\/categories?post=186527"},{"taxonomy":"post_tag","embeddable":true,"href":"https:\/\/cdnoticias.com\/index.php\/wp-json\/wp\/v2\/tags?post=186527"}],"curies":[{"name":"wp","href":"https:\/\/api.w.org\/{rel}","templated":true}]}}