{"id":186521,"date":"2025-10-29T16:30:22","date_gmt":"2025-10-29T19:30:22","guid":{"rendered":"https:\/\/cdnoticias.com\/?p=186521"},"modified":"2025-10-29T16:30:24","modified_gmt":"2025-10-29T19:30:24","slug":"dia-mundial-del-acv-cuales-son-los-factores-que-aumentan-el-riesgo-de-padecerlos-y-como-se-pueden-prevenir","status":"publish","type":"post","link":"https:\/\/cdnoticias.com\/index.php\/2025\/10\/29\/dia-mundial-del-acv-cuales-son-los-factores-que-aumentan-el-riesgo-de-padecerlos-y-como-se-pueden-prevenir\/","title":{"rendered":"D\u00eda Mundial del ACV: cu\u00e1les son los factores que aumentan el riesgo de padecerlos y c\u00f3mo se pueden prevenir"},"content":{"rendered":"\n<p>Se conmemora todos los 29 de octubre. En la Provincia de Buenos Aires se present\u00f3 la Red de Atenci\u00f3n para Accidentes Cerebrovasculares (ACV).<\/p>\n\n\n\n<hr class=\"wp-block-separator aligncenter has-alpha-channel-opacity\"\/>\n\n\n\n<p><strong>La boca torcida, debilidad en una pierna o en un brazo, inestabilidad al caminar, problemas para hablar o comprender<\/strong>: cualquiera de estos s\u00edntomas, juntos o por separado y de aparici\u00f3n repentina, pueden <strong>indicar que una persona est\u00e1 viviendo un accidente cerebrovascular (ACV)<\/strong>, una enfermedad tiempo-dependiente en la que cada minuto resulta determinante para el pron\u00f3stico funcional y vital de quien lo padece.&nbsp;<strong>Llegar cuanto antes al hospital es lo m\u00e1s importante para reducir el riesgo de morir o discapacidad.<\/strong><\/p>\n\n\n\n<p><\/p>\n\n\n\n<blockquote class=\"wp-block-quote is-layout-flow wp-block-quote-is-layout-flow\">\n<p>En coincidencia con el D\u00eda Mundial del Accidente Cerebrovascular, que se conmemora todos los 29 de octubre para sensibilizar sobre la prevalencia de esta enfermedad, especialistas de la cartera sanitaria bonaerense presentaron la Red de Atenci\u00f3n para Accidentes Cerebrovasculares en la Provincia de Buenos Aires y explicaron cu\u00e1les son los factores que aumentan el riesgo de padecerlos y c\u00f3mo se pueden prevenir.<\/p>\n<\/blockquote>\n\n\n\n<p><\/p>\n\n\n\n<p>De acuerdo con el Ministerio de Salud Bonaerense, se calcula que <strong>en el pa\u00eds una persona tiene un ACV cada cuatro minutos.&nbsp;<\/strong> <strong>Estos eventos constituyen la primera causa de discapacidad y la tercera causa de muerte<\/strong>. No obstante, <strong>si se act\u00faa r\u00e1pido <\/strong>y se trata dentro de las primeras cuatro horas desde el inicio de los s\u00edntomas, <strong>es posible evitar esas consecuencias.<\/strong><\/p>\n\n\n\n<p><\/p>\n\n\n\n<blockquote class=\"wp-block-quote is-layout-flow wp-block-quote-is-layout-flow\">\n<p>Abordar un accidente cerebrovascular requiere profesionales especialmente capacitados y hospitales con equipamiento de alta complejidad como tom\u00f3grafos, angi\u00f3grafos y resonadores. Por eso, este a\u00f1o, Salud realiz\u00f3 capacitaciones espec\u00edficas, un relevamiento de recursos y reforz\u00f3 con tecnolog\u00eda su sistema sanitario para crear una red robusta y \u00e1gil que ofrezca asistencia integral de personas con ACV.<\/p>\n<\/blockquote>\n\n\n\n<p><\/p>\n\n\n\n<p><strong>La red bonaerense est\u00e1 conformada por 24 hospitales p\u00fablico<\/strong>s: Penna de Bah\u00eda Blanca, Julio de Vedia de 9 de Julio, Abraham Pi\u00f1eyro de Jun\u00edn, San Felipe de San Nicol\u00e1s, San Jos\u00e9 de Pergamino, Eva Per\u00f3n y Belgrano de San Mart\u00edn, Cordero de San Fernando, Mel\u00e9ndez de Adrogu\u00e9, Evita de Berazategui, Universitario Interzonal de Ezeiza, El Cruce de Florencio Varela, Carrillo de Tres de Febrero, Alende de Mar del Plata, hospital de Las Flores, Dubarry de Mercedes, San Mart\u00edn, Rossi y Korn de La Plata, Videla Dorna de Monte, Simplemente Evita, Paroissien y Balestrini de La Matanza.<\/p>\n\n\n\n<p><\/p>\n\n\n\n<p><strong>\u00bfQu\u00e9 es un ACV?<\/strong><\/p>\n\n\n\n<p>Una persona sufre un accidente cerebrovascular cuando <strong>la sangre no puede llegar a una parte del cerebro<\/strong>, algo que suele suceder porque <strong>una arteria se encuentra tapada por un trombo o co\u00e1gulo<\/strong> o bien p<strong>orque la arteria se rompe y provoca una hemorragia.<\/strong> En el primer caso se habla de ACV isqu\u00e9mico y en el segundo, de ACV hemorr\u00e1gico. <strong>Los desencadenantes son m\u00faltiples y muchos tienen que ver con h\u00e1bitos y enfermedades no controladas.<\/strong><\/p>\n\n\n\n<p><\/p>\n\n\n\n<p>Desde la cartera sanitaria bonaerense recuerdan que los accidentes cerebrovasculares<strong> se pueden prevenir con cuidados, cambio de h\u00e1bitos y el control de enfermedades que predisponen a padecerlos.<\/strong><\/p>\n\n\n\n<p><\/p>\n\n\n\n<blockquote class=\"wp-block-quote is-layout-flow wp-block-quote-is-layout-flow\">\n<p>\u201cLejos, el factor de riesgo m\u00e1s frecuente es la hipertensi\u00f3n arterial no controlada, el h\u00e1bito tab\u00e1quico, la diabetes no controlada, las dislipemias (colesterol alto), la obesidad y el sedentarismo\u201d, explic\u00f3 Leandro Tumino, jefe de la Unidad de ACV del hospital provincial San Mart\u00edn. Estos son factores que se pueden modificar y as\u00ed reducir las posibilidades de sufrir un ACV. Pero tambi\u00e9n hay otras variables que no se pueden cambiar y que predisponen a padecerlo, como por ejemplo la edad (a mayor edad m\u00e1s riesgo) y ser var\u00f3n.<\/p>\n<\/blockquote>\n\n\n\n<p><\/p>\n\n\n\n<p>En conclusi\u00f3n, para prevenir un ACV<strong> es clave mantener una alimentaci\u00f3n segura, sana y sustentable, disminuir el consumo de sal y alimentos ultraprocesados, realizar actividad f\u00edsica regular y no fumar<\/strong>. Tambi\u00e9n es clave realizar<strong> consultas peri\u00f3dicas con el equipo de salud,<\/strong> sobre todo en caso de tener hipertensi\u00f3n arterial o diabetes.<\/p>\n\n\n\n<p><\/p>\n\n\n\n<p><strong>Ataque Isqu\u00e9mico Transitorio<\/strong><\/p>\n\n\n\n<p>Especialistas en salud cerebrovascular advierten que, <strong>en los \u00faltimos a\u00f1os atienden, cada vez con m\u00e1s frecuencia, a pacientes j\u00f3venes con s\u00edntomas de un Ataque Isqu\u00e9mico Transitorio (AIT),<\/strong> un <strong>cuadro previo que \u201cavisa\u201d que la persona tendr\u00e1<\/strong>, en el corto o mediano plazo, <strong>un accidente cerebrovascular.<\/strong><\/p>\n\n\n\n<p><\/p>\n\n\n\n<blockquote class=\"wp-block-quote is-layout-flow wp-block-quote-is-layout-flow\">\n<p>Estos eventos que suelen pasar desapercibidos para quienes los atraviesan pueden durar desde unos pocos minutos hasta 24 horas y manifestarse del mismo modo que un accidente cerebrovascular, como problemas para comprender o hablar, dificultad para moverse o par\u00e1lisis de una parte del cuerpo.<\/p>\n<\/blockquote>\n\n\n\n<p><\/p>\n\n\n\n<p><strong><em>\u201cMucha gente subestima este tipo de ataques por su corta duraci\u00f3n, algunos creen que es cansancio y se acuestan, toman agua, huelen alcohol, es decir, no lo registran como un problema que requiere una consulta urgente por guardia\u201d,<\/em><\/strong> explic\u00f3 el jefe de la Unidad de ACV del hospital San Mart\u00edn de La Plata, Leandro Tumino. Por \u00faltimo, enfatiz\u00f3 que en estos casos una consulta inmediata \u201cposibilita prevenir un futuro ACV con medicaci\u00f3n y cambios de h\u00e1bitos\u201d.\u00a0<\/p>\n\n\n\n<p><\/p>\n\n\n\n<p><em>Fuente: DIB<\/em><\/p>\n\n\n\n<p><\/p>\n","protected":false},"excerpt":{"rendered":"<p>Se conmemora todos los 29 de octubre. En la Provincia de Buenos Aires se present\u00f3 la Red de Atenci\u00f3n para<\/p>\n","protected":false},"author":6,"featured_media":186522,"comment_status":"closed","ping_status":"closed","sticky":false,"template":"","format":"standard","meta":{"_jetpack_memberships_contains_paid_content":false,"footnotes":""},"categories":[6,1],"tags":[],"class_list":["post-186521","post","type-post","status-publish","format-standard","has-post-thumbnail","hentry","category-nacionales","category-portada"],"jetpack_featured_media_url":"https:\/\/i0.wp.com\/cdnoticias.com\/wp-content\/uploads\/2025\/10\/acv2.webp?fit=1000%2C692&ssl=1","jetpack_sharing_enabled":true,"_links":{"self":[{"href":"https:\/\/cdnoticias.com\/index.php\/wp-json\/wp\/v2\/posts\/186521","targetHints":{"allow":["GET"]}}],"collection":[{"href":"https:\/\/cdnoticias.com\/index.php\/wp-json\/wp\/v2\/posts"}],"about":[{"href":"https:\/\/cdnoticias.com\/index.php\/wp-json\/wp\/v2\/types\/post"}],"author":[{"embeddable":true,"href":"https:\/\/cdnoticias.com\/index.php\/wp-json\/wp\/v2\/users\/6"}],"replies":[{"embeddable":true,"href":"https:\/\/cdnoticias.com\/index.php\/wp-json\/wp\/v2\/comments?post=186521"}],"version-history":[{"count":0,"href":"https:\/\/cdnoticias.com\/index.php\/wp-json\/wp\/v2\/posts\/186521\/revisions"}],"wp:featuredmedia":[{"embeddable":true,"href":"https:\/\/cdnoticias.com\/index.php\/wp-json\/wp\/v2\/media\/186522"}],"wp:attachment":[{"href":"https:\/\/cdnoticias.com\/index.php\/wp-json\/wp\/v2\/media?parent=186521"}],"wp:term":[{"taxonomy":"category","embeddable":true,"href":"https:\/\/cdnoticias.com\/index.php\/wp-json\/wp\/v2\/categories?post=186521"},{"taxonomy":"post_tag","embeddable":true,"href":"https:\/\/cdnoticias.com\/index.php\/wp-json\/wp\/v2\/tags?post=186521"}],"curies":[{"name":"wp","href":"https:\/\/api.w.org\/{rel}","templated":true}]}}