{"id":186513,"date":"2025-10-30T08:26:31","date_gmt":"2025-10-30T11:26:31","guid":{"rendered":"https:\/\/cdnoticias.com\/?p=186513"},"modified":"2025-10-30T10:08:44","modified_gmt":"2025-10-30T13:08:44","slug":"este-domingo-habra-celebracion-en-sierras-bayas","status":"publish","type":"post","link":"https:\/\/cdnoticias.com\/index.php\/2025\/10\/30\/este-domingo-habra-celebracion-en-sierras-bayas\/","title":{"rendered":"Este domingo habr\u00e1 celebraci\u00f3n en Sierras Bayas\u00a0"},"content":{"rendered":"\n<p>La localidad celebrar\u00e1 los 146 a\u00f1os desde su fundaci\u00f3n. M\u00fasica, foodstrucks, artesanos y mucho m\u00e1s.\u00a0Cronograma completo. <\/p>\n\n\n\n<hr class=\"wp-block-separator aligncenter has-alpha-channel-opacity\"\/>\n\n\n\n<p>La <strong>localidad de Sierras Bayas celebrar\u00e1 los 146 a\u00f1os desde su fundaci\u00f3n<\/strong> con<strong> diferentes propuestas art\u00edsticas para disfrute de sierrabayenses<\/strong> y visitantes de todo el Partido.<\/p>\n\n\n\n<p><\/p>\n\n\n\n<p>El programa de actividades se llevar\u00e1 a cabo el <strong>domingo 2 de noviembre en la Bicisenda Javier Ouda,<\/strong> de acuerdo al cronograma que se presenta a continuaci\u00f3n:<\/p>\n\n\n\n<p><\/p>\n\n\n\n<ul class=\"wp-block-list\">\n<li>13 horas: Apertura de la fiesta y apertura de la cantina conformada por todas las instituciones del pueblo (venta de choripanes, panchos, hamburguesas y bebidas). Exposici\u00f3n de artesanos y emprendedores. Breve rese\u00f1a de Sierras Bayas y bendici\u00f3n de la fiesta.<\/li>\n<\/ul>\n\n\n\n<ul class=\"wp-block-list\">\n<li>13:30 horas: Espect\u00e1culos<\/li>\n<\/ul>\n\n\n\n<ul class=\"wp-block-list\">\n<li>\u201cFunkt\u00e1stico\u201d: Lucio De Lotto, Baustista Harismendi, Stefania Bongiorno, Ezequiel Nahuel Torres, Renzo Leal.<\/li>\n<\/ul>\n\n\n\n<ul class=\"wp-block-list\">\n<li> Presentaci\u00f3n de la violinista estudiante de la Orquesta Municipal; Mikeyla Aquino.<\/li>\n<\/ul>\n\n\n\n<ul class=\"wp-block-list\">\n<li> Presentaci\u00f3n de \u201cCuarta Justa\u201d: Noelia Repetti, Rodrigo Cisneros y Loana Echaide.<\/li>\n<\/ul>\n\n\n\n<ul class=\"wp-block-list\">\n<li> Francine M\u00fcller y alumno en el piano.<\/li>\n<\/ul>\n\n\n\n<ul class=\"wp-block-list\">\n<li>Participaci\u00f3n de \u201cO\u00edd Mortales\u201d: Lucas Casenave; Gabriel Victorero, Donato Spitale y Boris Becker.<\/li>\n<\/ul>\n\n\n\n<ul class=\"wp-block-list\">\n<li>15:40 horas. <\/li>\n\n\n\n<li>Taller de folclore a cargo de la profesora Adriana Rebasti.<\/li>\n\n\n\n<li>Muestreo del taller de jazz infantil municipal a cargo de Luc\u00eda Span. Presentaci\u00f3n de alumnas del estudio Inspirarte.<\/li>\n\n\n\n<li>Taller de \u00e1rabe municipal a cargo de Y\u00e9sica Castillo<\/li>\n<\/ul>\n\n\n\n<p><\/p>\n\n\n\n<ul class=\"wp-block-list\">\n<li>16:30 horas: Presentaci\u00f3n de \u201cHumo Serrano\u201d: Gustavo Hamse, Claudio Fern\u00e1ndez, Gonzalo Gallino y Rodrigo Acevedo.<\/li>\n<\/ul>\n\n\n\n<ul class=\"wp-block-list\">\n<li>17 horas<\/li>\n<\/ul>\n\n\n\n<ul class=\"wp-block-list\">\n<li>Show de magia c\u00f3mica con el mago \u201cEddy\u201d<\/li>\n<\/ul>\n\n\n\n<ul class=\"wp-block-list\">\n<li>Taller de Folclore Municipal con Juan Jos\u00e9 Rivas<\/li>\n<\/ul>\n\n\n\n<ul class=\"wp-block-list\">\n<li>Gimnasia para adultos (Verano Dorado) (Newcom e inscripci\u00f3n a Verano Dorado)<\/li>\n<\/ul>\n\n\n\n<ul class=\"wp-block-list\">\n<li> 18:15 horas: Corte torta de aniversario.<\/li>\n<\/ul>\n\n\n\n<ul class=\"wp-block-list\">\n<li>18:30 horas<\/li>\n<\/ul>\n\n\n\n<ul class=\"wp-block-list\">\n<li>Homenajes a referentes de la salud de la localidad y a jubilada administrativa<\/li>\n<\/ul>\n\n\n\n<ul class=\"wp-block-list\">\n<li>Zumba con Karina Romero<\/li>\n<\/ul>\n\n\n\n<ul class=\"wp-block-list\">\n<li>Baile tanguero con Norma y Juan<\/li>\n<\/ul>\n\n\n\n<ul class=\"wp-block-list\">\n<li>19:40 horas<\/li>\n<\/ul>\n\n\n\n<ul class=\"wp-block-list\">\n<li>Presentaci\u00f3n de Marcos y Ciro Mansilla (canto y bombo)<\/li>\n<\/ul>\n\n\n\n<ul class=\"wp-block-list\">\n<li>Ritmos libres con Emilse D\u00edaz<\/li>\n<\/ul>\n\n\n\n<ul class=\"wp-block-list\">\n<li>20:30 horas: Cierre Popular con Nico Centineo. En paralelo, habr\u00e1 juegos inflables para el entretenimiento de ni\u00f1os y ni\u00f1as, feria de artesanos y emprendedores.<\/li>\n<\/ul>\n\n\n\n<p><\/p>\n\n\n\n<blockquote class=\"wp-block-quote is-layout-flow wp-block-quote-is-layout-flow\">\n<p>Sierras Bayas fue fundada un 20 de octubre 1879 como un enclave para la explotaci\u00f3n de la miner\u00eda en las laderas de las bajas sierras del Sistema de Tandilla, Sierras Bayas toma su nombre del color amarillento de la piedra que all\u00ed abunda, la dolomita.<\/p>\n<\/blockquote>\n\n\n\n<p><\/p>\n\n\n\n<p>Convertida en un<strong> centro de producci\u00f3n de cemento a mediados del siglo XX, <\/strong>esta villa minera es un lugar imperdible para el visitante. En Sierras Bayas se puede caminar por onduladas callejuelas, visitar antiguas f\u00e1bricas de cal, hacer trekking por los senderos serranos, disfrutar de hermosas vistas desde lo alto de sus miradores, deslumbrarse con los lagos de cantera y<strong> adquirir t\u00edpicas artesan\u00edas y dulces regionales.<\/strong><\/p>\n\n\n\n<p><\/p>\n\n\n\n<blockquote class=\"wp-block-quote is-layout-flow wp-block-quote-is-layout-flow\">\n<p>Sierras Bayas es un lugar que cotidianamente permite descubrir la belleza y el encanto de una zona donde la magia, la aventura, el deporte, la cultura, el arte y los pueblos originarios, se unen con el desarrollo econ\u00f3mico.<\/p>\n<\/blockquote>\n\n\n\n<p><\/p>\n\n\n\n<p><strong>Aniversario en el Museo de la Estaci\u00f3n de Sierras Bayas<\/strong><\/p>\n\n\n\n<p>Para celebrar un nuevo aniversario del Museo de la Estaci\u00f3n de Sierras Bayas, en paralelo a los festejos por el cumplea\u00f1os de la localidad, habr\u00e1 distintas propuestas en el espacio.<\/p>\n\n\n\n<p><\/p>\n\n\n\n<blockquote class=\"wp-block-quote is-layout-flow wp-block-quote-is-layout-flow\">\n<p>El Museo abrir\u00e1 sus puertas a las 13 horas. : De 15 a 15 horas, habr\u00e1 Talleres al paso para todas las edades, junto con el equipo educativo de la Direcci\u00f3n de Patrimonio Cultural. Posteriormente, desde las 17 horas, habr\u00e1 una Presentaci\u00f3n de Memoria obrera e industrial: proyecto fabril en Desempolvando archivos, a cargo de Lic. Claudia Sosa y Esp Rosana Ricciardi.<\/p>\n<\/blockquote>\n\n\n\n<p><\/p>\n\n\n\n<p>El Museo Municipal de la Estaci\u00f3n de Sierras Bayas es uno de los ocho museos comunitarios se ha convertido en lugar de encuentro, un espacio de identidad y disfrute de los habitantes de los pueblos del Partido de Olavarr\u00eda. Son lugares abiertos, donde se desarrollan diferentes propuestas; son el espacio donde se desarrollan las fiestas del pueblo y se generan actividades en forma constante.<\/p>\n","protected":false},"excerpt":{"rendered":"<p>La localidad celebrar\u00e1 los 146 a\u00f1os desde su fundaci\u00f3n. M\u00fasica, foodstrucks, artesanos y mucho m\u00e1s.\u00a0Cronograma completo. La localidad de Sierras<\/p>\n","protected":false},"author":6,"featured_media":185679,"comment_status":"closed","ping_status":"closed","sticky":false,"template":"","format":"standard","meta":{"_jetpack_memberships_contains_paid_content":false,"footnotes":""},"categories":[9,1],"tags":[],"class_list":["post-186513","post","type-post","status-publish","format-standard","has-post-thumbnail","hentry","category-cultura","category-portada"],"jetpack_featured_media_url":"https:\/\/i0.wp.com\/cdnoticias.com\/wp-content\/uploads\/2025\/10\/Aniversario-Sierras-Bayas-1.jpeg?fit=1000%2C679&ssl=1","jetpack_sharing_enabled":true,"_links":{"self":[{"href":"https:\/\/cdnoticias.com\/index.php\/wp-json\/wp\/v2\/posts\/186513","targetHints":{"allow":["GET"]}}],"collection":[{"href":"https:\/\/cdnoticias.com\/index.php\/wp-json\/wp\/v2\/posts"}],"about":[{"href":"https:\/\/cdnoticias.com\/index.php\/wp-json\/wp\/v2\/types\/post"}],"author":[{"embeddable":true,"href":"https:\/\/cdnoticias.com\/index.php\/wp-json\/wp\/v2\/users\/6"}],"replies":[{"embeddable":true,"href":"https:\/\/cdnoticias.com\/index.php\/wp-json\/wp\/v2\/comments?post=186513"}],"version-history":[{"count":0,"href":"https:\/\/cdnoticias.com\/index.php\/wp-json\/wp\/v2\/posts\/186513\/revisions"}],"wp:featuredmedia":[{"embeddable":true,"href":"https:\/\/cdnoticias.com\/index.php\/wp-json\/wp\/v2\/media\/185679"}],"wp:attachment":[{"href":"https:\/\/cdnoticias.com\/index.php\/wp-json\/wp\/v2\/media?parent=186513"}],"wp:term":[{"taxonomy":"category","embeddable":true,"href":"https:\/\/cdnoticias.com\/index.php\/wp-json\/wp\/v2\/categories?post=186513"},{"taxonomy":"post_tag","embeddable":true,"href":"https:\/\/cdnoticias.com\/index.php\/wp-json\/wp\/v2\/tags?post=186513"}],"curies":[{"name":"wp","href":"https:\/\/api.w.org\/{rel}","templated":true}]}}