{"id":186508,"date":"2025-10-29T18:00:19","date_gmt":"2025-10-29T21:00:19","guid":{"rendered":"https:\/\/cdnoticias.com\/?p=186508"},"modified":"2025-10-29T19:40:22","modified_gmt":"2025-10-29T22:40:22","slug":"julio-conte-grand-volvera-a-azul-para-exponer-en-el-colegio-de-magistrados","status":"publish","type":"post","link":"https:\/\/cdnoticias.com\/index.php\/2025\/10\/29\/julio-conte-grand-volvera-a-azul-para-exponer-en-el-colegio-de-magistrados\/","title":{"rendered":"Julio Conte Grand volver\u00e1 a Azul para exponer en el Colegio de Magistrados"},"content":{"rendered":"<p>El Procurador General de la provincia de Buenos Aires encabezar\u00e1 la conferencia \u201cSexta Revoluci\u00f3n Industrial\u201d el mi\u00e9rcoles 5 de noviembre.<!--more--><\/p>\n<hr \/>\n<p>El <strong>mi\u00e9rcoles 5 de noviembre en Azul a las 17:30<\/strong> se llevar\u00e1 adelante la <strong>conferencia a cargo del Procurador General, Dr. Julio Conte-Grand<\/strong> sobre<em> \u201cLa sexta revoluci\u00f3n industrial: La rehumanizaci\u00f3n de los sistemas y los procesos, y el fortalecimiento institucional\u201d<\/em>.<\/p>\n<p>Este encuentro, <strong>organizado por el Ministerio P\u00fablico de la Provincia<\/strong> de Buenos Aires, se realizar\u00e1 <strong>en el Colegio de Magistrados y Funcionarios<\/strong> del Departamento Judicial Azul, Av. 25 de Mayo N.\u00b0 933.<\/p>\n<p>El Procurador General expondr\u00e1 sobre <strong>un posible futuro donde la tecnolog\u00eda se integra de manera m\u00e1s humana y \u00e9tica<\/strong>, con un enfoque en el bienestar de las personas y el fortalecimiento de las instituciones.<\/p>\n<p>Disertar\u00e1 sobre la importancia de <strong>comprender en profundidad el estado actual de la humanidad<\/strong>, no solo desde la perspectiva tecnol\u00f3gica, sino tambi\u00e9n considerando los impactos sociales, econ\u00f3micos y colectivos que estas transformaciones conllevan.<\/p>\n<p>Se anunci\u00f3 que en ese marco ofrecer\u00e1 <strong>una conferencia de prensa<\/strong> a las 17 en el Colegio de Magistrados.<\/p>\n<p>Para la exposici\u00f3n del Procurador se espera la asistencia de <strong>intendentes de los distritos de la regi\u00f3n<\/strong>, entre ellos el de Olavarr\u00eda, as\u00ed como los <strong>representantes de las asociaciones civiles y autoridades de las facultades<\/strong>.<\/p>\n","protected":false},"excerpt":{"rendered":"<p>El Procurador General de la provincia de Buenos Aires encabezar\u00e1 la conferencia \u201cSexta Revoluci\u00f3n Industrial\u201d el mi\u00e9rcoles 5 de noviembre.<\/p>\n","protected":false},"author":4,"featured_media":129825,"comment_status":"closed","ping_status":"closed","sticky":false,"template":"","format":"standard","meta":{"_jetpack_memberships_contains_paid_content":false,"footnotes":""},"categories":[5,1],"tags":[],"class_list":["post-186508","post","type-post","status-publish","format-standard","has-post-thumbnail","hentry","category-informacion-general","category-portada"],"jetpack_featured_media_url":"https:\/\/i0.wp.com\/cdnoticias.com\/wp-content\/uploads\/2024\/11\/congreso-justicia-contegrand-01.jpg?fit=800%2C445&ssl=1","jetpack_sharing_enabled":true,"_links":{"self":[{"href":"https:\/\/cdnoticias.com\/index.php\/wp-json\/wp\/v2\/posts\/186508","targetHints":{"allow":["GET"]}}],"collection":[{"href":"https:\/\/cdnoticias.com\/index.php\/wp-json\/wp\/v2\/posts"}],"about":[{"href":"https:\/\/cdnoticias.com\/index.php\/wp-json\/wp\/v2\/types\/post"}],"author":[{"embeddable":true,"href":"https:\/\/cdnoticias.com\/index.php\/wp-json\/wp\/v2\/users\/4"}],"replies":[{"embeddable":true,"href":"https:\/\/cdnoticias.com\/index.php\/wp-json\/wp\/v2\/comments?post=186508"}],"version-history":[{"count":0,"href":"https:\/\/cdnoticias.com\/index.php\/wp-json\/wp\/v2\/posts\/186508\/revisions"}],"wp:featuredmedia":[{"embeddable":true,"href":"https:\/\/cdnoticias.com\/index.php\/wp-json\/wp\/v2\/media\/129825"}],"wp:attachment":[{"href":"https:\/\/cdnoticias.com\/index.php\/wp-json\/wp\/v2\/media?parent=186508"}],"wp:term":[{"taxonomy":"category","embeddable":true,"href":"https:\/\/cdnoticias.com\/index.php\/wp-json\/wp\/v2\/categories?post=186508"},{"taxonomy":"post_tag","embeddable":true,"href":"https:\/\/cdnoticias.com\/index.php\/wp-json\/wp\/v2\/tags?post=186508"}],"curies":[{"name":"wp","href":"https:\/\/api.w.org\/{rel}","templated":true}]}}