{"id":186485,"date":"2025-10-29T11:52:32","date_gmt":"2025-10-29T14:52:32","guid":{"rendered":"https:\/\/cdnoticias.com\/?p=186485"},"modified":"2025-10-29T11:52:34","modified_gmt":"2025-10-29T14:52:34","slug":"diego-santilli-toma-impulso-para-2027-me-gustaria-ser-gobernador","status":"publish","type":"post","link":"https:\/\/cdnoticias.com\/index.php\/2025\/10\/29\/diego-santilli-toma-impulso-para-2027-me-gustaria-ser-gobernador\/","title":{"rendered":"Diego Santilli toma impulso para 2027: &#8220;Me gustar\u00eda ser gobernador&#8221;"},"content":{"rendered":"<p>El diputado nacional, quien viene de ganar las elecciones bonaerenses, ya piensa en ser una opci\u00f3n a la continuidad de Axel Kicillof.<!--more--><\/p>\n<hr \/>\n<p>Tras el <strong>espaldarazo que recibi\u00f3 La Libertad Avanza<\/strong> en las urnas el pasado domingo, <strong>Diego Santilli, quien renov\u00f3 su banca a diputado nacional<\/strong>, ya puso en marcha su <strong>carrera hacia 2027<\/strong> y asegur\u00f3, sin vueltas, que le gustar\u00eda ser gobernador por la provincia de Buenos Aires.<\/p>\n<blockquote><p>Santilli, quien ya intent\u00f3 esa gesta hace dos a\u00f1os pero perdi\u00f3 la interna del PRO con N\u00e9stor Grindetti, reconoci\u00f3 que tiene como objetivo ser el sucesor de Axel Kicillof, algo que ven con buenos ojos desde el macrismo pero con cierta distancia de las filas libertarias. \u201cMe gustar\u00eda ser gobernador de la provincia de Buenos Aires. Me encanta, me motiva\u201d, afirm\u00f3.<\/p><\/blockquote>\n<p>En ese sentido, el legislador subray\u00f3 que su objetivo es <strong>llevar las ideas del cambio y las reformas<\/strong> al territorio que concentra m\u00e1s de un tercio del producto bruto del pa\u00eds y donde, seg\u00fan remarc\u00f3, tiene la<strong> oportunidad de \u201cgenerar trabajo, seguridad y desarrollo\u201d.<\/strong><\/p>\n<p>\u201cQuiero llevar estas reformas, estas ideas del cambio, a la provincia de Buenos Aires, porque tiene todo: 38% de la poblaci\u00f3n, 35% del producto bruto interno, l\u00edder en cabeza de ganado, en soja, en trigo, en industria. Los principales puertos de salida de cereales, el segundo polo petroqu\u00edmico de Latinoam\u00e9rica. <strong>Esa provincia tiene el potencial de generar empleo, mejorar la calidad de vida y avanzar en seguridad. Esa pelea me gusta darla\u201d<\/strong>, expres\u00f3 en di\u00e1logo con Infobae en Vivo.<\/p>\n<p><img data-recalc-dims=\"1\" loading=\"lazy\" decoding=\"async\" class=\"alignnone size-full wp-image-186486 aligncenter\" src=\"https:\/\/i0.wp.com\/cdnoticias.com\/wp-content\/uploads\/2025\/10\/santilli-milei-1.jpg?resize=800%2C446&#038;ssl=1\" alt=\"\" width=\"800\" height=\"446\" srcset=\"https:\/\/i0.wp.com\/cdnoticias.com\/wp-content\/uploads\/2025\/10\/santilli-milei-1.jpg?w=1000&amp;ssl=1 1000w, https:\/\/i0.wp.com\/cdnoticias.com\/wp-content\/uploads\/2025\/10\/santilli-milei-1.jpg?resize=300%2C167&amp;ssl=1 300w, https:\/\/i0.wp.com\/cdnoticias.com\/wp-content\/uploads\/2025\/10\/santilli-milei-1.jpg?resize=768%2C428&amp;ssl=1 768w, https:\/\/i0.wp.com\/cdnoticias.com\/wp-content\/uploads\/2025\/10\/santilli-milei-1.jpg?resize=800%2C445&amp;ssl=1 800w\" sizes=\"auto, (max-width: 800px) 100vw, 800px\" \/><\/p>\n<h3>El candidato del PRO<\/h3>\n<p>Ya durante los festejos del domingo por la noche, tras conocerse los resultados de las elecciones, <strong>Cristian Ritondo postul\u00f3 a Santilli como candidato de su espacio para 2027<\/strong> y as\u00ed volver a tener el control del territorio que le perteneci\u00f3 a Mar\u00eda Eugenia Vidal en el per\u00edodo de 2015 a 2019. <strong>\u201cEs nuestro candidato a gobernador de la Provincia&#8221;, afirm\u00f3 Ritondo<\/strong> en medio de la celebraci\u00f3n del bunker libertario.<\/p>\n<p>Esta idea del PRO, socio minoritario de LLA,<strong> choca en parte con la idea que ten\u00eda Karina Milei y su sector<\/strong>, al menos hasta antes del domingo. Es que ca\u00edda en desgracia la figura de Jos\u00e9 Luis Espert (quien tampoco era del agrado karinista), la fuerza violeta deber\u00e1 generar una figura de cara a 2027.<\/p>\n<p><strong>La candidata en 2023 de este espacio fue Carolina Piparo<\/strong>, de idas y vueltas en la relaci\u00f3n con Javier Milei. La actual diputada sac\u00f3 24,5% de los votos, apenas por debajo de Grindetti con 26,6%, y lejos de Kicillof que se impuso con 44,9%.<\/p>\n<p>Ahora,<strong> todo indica que LLA y el PRO conformaron una alianza que se mantendr\u00e1 en 2027<\/strong> para intentar ganar la provincia. \u201cEsta fue una alianza buena, trabajosa y exitosa, que hay que sostener y fortalecer. <strong>El error de 2023 fue la divisi\u00f3n. Hay que evitar que el electorado del cambio se disperse\u201d<\/strong>, dijo Santilli. Y cerr\u00f3: <strong>\u201cLa provincia de Buenos Aires tiene todos los recursos para salir adelante.<\/strong> Me motiva liderar ese proceso y pelear para que genere m\u00e1s trabajo, mayor seguridad y una vida mejor para todos\u201d.<\/p>\n<p>Fuente: <em>Agencia DIB<\/em><\/p>\n","protected":false},"excerpt":{"rendered":"<p>El diputado nacional, quien viene de ganar las elecciones bonaerenses, ya piensa en ser una opci\u00f3n a la continuidad de<\/p>\n","protected":false},"author":4,"featured_media":184900,"comment_status":"closed","ping_status":"closed","sticky":false,"template":"","format":"standard","meta":{"_jetpack_memberships_contains_paid_content":false,"footnotes":""},"categories":[4,1],"tags":[],"class_list":["post-186485","post","type-post","status-publish","format-standard","has-post-thumbnail","hentry","category-politica","category-portada"],"jetpack_featured_media_url":"https:\/\/i0.wp.com\/cdnoticias.com\/wp-content\/uploads\/2025\/10\/santilli-milei-e1760211013452.jpg?fit=1359%2C754&ssl=1","jetpack_sharing_enabled":true,"_links":{"self":[{"href":"https:\/\/cdnoticias.com\/index.php\/wp-json\/wp\/v2\/posts\/186485","targetHints":{"allow":["GET"]}}],"collection":[{"href":"https:\/\/cdnoticias.com\/index.php\/wp-json\/wp\/v2\/posts"}],"about":[{"href":"https:\/\/cdnoticias.com\/index.php\/wp-json\/wp\/v2\/types\/post"}],"author":[{"embeddable":true,"href":"https:\/\/cdnoticias.com\/index.php\/wp-json\/wp\/v2\/users\/4"}],"replies":[{"embeddable":true,"href":"https:\/\/cdnoticias.com\/index.php\/wp-json\/wp\/v2\/comments?post=186485"}],"version-history":[{"count":0,"href":"https:\/\/cdnoticias.com\/index.php\/wp-json\/wp\/v2\/posts\/186485\/revisions"}],"wp:featuredmedia":[{"embeddable":true,"href":"https:\/\/cdnoticias.com\/index.php\/wp-json\/wp\/v2\/media\/184900"}],"wp:attachment":[{"href":"https:\/\/cdnoticias.com\/index.php\/wp-json\/wp\/v2\/media?parent=186485"}],"wp:term":[{"taxonomy":"category","embeddable":true,"href":"https:\/\/cdnoticias.com\/index.php\/wp-json\/wp\/v2\/categories?post=186485"},{"taxonomy":"post_tag","embeddable":true,"href":"https:\/\/cdnoticias.com\/index.php\/wp-json\/wp\/v2\/tags?post=186485"}],"curies":[{"name":"wp","href":"https:\/\/api.w.org\/{rel}","templated":true}]}}