{"id":186483,"date":"2025-10-29T10:08:47","date_gmt":"2025-10-29T13:08:47","guid":{"rendered":"https:\/\/cdnoticias.com\/?p=186483"},"modified":"2025-10-29T15:06:14","modified_gmt":"2025-10-29T18:06:14","slug":"avanza-la-normalizacion-de-la-asociacion-civil-fiesta-de-reyes-magos-cristo-rey","status":"publish","type":"post","link":"https:\/\/cdnoticias.com\/index.php\/2025\/10\/29\/avanza-la-normalizacion-de-la-asociacion-civil-fiesta-de-reyes-magos-cristo-rey\/","title":{"rendered":"Avanza la normalizaci\u00f3n de la Asociaci\u00f3n Civil Fiesta de Reyes Magos Cristo Rey"},"content":{"rendered":"<p>Se convoc\u00f3 a la asamblea que se realizar\u00e1 el 26 de noviembre. Este viernes vence el plazo para presentar listas para la conducci\u00f3n.<!--more--><\/p>\n<hr \/>\n<p>Tras los <a href=\"https:\/\/cdnoticias.com\/index.php\/2025\/01\/07\/fiesta-de-reyes-el-proceso-de-normalizacion-de-la-personeria-juridica-llego-a-su-fin\/\" target=\"_blank\" rel=\"noopener\">cruces suscitados entre vecinos de Sierras Bayas<\/a> por la<strong> conducci\u00f3n de la Asociaci\u00f3n Civil Fiesta de Reyes Magos Cristo Rey<\/strong>, el mes que viene <strong>se elegir\u00e1n autoridades<\/strong>. Cabe recordar que <a href=\"https:\/\/cdnoticias.com\/index.php\/2025\/08\/08\/cambio-de-domicilio-para-el-empadronamiento-de-la-asociacion-civil-fiesta-de-reyes-magos-cristo-rey\/\" target=\"_blank\" rel=\"noopener\">se desarrolla el proceso de normalizaci\u00f3n de la entidad<\/a>.<\/p>\n<p>\u00a0<\/p>\n<blockquote>\n<p>En ese sentido, se inform\u00f3 que la Comisi\u00f3n Normalizadora de la Asociaci\u00f3n Civil Fiesta de Reyes Magos Cristo Rey record\u00f3 a sus socios que se llevar\u00e1 a cabo la Asamblea General Ordinaria el 26 de noviembre de 2025 a las 18 horas \u2013 primer llamado \u2013 y 19:00 horas \u2013 segundo llamado \u2013 en la sede de Julio Roca 2443 de Sierras Bayas.<\/p>\n<\/blockquote>\n<p>\u00a0<\/p>\n<p>Para participar de la asamblea,<strong> los asistentes deber\u00e1n contar con la cuota al d\u00eda<\/strong> al mes de noviembre. As\u00ed <strong>podr\u00e1n \u201ctener voz y voto o para cubrir un cargo electivo, pudiendo en esta oportunidad solo participar los 365 empadronados\u201d<\/strong> se detall\u00f3.<\/p>\n<p>\u00a0<\/p>\n<p>Se encuentra a disposici\u00f3n para<strong> tomar vista<\/strong>: convocatoria, padr\u00f3n de socios, copia de estatuto social, modelo de listas, copias de los ejemplares de la Memoria, Inventario, Balance General, Cuadro de Gastos y Recursos e Informe de la Comisi\u00f3n Revisora de Cuentas de la totalidad de los a\u00f1os a tratar.<\/p>\n<p>\u00a0<\/p>\n<blockquote>\n<p>En ese marco, se destac\u00f3 que este viernes es la fecha l\u00edmite para la presentaci\u00f3n de listas de candidatos a la conducci\u00f3n de 18 a 20 horas en la misma sede.<\/p>\n<\/blockquote>\n<p>\u00a0<\/p>\n<p>Para dar cumplimiento a todo lo mencionado se estableci\u00f3 que <strong>los socios podr\u00e1n acercarse:<\/strong><\/p>\n<p>\u00a0<\/p>\n<p>-Turno ma\u00f1ana: los d\u00edas 23 y 24 de octubre, el 3, 5, 7, 12 y 14 de noviembre de 9 a 11 hs.<\/p>\n<p>-Turno tarde: los d\u00edas 27, 29 y 31 de octubre, y 10, 17 y 19 de noviembre de 18 a 20 hs.<\/p>\n<p>\u00a0<\/p>\n<p><blockquote class=\"wp-embedded-content\" data-secret=\"yGCozvRrTp\"><a href=\"https:\/\/cdnoticias.com\/index.php\/2025\/01\/07\/fiesta-de-reyes-el-proceso-de-normalizacion-de-la-personeria-juridica-llego-a-su-fin\/\">Fiesta de Reyes: \u201cEl proceso de normalizaci\u00f3n de la personer\u00eda jur\u00eddica lleg\u00f3 a su fin\u201d<\/a><\/blockquote><iframe loading=\"lazy\" class=\"wp-embedded-content\" sandbox=\"allow-scripts\" security=\"restricted\" style=\"position: absolute; visibility: hidden;\" title=\"&#8220;Fiesta de Reyes: \u201cEl proceso de normalizaci\u00f3n de la personer\u00eda jur\u00eddica lleg\u00f3 a su fin\u201d&#8221; &#8212; Central de Noticias | Olavarr\u00eda\" src=\"https:\/\/cdnoticias.com\/index.php\/2025\/01\/07\/fiesta-de-reyes-el-proceso-de-normalizacion-de-la-personeria-juridica-llego-a-su-fin\/embed\/#?secret=7oLqyu7G4m#?secret=yGCozvRrTp\" data-secret=\"yGCozvRrTp\" width=\"600\" height=\"338\" frameborder=\"0\" marginwidth=\"0\" marginheight=\"0\" scrolling=\"no\"><\/iframe><\/p>\n<p><blockquote class=\"wp-embedded-content\" data-secret=\"3TewzOgRDN\"><a href=\"https:\/\/cdnoticias.com\/index.php\/2025\/01\/06\/mas-de-30-mil-personas-participaron-de-la-fiesta-de-los-reyes-en-sierras-bayas\/\">M\u00e1s de 30 mil personas participaron de la \u201cFiesta de Reyes\u201d en Sierras Bayas<\/a><\/blockquote><iframe loading=\"lazy\" class=\"wp-embedded-content\" sandbox=\"allow-scripts\" security=\"restricted\" style=\"position: absolute; visibility: hidden;\" title=\"&#8220;M\u00e1s de 30 mil personas participaron de la \u201cFiesta de Reyes\u201d en Sierras Bayas&#8221; &#8212; Central de Noticias | Olavarr\u00eda\" src=\"https:\/\/cdnoticias.com\/index.php\/2025\/01\/06\/mas-de-30-mil-personas-participaron-de-la-fiesta-de-los-reyes-en-sierras-bayas\/embed\/#?secret=PkUz3Uzs0k#?secret=3TewzOgRDN\" data-secret=\"3TewzOgRDN\" width=\"600\" height=\"338\" frameborder=\"0\" marginwidth=\"0\" marginheight=\"0\" scrolling=\"no\"><\/iframe><\/p>\n\n\n<p><\/p>\n","protected":false},"excerpt":{"rendered":"<p>Se convoc\u00f3 a la asamblea que se realizar\u00e1 el 26 de noviembre. Este viernes vence el plazo para presentar listas<\/p>\n","protected":false},"author":4,"featured_media":10452,"comment_status":"closed","ping_status":"closed","sticky":false,"template":"","format":"standard","meta":{"_jetpack_memberships_contains_paid_content":false,"footnotes":""},"categories":[5,1],"tags":[],"class_list":["post-186483","post","type-post","status-publish","format-standard","has-post-thumbnail","hentry","category-informacion-general","category-portada"],"jetpack_featured_media_url":"https:\/\/i0.wp.com\/cdnoticias.com\/wp-content\/uploads\/2021\/01\/reyes-sierras-bayas01.jpg?fit=800%2C445&ssl=1","jetpack_sharing_enabled":true,"_links":{"self":[{"href":"https:\/\/cdnoticias.com\/index.php\/wp-json\/wp\/v2\/posts\/186483","targetHints":{"allow":["GET"]}}],"collection":[{"href":"https:\/\/cdnoticias.com\/index.php\/wp-json\/wp\/v2\/posts"}],"about":[{"href":"https:\/\/cdnoticias.com\/index.php\/wp-json\/wp\/v2\/types\/post"}],"author":[{"embeddable":true,"href":"https:\/\/cdnoticias.com\/index.php\/wp-json\/wp\/v2\/users\/4"}],"replies":[{"embeddable":true,"href":"https:\/\/cdnoticias.com\/index.php\/wp-json\/wp\/v2\/comments?post=186483"}],"version-history":[{"count":0,"href":"https:\/\/cdnoticias.com\/index.php\/wp-json\/wp\/v2\/posts\/186483\/revisions"}],"wp:featuredmedia":[{"embeddable":true,"href":"https:\/\/cdnoticias.com\/index.php\/wp-json\/wp\/v2\/media\/10452"}],"wp:attachment":[{"href":"https:\/\/cdnoticias.com\/index.php\/wp-json\/wp\/v2\/media?parent=186483"}],"wp:term":[{"taxonomy":"category","embeddable":true,"href":"https:\/\/cdnoticias.com\/index.php\/wp-json\/wp\/v2\/categories?post=186483"},{"taxonomy":"post_tag","embeddable":true,"href":"https:\/\/cdnoticias.com\/index.php\/wp-json\/wp\/v2\/tags?post=186483"}],"curies":[{"name":"wp","href":"https:\/\/api.w.org\/{rel}","templated":true}]}}