{"id":186460,"date":"2025-10-28T20:51:51","date_gmt":"2025-10-28T23:51:51","guid":{"rendered":"https:\/\/cdnoticias.com\/?p=186460"},"modified":"2025-10-29T09:49:41","modified_gmt":"2025-10-29T12:49:41","slug":"buscan-a-un-hombre-desaparecido-desde-el-viernes-en-olavarria","status":"publish","type":"post","link":"https:\/\/cdnoticias.com\/index.php\/2025\/10\/28\/buscan-a-un-hombre-desaparecido-desde-el-viernes-en-olavarria\/","title":{"rendered":"Buscan a un hombre desaparecido desde el viernes en Olavarr\u00eda"},"content":{"rendered":"\n<p>Se ausent\u00f3 de su domicilio en Del Valle y Funes el viernes por la tarde. Piden colaboraci\u00f3n a la comunidad para aportar informaci\u00f3n sobre su paradero.<\/p>\n\n\n\n<hr class=\"wp-block-separator aligncenter has-alpha-channel-opacity\"\/>\n\n\n\n<p>Desde la SubDDI Olavarr\u00eda solicitaron la colaboraci\u00f3n de la comunidad para<strong> dar con el paradero de Ricardo Ismael Blanco, quien se ausent\u00f3 de su domicilio ubicado en Av. Del Valle y Funes el viernes 24 de octubre por la tarde.<\/strong><\/p>\n\n\n\n<blockquote class=\"wp-block-quote is-layout-flow wp-block-quote-is-layout-flow\">\n<p>Blanco tiene contextura robusta, tez trigue\u00f1a y mide aproximadamente 1,60 metros de altura. Posee cabello oscuro entrecano, una cicatriz en el p\u00f3mulo derecho y un tatuaje en el brazo izquierdo con la inscripci\u00f3n \u201cANTONELLA\u201d.<\/p>\n<\/blockquote>\n\n\n\n<p>Al momento de ausentarse<strong> vest\u00eda un buzo gris, pantal\u00f3n de jeans oscuro y zapatillas claras desgastadas.<\/strong><\/p>\n\n\n\n<p>Desde la SubDDI Olavarr\u00eda solicitaron que cualquier informaci\u00f3n que pueda contribuir a su localizaci\u00f3n sea comunicada de inmediato a los <strong>siguientes tel\u00e9fonos:<\/strong><\/p>\n\n\n\n<p><\/p>\n\n\n\n<ul class=\"wp-block-list\">\n<li>911<\/li>\n\n\n\n<li>SubDDI Olavarr\u00eda: (02284) 431065 \/ 431062<\/li>\n\n\n\n<li>Comando de Patrullas: (2284) 482244<\/li>\n\n\n\n<li>Comisar\u00eda Segunda: (02284) 422055<\/li>\n<\/ul>\n","protected":false},"excerpt":{"rendered":"<p>Se ausent\u00f3 de su domicilio en Del Valle y Funes el viernes por la tarde. Piden colaboraci\u00f3n a la comunidad<\/p>\n","protected":false},"author":2,"featured_media":186461,"comment_status":"closed","ping_status":"closed","sticky":false,"template":"","format":"standard","meta":{"_jetpack_memberships_contains_paid_content":false,"footnotes":""},"categories":[14],"tags":[],"class_list":["post-186460","post","type-post","status-publish","format-standard","has-post-thumbnail","hentry","category-policiales"],"jetpack_featured_media_url":"https:\/\/i0.wp.com\/cdnoticias.com\/wp-content\/uploads\/2025\/10\/hombre-buscado-olavarria1.jpg?fit=800%2C445&ssl=1","jetpack_sharing_enabled":true,"_links":{"self":[{"href":"https:\/\/cdnoticias.com\/index.php\/wp-json\/wp\/v2\/posts\/186460","targetHints":{"allow":["GET"]}}],"collection":[{"href":"https:\/\/cdnoticias.com\/index.php\/wp-json\/wp\/v2\/posts"}],"about":[{"href":"https:\/\/cdnoticias.com\/index.php\/wp-json\/wp\/v2\/types\/post"}],"author":[{"embeddable":true,"href":"https:\/\/cdnoticias.com\/index.php\/wp-json\/wp\/v2\/users\/2"}],"replies":[{"embeddable":true,"href":"https:\/\/cdnoticias.com\/index.php\/wp-json\/wp\/v2\/comments?post=186460"}],"version-history":[{"count":0,"href":"https:\/\/cdnoticias.com\/index.php\/wp-json\/wp\/v2\/posts\/186460\/revisions"}],"wp:featuredmedia":[{"embeddable":true,"href":"https:\/\/cdnoticias.com\/index.php\/wp-json\/wp\/v2\/media\/186461"}],"wp:attachment":[{"href":"https:\/\/cdnoticias.com\/index.php\/wp-json\/wp\/v2\/media?parent=186460"}],"wp:term":[{"taxonomy":"category","embeddable":true,"href":"https:\/\/cdnoticias.com\/index.php\/wp-json\/wp\/v2\/categories?post=186460"},{"taxonomy":"post_tag","embeddable":true,"href":"https:\/\/cdnoticias.com\/index.php\/wp-json\/wp\/v2\/tags?post=186460"}],"curies":[{"name":"wp","href":"https:\/\/api.w.org\/{rel}","templated":true}]}}