{"id":186443,"date":"2025-10-28T19:40:27","date_gmt":"2025-10-28T22:40:27","guid":{"rendered":"https:\/\/cdnoticias.com\/?p=186443"},"modified":"2025-10-28T19:59:57","modified_gmt":"2025-10-28T22:59:57","slug":"avanza-en-olavarria-el-analisis-de-situacion-integral-de-salud-con-el-inicio-del-trabajo-de-campo","status":"publish","type":"post","link":"https:\/\/cdnoticias.com\/index.php\/2025\/10\/28\/avanza-en-olavarria-el-analisis-de-situacion-integral-de-salud-con-el-inicio-del-trabajo-de-campo\/","title":{"rendered":"Avanza en Olavarr\u00eda el An\u00e1lisis de Situaci\u00f3n Integral de Salud con el inicio del trabajo de campo"},"content":{"rendered":"\n<p>Equipos de salud comenzaron este lunes las encuestas en territorio para elaborar un diagn\u00f3stico sanitario del Partido. El informe final se conocer\u00e1 entre marzo y abril.<\/p>\n\n\n\n<hr class=\"wp-block-separator aligncenter has-alpha-channel-opacity\"\/>\n\n\n\n<p>El <strong>Municipio de Olavarr\u00eda contin\u00faa con la implementaci\u00f3n del An\u00e1lisis de Situaci\u00f3n Integral de Salud (ASIS),<\/strong> proyecto coordinado por la Subsecretar\u00eda de Atenci\u00f3n Primaria que busca profundizar el conocimiento sobre el perfil sanitario de la comunidad mediante la recolecci\u00f3n sistem\u00e1tica de datos.<\/p>\n\n\n\n<blockquote class=\"wp-block-quote is-layout-flow wp-block-quote-is-layout-flow\">\n<p>Se trata de una herramienta que permite obtener informaci\u00f3n real sobre el proceso de salud-enfermedad en el Partido, con un enfoque comunitario e integral. A partir de esos hallazgos, se trabajar\u00e1n l\u00edneas espec\u00edficas y pol\u00edticas p\u00fablicas orientadas a las problem\u00e1ticas detectadas en territorio.<\/p>\n<\/blockquote>\n\n\n\n<p><strong>El an\u00e1lisis se nutrir\u00e1 de los aportes de los 27 CAPS, desde donde se articula el trabajo operativo. Este lunes comenz\u00f3 la salida a campo por parte de los equipos encargados de la toma de datos, <\/strong>conformados por personal de salud municipal, estudiantes de medicina y enfermer\u00eda de la Facultad de Ciencias de la Salud de la UNICEN, promotores de salud y residentes de Medicina General y Epidemiolog\u00eda.<strong> Cada \u00e1rea program\u00e1tica cuenta con un equipo espec\u00edfico para realizar las encuestas, mientras que el \u00e1rea de Epidemiolog\u00eda se encarga de completar esquemas de vacunaci\u00f3n cuando corresponde.<\/strong><\/p>\n\n\n\n<figure class=\"wp-block-image size-large\"><img data-recalc-dims=\"1\" loading=\"lazy\" decoding=\"async\" width=\"800\" height=\"600\" src=\"https:\/\/i0.wp.com\/cdnoticias.com\/wp-content\/uploads\/2025\/10\/ASIS-4-1.jpeg?resize=800%2C600&#038;ssl=1\" alt=\"\" class=\"wp-image-186447\" srcset=\"https:\/\/i0.wp.com\/cdnoticias.com\/wp-content\/uploads\/2025\/10\/ASIS-4-1.jpeg?resize=1024%2C768&amp;ssl=1 1024w, https:\/\/i0.wp.com\/cdnoticias.com\/wp-content\/uploads\/2025\/10\/ASIS-4-1.jpeg?resize=300%2C225&amp;ssl=1 300w, https:\/\/i0.wp.com\/cdnoticias.com\/wp-content\/uploads\/2025\/10\/ASIS-4-1.jpeg?resize=768%2C576&amp;ssl=1 768w, https:\/\/i0.wp.com\/cdnoticias.com\/wp-content\/uploads\/2025\/10\/ASIS-4-1.jpeg?resize=1536%2C1152&amp;ssl=1 1536w, https:\/\/i0.wp.com\/cdnoticias.com\/wp-content\/uploads\/2025\/10\/ASIS-4-1.jpeg?w=1600&amp;ssl=1 1600w\" sizes=\"auto, (max-width: 800px) 100vw, 800px\" \/><\/figure>\n\n\n\n<p><strong>Los encuestadores est\u00e1n debidamente identificados y recorren los barrios de acuerdo con un cronograma preestablecido. <\/strong>Desde el Municipio remarcaron la importancia de la colaboraci\u00f3n de vecinos y vecinas para responder el relevamiento, que es an\u00f3nimo y no demora m\u00e1s de diez minutos.<\/p>\n\n\n\n<p><strong>Una vez finalizada la recolecci\u00f3n, en diciembre se procesar\u00e1n los datos con el respaldo del \u00e1rea de Planificaci\u00f3n.<\/strong> Adem\u00e1s, la Subsecretar\u00eda de APS realizar\u00e1 encuestas a informantes clave de cada \u00e1rea program\u00e1tica. En enero se triangular\u00e1n los resultados del relevamiento, los datos censales y los aportes de referentes para elaborar un informe final que describir\u00e1 la situaci\u00f3n integral de salud del Partido.<\/p>\n\n\n\n<figure class=\"wp-block-image size-large\"><img data-recalc-dims=\"1\" loading=\"lazy\" decoding=\"async\" width=\"800\" height=\"600\" src=\"https:\/\/i0.wp.com\/cdnoticias.com\/wp-content\/uploads\/2025\/10\/ASIS-2-1.jpeg?resize=800%2C600&#038;ssl=1\" alt=\"\" class=\"wp-image-186445\" srcset=\"https:\/\/i0.wp.com\/cdnoticias.com\/wp-content\/uploads\/2025\/10\/ASIS-2-1.jpeg?resize=1024%2C768&amp;ssl=1 1024w, https:\/\/i0.wp.com\/cdnoticias.com\/wp-content\/uploads\/2025\/10\/ASIS-2-1.jpeg?resize=300%2C225&amp;ssl=1 300w, https:\/\/i0.wp.com\/cdnoticias.com\/wp-content\/uploads\/2025\/10\/ASIS-2-1.jpeg?resize=768%2C576&amp;ssl=1 768w, https:\/\/i0.wp.com\/cdnoticias.com\/wp-content\/uploads\/2025\/10\/ASIS-2-1.jpeg?resize=1536%2C1152&amp;ssl=1 1536w, https:\/\/i0.wp.com\/cdnoticias.com\/wp-content\/uploads\/2025\/10\/ASIS-2-1.jpeg?w=1600&amp;ssl=1 1600w\" sizes=\"auto, (max-width: 800px) 100vw, 800px\" \/><\/figure>\n\n\n\n<p><strong>La socializaci\u00f3n del documento est\u00e1 prevista para marzo o abril.<\/strong> All\u00ed se comunicar\u00e1n las principales problem\u00e1ticas identificadas, que se transformar\u00e1n en nuevos objetivos de trabajo. Cada \u00e1rea program\u00e1tica recibir\u00e1 su informe espec\u00edfico para dise\u00f1ar estrategias basadas en las necesidades de cada barrio, y los resultados tambi\u00e9n ser\u00e1n presentados en las mesas de gesti\u00f3n territorial.<\/p>\n\n\n\n<p>El desarrollo del ASIS se lleva adelante en etapas con encuentros quincenales que re\u00fanen a actores sociales de cada territorio, trabajadores de APS y el equipo de Planificaci\u00f3n estrat\u00e9gica municipal. <strong>Las primeras cuatro fases ya fueron completadas: la construcci\u00f3n y revisi\u00f3n del instrumento de recolecci\u00f3n, los aportes de los equipos de salud, la prueba piloto con su protocolo de abordaje y el dise\u00f1o del muestreo que define el n\u00famero m\u00ednimo significativo de poblaci\u00f3n.<\/strong><\/p>\n","protected":false},"excerpt":{"rendered":"<p>Equipos de salud comenzaron este lunes las encuestas en territorio para elaborar un diagn\u00f3stico sanitario del Partido. El informe final<\/p>\n","protected":false},"author":2,"featured_media":186444,"comment_status":"closed","ping_status":"closed","sticky":false,"template":"","format":"standard","meta":{"_jetpack_memberships_contains_paid_content":false,"footnotes":""},"categories":[5,1],"tags":[],"class_list":["post-186443","post","type-post","status-publish","format-standard","has-post-thumbnail","hentry","category-informacion-general","category-portada"],"jetpack_featured_media_url":"https:\/\/i0.wp.com\/cdnoticias.com\/wp-content\/uploads\/2025\/10\/ASIS-1-1-e1761691199711.jpeg?fit=1600%2C853&ssl=1","jetpack_sharing_enabled":true,"_links":{"self":[{"href":"https:\/\/cdnoticias.com\/index.php\/wp-json\/wp\/v2\/posts\/186443","targetHints":{"allow":["GET"]}}],"collection":[{"href":"https:\/\/cdnoticias.com\/index.php\/wp-json\/wp\/v2\/posts"}],"about":[{"href":"https:\/\/cdnoticias.com\/index.php\/wp-json\/wp\/v2\/types\/post"}],"author":[{"embeddable":true,"href":"https:\/\/cdnoticias.com\/index.php\/wp-json\/wp\/v2\/users\/2"}],"replies":[{"embeddable":true,"href":"https:\/\/cdnoticias.com\/index.php\/wp-json\/wp\/v2\/comments?post=186443"}],"version-history":[{"count":0,"href":"https:\/\/cdnoticias.com\/index.php\/wp-json\/wp\/v2\/posts\/186443\/revisions"}],"wp:featuredmedia":[{"embeddable":true,"href":"https:\/\/cdnoticias.com\/index.php\/wp-json\/wp\/v2\/media\/186444"}],"wp:attachment":[{"href":"https:\/\/cdnoticias.com\/index.php\/wp-json\/wp\/v2\/media?parent=186443"}],"wp:term":[{"taxonomy":"category","embeddable":true,"href":"https:\/\/cdnoticias.com\/index.php\/wp-json\/wp\/v2\/categories?post=186443"},{"taxonomy":"post_tag","embeddable":true,"href":"https:\/\/cdnoticias.com\/index.php\/wp-json\/wp\/v2\/tags?post=186443"}],"curies":[{"name":"wp","href":"https:\/\/api.w.org\/{rel}","templated":true}]}}