{"id":186420,"date":"2025-10-28T20:28:36","date_gmt":"2025-10-28T23:28:36","guid":{"rendered":"https:\/\/cdnoticias.com\/?p=186420"},"modified":"2025-10-29T08:51:12","modified_gmt":"2025-10-29T11:51:12","slug":"este-ano-decidimos-adelantar-la-finalizacion-y-muestra-de-cierre-de-las-escuelas-municipales","status":"publish","type":"post","link":"https:\/\/cdnoticias.com\/index.php\/2025\/10\/28\/este-ano-decidimos-adelantar-la-finalizacion-y-muestra-de-cierre-de-las-escuelas-municipales\/","title":{"rendered":"\u201cEste a\u00f1o decidimos adelantar la finalizaci\u00f3n y muestra de cierre de las Escuelas Municipales\u201d\u00a0"},"content":{"rendered":"\n<p>La Subsecretaria de Cultura del Municipio, Sofia Ar\u00e9valo remarc\u00f3 la invitaci\u00f3n a la muestra de cierre de fin de a\u00f1o de las Escuelas Municipales de Art\u00edstica este viernes 31, s\u00e1bado 1 y domingo 2 de octubre.\u00a0Conoc\u00e9 el cronograma completo. <\/p>\n\n\n\n<hr class=\"wp-block-separator aligncenter has-alpha-channel-opacity\"\/>\n\n\n\n<p>Nuevamente, se llevar\u00e1 a cabo la <strong>muestra anual de las Escuelas Municipales de Art\u00edstica,<\/strong> que se desarrollar\u00e1 durante los d\u00edas <strong>viernes 31 de octubre, s\u00e1bado 1\u00ba y domingo 2 de noviembre, de 16:00 a 19:30 horas, en la Casa del Bicentenario.<\/strong><\/p>\n\n\n\n<p><\/p>\n\n\n\n<p>La muestra, denominada \u201c<strong>Abracemos Cultura\u201d<\/strong> contar\u00e1 con varios escenarios y la <strong>participaci\u00f3n de nueve escuelas<\/strong>: Escuela de Orfebrer\u00eda, Escuela de Danza, Escuela de M\u00fasica, Escuela de Teatro, Escuela de Ajedrez, Escuela de Cer\u00e1mica, Escuela de Arte Integrada, Escuela Art\u00edstica de Sierras Bayas y Escuela de Cer\u00e1mica de Sierras Bayas.\u00a0<\/p>\n\n\n\n<p><\/p>\n\n\n\n<p><em>Central de Noticias<\/em> dialog\u00f3 con<strong> la Subsecretaria de Cultura del Municipio, Sofia Ar\u00e9valo, <\/strong>quien resalt\u00f3 la invitaci\u00f3n a la jornada y explic\u00f3 que \u201c<em>es un trabajo en conjunto que venimos organizando desde principios del a\u00f1o con la direcci\u00f3n en Diego Lurbe, que es nuestro director de las Escuelas Municipales\u201d<\/em>.\u00a0<\/p>\n\n\n\n<p><\/p>\n\n\n\n<blockquote class=\"wp-block-quote is-layout-flow wp-block-quote-is-layout-flow\">\n<p>\u201cEste a\u00f1o decidimos adelantar la finalizaci\u00f3n y muestra de cierre de las escuelas, porque si no se nos juntaba todo al final con otros cierres de escuelas, cenas de fin de a\u00f1o entre otros eventos\u201d expres\u00f3 Arevalo.\u00a0<\/p>\n<\/blockquote>\n\n\n\n<p><\/p>\n\n\n\n<figure class=\"wp-block-image aligncenter size-full\"><img data-recalc-dims=\"1\" loading=\"lazy\" decoding=\"async\" width=\"800\" height=\"532\" src=\"https:\/\/i0.wp.com\/cdnoticias.com\/wp-content\/uploads\/2025\/10\/escuelas-municipales2.jpg?resize=800%2C532&#038;ssl=1\" alt=\"\" class=\"wp-image-186428\" srcset=\"https:\/\/i0.wp.com\/cdnoticias.com\/wp-content\/uploads\/2025\/10\/escuelas-municipales2.jpg?w=900&amp;ssl=1 900w, https:\/\/i0.wp.com\/cdnoticias.com\/wp-content\/uploads\/2025\/10\/escuelas-municipales2.jpg?resize=300%2C199&amp;ssl=1 300w, https:\/\/i0.wp.com\/cdnoticias.com\/wp-content\/uploads\/2025\/10\/escuelas-municipales2.jpg?resize=768%2C510&amp;ssl=1 768w, https:\/\/i0.wp.com\/cdnoticias.com\/wp-content\/uploads\/2025\/10\/escuelas-municipales2.jpg?resize=272%2C182&amp;ssl=1 272w\" sizes=\"auto, (max-width: 800px) 100vw, 800px\" \/><\/figure>\n\n\n\n<p><\/p>\n\n\n\n<p>Asimismo, agreg\u00f3: \u201cTomamos la decisi\u00f3n con los coordinadores de poder adelantar esta muestra este fin de semana, que es el fin de octubre y principio de noviembre <strong>por una cuesti\u00f3n tambi\u00e9n organizativa de las escuelas<\/strong> que despu\u00e9s contin\u00faan con las clases pero que ayuda a la docencia y a los alumnos a dar un cierre en este ciclo lectivo\u201d.\u00a0<\/p>\n\n\n\n<p><\/p>\n\n\n\n<p>\u201cLa idea es que tanto viernes, s\u00e1bado y domingo <strong>todas las escuelas est\u00e9n presentes dentro del cierre con distintas actividades<\/strong>. Hay algunas escuelas que tienen algo m\u00e1s est\u00e1tico como el trabajo de la Escuela de Orfebrer\u00eda, que van a estar con mesas mostrando trabajos que hicieron y trabajos en vivo de lo que se est\u00e1 realizando. Lo mismo pasa con la Escuela de Artes Pl\u00e1sticas que van a estar ah\u00ed tambi\u00e9n mostrando lo que vienen haciendo con actividades al aire libre y de igual modo la Escuela de Cer\u00e1mica\u201d cont\u00f3.\u00a0<\/p>\n\n\n\n<p><\/p>\n\n\n\n<p><em>\u201cDespu\u00e9s tenemos dividido entre los tres d\u00edas lo que es la Escuela de Danza, la Escuela de M\u00fasica y los talleres de teatro. Dentro de la Casa del Bicentenario va a haber una muestra tambi\u00e9n de lo que es Orfebrer\u00eda, de lo que es Pl\u00e1stica y de lo que es nuestra Escuela Literaria Alfonsina que tambi\u00e9n va a estar realizando actividades fijas\u201d <\/em>sostuvo Ar\u00e9valo.\u00a0<\/p>\n\n\n\n<p><\/p>\n\n\n\n<blockquote class=\"wp-block-quote is-layout-flow wp-block-quote-is-layout-flow\">\n<p>El principal objetivo de las Escuelas Municipales es \u201cmostrar lo que han ido aprendiendo y un poco tambi\u00e9n mostrarle al p\u00fablico. Tambi\u00e9n es una manera de captar a nuevos estudiantes para el a\u00f1o que viene. Los docentes y coordinadores est\u00e1n buscando eso\u201d remarc\u00f3 la subsecretaria de Cultura.\u00a0\u00a0<\/p>\n<\/blockquote>\n\n\n\n<p><\/p>\n\n\n\n<figure class=\"wp-block-image aligncenter size-full\"><img data-recalc-dims=\"1\" loading=\"lazy\" decoding=\"async\" width=\"800\" height=\"484\" src=\"https:\/\/i0.wp.com\/cdnoticias.com\/wp-content\/uploads\/2025\/10\/escuelas-municipales3.jpg?resize=800%2C484&#038;ssl=1\" alt=\"\" class=\"wp-image-186427\" srcset=\"https:\/\/i0.wp.com\/cdnoticias.com\/wp-content\/uploads\/2025\/10\/escuelas-municipales3.jpg?w=885&amp;ssl=1 885w, https:\/\/i0.wp.com\/cdnoticias.com\/wp-content\/uploads\/2025\/10\/escuelas-municipales3.jpg?resize=300%2C181&amp;ssl=1 300w, https:\/\/i0.wp.com\/cdnoticias.com\/wp-content\/uploads\/2025\/10\/escuelas-municipales3.jpg?resize=768%2C464&amp;ssl=1 768w\" sizes=\"auto, (max-width: 800px) 100vw, 800px\" \/><\/figure>\n\n\n\n<p><\/p>\n\n\n\n<p>En la misma l\u00ednea, agreg\u00f3: \u201cPor eso lo preparan de una manera en que sea <strong>atrapante para el p\u00fablico que se acerque<\/strong>, porque<strong> uno de los objetivos es poder redoblar lo que es ingresantes para el a\u00f1o que viene<\/strong> y que la comunidad vea c\u00f3mo se trabaja. A veces capaz uno va a anotarse y no sabe qu\u00e9 hay. Yendo a esta muestra van a <strong>saber las distintas actividades que hay y conocer a los distintos docentes para despejar dudas\u201d.\u00a0<\/strong><\/p>\n\n\n\n<p><\/p>\n\n\n\n<p><em>\u201cCreo que hoy en d\u00eda las Escuelas Municipales tienen muchos a\u00f1os funcionando pero tal vez algunas personas desconocen d\u00f3nde funcionan, qu\u00e9 m\u00e9todo tienen para anotarse, si tienen una cuota o no tienen una cuota, las dudas de si no me inscribo a principio de a\u00f1o ya me pierdo el a\u00f1o. En realidad te puedes inscribir en distintas instancias siempre que haya cupo y haya un docente que te pueda ense\u00f1ar. Est\u00e1 buena toda esta informaci\u00f3n que a veces se desconoce por no acercarse o por distintas cuestiones\u201d<\/em> se\u00f1al\u00f3 Ar\u00e9valo.\u00a0<\/p>\n\n\n\n<p><\/p>\n\n\n\n<p>Por \u00faltimo, en caso de lluvia la subsecretaria cont\u00f3 que \u201clo que est\u00e1 afuera, la idea es poder reprogramarlo en caso de lluvia. Hay un plan B para poder estar dentro del Bicentenario pero son varias escuelas as\u00ed que hay cosas que se van a poder adaptar adentro y otras que vamos a tener que pensar en la programaci\u00f3n en caso de tormentas\u201d.\u00a0<\/p>\n\n\n\n<p><\/p>\n\n\n\n<p><strong>Cronograma completo<\/strong><\/p>\n\n\n\n<p><\/p>\n\n\n\n<p><strong>Viernes 31 octubre<\/strong><\/p>\n\n\n\n<p>15:00 a 16:30 horas. Club de lectura para ni\u00f1os (sala interior anexa).<\/p>\n\n\n\n<p>16:00 horas. Muestra quieta habilitada (ala espacio interior).<\/p>\n\n\n\n<p>16:00 horas. Trabajo activo de Escuela de orfebrer\u00eda (per\u00edmetro exterior).<\/p>\n\n\n\n<p>16:00 horas. Talleres al paso Escuela de Artes Pl\u00e1sticas (per\u00edmetro exterior).<\/p>\n\n\n\n<p>16:00 horas. Taller al paso de dibujo infantil (per\u00edmetro exterior).<\/p>\n\n\n\n<p>16:00 horas. Intervenci\u00f3n Escuela de ajedrez (per\u00edmetro exterior).<\/p>\n\n\n\n<p>16:00 horas. Ensamble Escuela de Est\u00e9tica y Danza Hind\u00fa (per\u00edmetro exterior escalinatas).<\/p>\n\n\n\n<p>16:30 horas. Taller literario al paso (sala interior anexa).<\/p>\n\n\n\n<p>16:30 horas. Presentaci\u00f3n Danzas Folkl\u00f3ricas (escenario natural).<\/p>\n\n\n\n<p>16:40 horas. Presentaci\u00f3n Danzas \u00c1rabes (escenario natural).<\/p>\n\n\n\n<p>16:50 horas. Intervenci\u00f3n Danza Hind\u00fa (escenario natural).<\/p>\n\n\n\n<p>17:15 horas. Intervenci\u00f3n Taller risoterapia \u2013 \u201cBonito\u201d (escenario natural).<\/p>\n\n\n\n<p>18:00 horas. Clase abierta \u2013 Folklore recreativo.<\/p>\n\n\n\n<p>18:30 horas. Presentaci\u00f3n Ensambles de Rock \u2013 Escuela de M\u00fasica.<\/p>\n\n\n\n<p>19:20 horas. Presentaci\u00f3n Danzas Folkl\u00f3ricas.<\/p>\n\n\n\n<p><strong>S\u00e1bado 1\u00ba de noviembre<\/strong><\/p>\n\n\n\n<p>16:00 horas. Muestra quieta habilitada (ala espacio interior).<\/p>\n\n\n\n<p>16:00 horas. Trabajo activo de la Escuela de Orfebrer\u00eda (per\u00edmetro exterior).<\/p>\n\n\n\n<p>16:00 horas. Talleres al Paso Escuela de Artes Pl\u00e1sticas (per\u00edmetro exterior).<\/p>\n\n\n\n<p>16:00 horas. Taller al paso de dibujo infantil (per\u00edmetro exterior).<\/p>\n\n\n\n<p>16:00 horas. Intervenci\u00f3n Escuela de Ajedrez (per\u00edmetro exterior).<\/p>\n\n\n\n<p>16:00 horas Taller Literario al paso (sala interior anexa).<\/p>\n\n\n\n<p>16:00 horas. Presentaci\u00f3n Danza Jazz infantil (escenario natural).<\/p>\n\n\n\n<p>16:20 horas. Presentaci\u00f3n Danzas Folkl\u00f3ricas (escenario natural).<\/p>\n\n\n\n<p>17:10 horas. Escuela de Teatro\/ \u201cMomentos\u201d (escenario interior).<\/p>\n\n\n\n<p>17:50 horas. Presentaci\u00f3n Danzas Folkl\u00f3ricas (escenario natural).<\/p>\n\n\n\n<p>18:00 horas. Presentaci\u00f3n y clase abierta \u2013 Zumba.<\/p>\n\n\n\n<p>18:30 horas. Presentaci\u00f3n grupos \u201cVa de nuevo\u201d y \u201cFive o\u2019 clock\u201d \u2013 Escuela de M\u00fasica.<\/p>\n\n\n\n<p><strong>Domingo 2 de noviembre<\/strong><\/p>\n\n\n\n<p>16:00 horas. Muestra quieta habilitada (ala espacio interior).<\/p>\n\n\n\n<p>16:00 horas. Trabajo activo de la Escuela de Orfebrer\u00eda (per\u00edmetro exterior).<\/p>\n\n\n\n<p>16:00 horas. Talleres al paso Escuela de Artes Pl\u00e1sticas (per\u00edmetro exterior).<\/p>\n\n\n\n<p>16:00 horas. Taller al paso de Dibujo Infantil (per\u00edmetro exterior).<\/p>\n\n\n\n<p>16:00 horas. Intervenci\u00f3n Escuela de Ajedrez (per\u00edmetro exterior).<\/p>\n\n\n\n<p>16:00 horas. Taller Literario al paso (sala interior anexa).<\/p>\n\n\n\n<p>16:30 horas. Clase Abierta Danzas de Bachata y Salsa (escenario natural).<\/p>\n\n\n\n<p>17:00 horas. Escuela de Teatro \u2013 \u201cHumoradas\u201d.<\/p>\n\n\n\n<p>18:15 horas. Presentaci\u00f3n Ensamble de percusi\u00f3n, canto y ukelele y ensamble de saxo \u2013 Escuela de M\u00fasica<\/p>\n\n\n\n<p>18:30 horas. Clase abierta Danza Tango.<\/p>\n","protected":false},"excerpt":{"rendered":"<p>La Subsecretaria de Cultura del Municipio, Sofia Ar\u00e9valo remarc\u00f3 la invitaci\u00f3n a la muestra de cierre de fin de a\u00f1o<\/p>\n","protected":false},"author":6,"featured_media":186429,"comment_status":"closed","ping_status":"closed","sticky":false,"template":"","format":"standard","meta":{"_jetpack_memberships_contains_paid_content":false,"footnotes":""},"categories":[9,1],"tags":[],"class_list":["post-186420","post","type-post","status-publish","format-standard","has-post-thumbnail","hentry","category-cultura","category-portada"],"jetpack_featured_media_url":"https:\/\/i0.wp.com\/cdnoticias.com\/wp-content\/uploads\/2025\/10\/escuelas-municipales1.jpg?fit=888%2C537&ssl=1","jetpack_sharing_enabled":true,"_links":{"self":[{"href":"https:\/\/cdnoticias.com\/index.php\/wp-json\/wp\/v2\/posts\/186420","targetHints":{"allow":["GET"]}}],"collection":[{"href":"https:\/\/cdnoticias.com\/index.php\/wp-json\/wp\/v2\/posts"}],"about":[{"href":"https:\/\/cdnoticias.com\/index.php\/wp-json\/wp\/v2\/types\/post"}],"author":[{"embeddable":true,"href":"https:\/\/cdnoticias.com\/index.php\/wp-json\/wp\/v2\/users\/6"}],"replies":[{"embeddable":true,"href":"https:\/\/cdnoticias.com\/index.php\/wp-json\/wp\/v2\/comments?post=186420"}],"version-history":[{"count":0,"href":"https:\/\/cdnoticias.com\/index.php\/wp-json\/wp\/v2\/posts\/186420\/revisions"}],"wp:featuredmedia":[{"embeddable":true,"href":"https:\/\/cdnoticias.com\/index.php\/wp-json\/wp\/v2\/media\/186429"}],"wp:attachment":[{"href":"https:\/\/cdnoticias.com\/index.php\/wp-json\/wp\/v2\/media?parent=186420"}],"wp:term":[{"taxonomy":"category","embeddable":true,"href":"https:\/\/cdnoticias.com\/index.php\/wp-json\/wp\/v2\/categories?post=186420"},{"taxonomy":"post_tag","embeddable":true,"href":"https:\/\/cdnoticias.com\/index.php\/wp-json\/wp\/v2\/tags?post=186420"}],"curies":[{"name":"wp","href":"https:\/\/api.w.org\/{rel}","templated":true}]}}