{"id":18642,"date":"2021-04-12T18:54:48","date_gmt":"2021-04-12T21:54:48","guid":{"rendered":"http:\/\/www.centraldenoticias.com.ar\/?p=18642"},"modified":"2021-04-12T18:54:13","modified_gmt":"2021-04-12T21:54:13","slug":"sumergidos-en-la-segunda-ola-cerca-de-200-nuevos-casos-de-covid19-en-olavarria","status":"publish","type":"post","link":"https:\/\/cdnoticias.com\/index.php\/2021\/04\/12\/sumergidos-en-la-segunda-ola-cerca-de-200-nuevos-casos-de-covid19-en-olavarria\/","title":{"rendered":"Sumergidos en la segunda ola: cerca de 200 nuevos casos de Covid19 en Olavarr\u00eda"},"content":{"rendered":"<p>La semana se inici\u00f3 nuevamente con un alto n\u00famero de contagios en la ciudad. Adem\u00e1s fallecieron cuatro pacientes.<!--more--><\/p>\n<hr \/>\n<p>Siguen siendo preocupantes las novedades en materia sanitaria con respecto al avance del coronavirus en el partido de Olavarr\u00eda. Tal es as\u00ed que <strong>este lunes se detectaron cerca de 200 contagios,<\/strong><a href=\"https:\/\/cdnoticias.com\/index.php\/2021\/04\/12\/nueva-etapa-del-rta-se-realizaron-mas-de-400-hisopados\/\" target=\"_blank\" rel=\"noopener\"> en otra jornada de importante n\u00famero en cuanto a la realizaci\u00f3n de testeos. <\/a>Adem\u00e1s, <a href=\"https:\/\/cdnoticias.com\/index.php\/2021\/04\/12\/la-semana-sanitaria-comenzo-con-cuatro-fallecidos-por-covid-en-olavarria\/\" target=\"_blank\" rel=\"noopener\">fallecieron 4 pacientes activos.<\/a><\/p>\n<p>&nbsp;<\/p>\n<p><img data-recalc-dims=\"1\" loading=\"lazy\" decoding=\"async\" class=\"alignnone size-large wp-image-18647\" src=\"https:\/\/i0.wp.com\/cdnoticias.com\/wp-content\/uploads\/2021\/04\/WhatsApp-Image-2021-04-12-at-17.43.48.jpeg?resize=800%2C800&#038;ssl=1\" alt=\"\" width=\"800\" height=\"800\" srcset=\"https:\/\/i0.wp.com\/cdnoticias.com\/wp-content\/uploads\/2021\/04\/WhatsApp-Image-2021-04-12-at-17.43.48.jpeg?resize=1024%2C1024&amp;ssl=1 1024w, https:\/\/i0.wp.com\/cdnoticias.com\/wp-content\/uploads\/2021\/04\/WhatsApp-Image-2021-04-12-at-17.43.48.jpeg?resize=150%2C150&amp;ssl=1 150w, https:\/\/i0.wp.com\/cdnoticias.com\/wp-content\/uploads\/2021\/04\/WhatsApp-Image-2021-04-12-at-17.43.48.jpeg?resize=300%2C300&amp;ssl=1 300w, https:\/\/i0.wp.com\/cdnoticias.com\/wp-content\/uploads\/2021\/04\/WhatsApp-Image-2021-04-12-at-17.43.48.jpeg?resize=768%2C768&amp;ssl=1 768w, https:\/\/i0.wp.com\/cdnoticias.com\/wp-content\/uploads\/2021\/04\/WhatsApp-Image-2021-04-12-at-17.43.48.jpeg?w=1280&amp;ssl=1 1280w\" sizes=\"auto, (max-width: 800px) 100vw, 800px\" \/><\/p>\n<p>&nbsp;<\/p>\n<p>De acuerdo con lo que se precis\u00f3 desde el \u00e1rea de Salud Municipal, <strong>se llevaron adelante 447 testeos, de los cuales 194 resultaron positivos, lo que se tradujo tambi\u00e9n un importante incremento en el porcentaje de positividad<\/strong>. A la par, 50 personas recibieron el alta m\u00e9dica, por lo que <strong>la cifra de pacientes activos trep\u00f3 a 1174, de los cuales el 85% tienen menos de 60 a\u00f1os.<\/strong><\/p>\n<p>&nbsp;<\/p>\n<p><img data-recalc-dims=\"1\" loading=\"lazy\" decoding=\"async\" class=\"alignnone size-large wp-image-18644\" src=\"https:\/\/i0.wp.com\/cdnoticias.com\/wp-content\/uploads\/2021\/04\/WhatsApp-Image-2021-04-12-at-17.43.50.jpeg?resize=800%2C800&#038;ssl=1\" alt=\"\" width=\"800\" height=\"800\" srcset=\"https:\/\/i0.wp.com\/cdnoticias.com\/wp-content\/uploads\/2021\/04\/WhatsApp-Image-2021-04-12-at-17.43.50.jpeg?resize=1024%2C1024&amp;ssl=1 1024w, https:\/\/i0.wp.com\/cdnoticias.com\/wp-content\/uploads\/2021\/04\/WhatsApp-Image-2021-04-12-at-17.43.50.jpeg?resize=150%2C150&amp;ssl=1 150w, https:\/\/i0.wp.com\/cdnoticias.com\/wp-content\/uploads\/2021\/04\/WhatsApp-Image-2021-04-12-at-17.43.50.jpeg?resize=300%2C300&amp;ssl=1 300w, https:\/\/i0.wp.com\/cdnoticias.com\/wp-content\/uploads\/2021\/04\/WhatsApp-Image-2021-04-12-at-17.43.50.jpeg?resize=768%2C768&amp;ssl=1 768w, https:\/\/i0.wp.com\/cdnoticias.com\/wp-content\/uploads\/2021\/04\/WhatsApp-Image-2021-04-12-at-17.43.50.jpeg?w=1280&amp;ssl=1 1280w\" sizes=\"auto, (max-width: 800px) 100vw, 800px\" \/><\/p>\n<p>&nbsp;<\/p>\n<p>Se a\u00f1adi\u00f3 que <strong>de los 194 casos positivos, 59 corresponden al Programa RTA que se desarroll\u00f3 en el Paseo de la Salud y 3 al RTA Pedi\u00e1trico.<\/strong><\/p>\n<p>&nbsp;<\/p>\n<p><img data-recalc-dims=\"1\" loading=\"lazy\" decoding=\"async\" class=\"alignnone size-large wp-image-18648\" src=\"https:\/\/i0.wp.com\/cdnoticias.com\/wp-content\/uploads\/2021\/04\/WhatsApp-Image-2021-04-12-at-17.43.45.jpeg?resize=800%2C800&#038;ssl=1\" alt=\"\" width=\"800\" height=\"800\" srcset=\"https:\/\/i0.wp.com\/cdnoticias.com\/wp-content\/uploads\/2021\/04\/WhatsApp-Image-2021-04-12-at-17.43.45.jpeg?resize=1024%2C1024&amp;ssl=1 1024w, https:\/\/i0.wp.com\/cdnoticias.com\/wp-content\/uploads\/2021\/04\/WhatsApp-Image-2021-04-12-at-17.43.45.jpeg?resize=150%2C150&amp;ssl=1 150w, https:\/\/i0.wp.com\/cdnoticias.com\/wp-content\/uploads\/2021\/04\/WhatsApp-Image-2021-04-12-at-17.43.45.jpeg?resize=300%2C300&amp;ssl=1 300w, https:\/\/i0.wp.com\/cdnoticias.com\/wp-content\/uploads\/2021\/04\/WhatsApp-Image-2021-04-12-at-17.43.45.jpeg?resize=768%2C768&amp;ssl=1 768w, https:\/\/i0.wp.com\/cdnoticias.com\/wp-content\/uploads\/2021\/04\/WhatsApp-Image-2021-04-12-at-17.43.45.jpeg?w=1280&amp;ssl=1 1280w\" sizes=\"auto, (max-width: 800px) 100vw, 800px\" \/><\/p>\n<p>&nbsp;<\/p>\n<p>Sobre el estado actual del Hospital, se indic\u00f3 que<strong> hay quince pacientes en Unidad de Terapia Intensiva y cincuenta y seis en Cuidados Generales, que permanece con una ocupaci\u00f3n del 100%<\/strong>.\u00a0 No hay internados en el sector de Pediatr\u00eda.<\/p>\n","protected":false},"excerpt":{"rendered":"<p>La semana se inici\u00f3 nuevamente con un alto n\u00famero de contagios en la ciudad. Adem\u00e1s fallecieron cuatro pacientes.<\/p>\n","protected":false},"author":3,"featured_media":17410,"comment_status":"closed","ping_status":"closed","sticky":false,"template":"","format":"standard","meta":{"_jetpack_memberships_contains_paid_content":false,"footnotes":""},"categories":[5,1],"tags":[],"class_list":["post-18642","post","type-post","status-publish","format-standard","has-post-thumbnail","hentry","category-informacion-general","category-portada"],"jetpack_featured_media_url":"https:\/\/i0.wp.com\/cdnoticias.com\/wp-content\/uploads\/2021\/03\/RTAPaseodelasalud01.jpg?fit=800%2C445&ssl=1","jetpack_sharing_enabled":true,"_links":{"self":[{"href":"https:\/\/cdnoticias.com\/index.php\/wp-json\/wp\/v2\/posts\/18642","targetHints":{"allow":["GET"]}}],"collection":[{"href":"https:\/\/cdnoticias.com\/index.php\/wp-json\/wp\/v2\/posts"}],"about":[{"href":"https:\/\/cdnoticias.com\/index.php\/wp-json\/wp\/v2\/types\/post"}],"author":[{"embeddable":true,"href":"https:\/\/cdnoticias.com\/index.php\/wp-json\/wp\/v2\/users\/3"}],"replies":[{"embeddable":true,"href":"https:\/\/cdnoticias.com\/index.php\/wp-json\/wp\/v2\/comments?post=18642"}],"version-history":[{"count":0,"href":"https:\/\/cdnoticias.com\/index.php\/wp-json\/wp\/v2\/posts\/18642\/revisions"}],"wp:featuredmedia":[{"embeddable":true,"href":"https:\/\/cdnoticias.com\/index.php\/wp-json\/wp\/v2\/media\/17410"}],"wp:attachment":[{"href":"https:\/\/cdnoticias.com\/index.php\/wp-json\/wp\/v2\/media?parent=18642"}],"wp:term":[{"taxonomy":"category","embeddable":true,"href":"https:\/\/cdnoticias.com\/index.php\/wp-json\/wp\/v2\/categories?post=18642"},{"taxonomy":"post_tag","embeddable":true,"href":"https:\/\/cdnoticias.com\/index.php\/wp-json\/wp\/v2\/tags?post=18642"}],"curies":[{"name":"wp","href":"https:\/\/api.w.org\/{rel}","templated":true}]}}