{"id":186413,"date":"2025-10-28T17:30:03","date_gmt":"2025-10-28T20:30:03","guid":{"rendered":"https:\/\/cdnoticias.com\/?p=186413"},"modified":"2025-10-28T17:30:05","modified_gmt":"2025-10-28T20:30:05","slug":"llega-noviembre-y-el-ultimo-feriado-xl-del-ano-cuando-sera","status":"publish","type":"post","link":"https:\/\/cdnoticias.com\/index.php\/2025\/10\/28\/llega-noviembre-y-el-ultimo-feriado-xl-del-ano-cuando-sera\/","title":{"rendered":"Llega noviembre y el \u00faltimo feriado XL del a\u00f1o: cu\u00e1ndo ser\u00e1"},"content":{"rendered":"\n<p>El pr\u00f3ximo mes traer\u00e1 un nuevo fin de semana largo debido a la celebraci\u00f3n del D\u00eda de la Soberan\u00eda Nacional.<\/p>\n\n\n\n<hr class=\"wp-block-separator aligncenter has-alpha-channel-opacity\"\/>\n\n\n\n<p>Noviembre llegar\u00e1 con un <strong>fin de semana extra largo<\/strong> que permitir\u00e1 escapar de la rutina laboral o <strong>disfrutar de actividades de descanso.\u00a0<\/strong><\/p>\n\n\n\n<p><\/p>\n\n\n\n<p>En el marco del<strong> D\u00eda de la Soberan\u00eda Nacional, <\/strong>algunos ciudadanos <strong>tendr\u00e1n cuatro d\u00edas sin trabajar,<\/strong> debido a un feriado y a un d\u00eda no laborable.<\/p>\n\n\n\n<p><\/p>\n\n\n\n<p>Seg\u00fan el cronograma del Ministerio del Interior, en el ante\u00faltimo mes del a\u00f1o s<strong>e combinar\u00e1 un d\u00eda no laborable, el viernes 21, con un feriado nacional, el lunes 4, que conformar\u00e1n un \u201cfinde XXL\u201d<\/strong>. Es decir, cuatro d\u00edas en los que la administraci\u00f3n p\u00fablica y muchos trabajos privados no funcionar\u00e1n.<\/p>\n\n\n\n<p><\/p>\n\n\n\n<blockquote class=\"wp-block-quote is-layout-flow wp-block-quote-is-layout-flow\">\n<p>Cabe recordar que la ley 20.744, conocida como Ley de Contrato de Trabajo, precisa en su art\u00edculo 181 que en los d\u00edas feriados nacionales rigen las mismas normas legales que para el descanso dominical.<\/p>\n<\/blockquote>\n\n\n\n<p><\/p>\n\n\n\n<p>Esto significa que, <strong>si un empleado es requerido para prestar servicios<\/strong> durante un feriado, <strong>tiene derecho a percibir el doble de su salario diario habitual <\/strong>por esa jornada. La decisi\u00f3n de trabajar o no en un feriado no es optativa para el empleador, salvo excepciones espec\u00edficas que no alteran el r\u00e9gimen de pago.<\/p>\n\n\n\n<p><\/p>\n\n\n\n<p>En tanto, <strong>los d\u00edas no laborables son de car\u00e1cter optativo, <\/strong>y la decisi\u00f3n de otorgarlo como jornada de descanso o de exigir la prestaci\u00f3n de servicios recae exclusivamente en el empleador.<\/p>\n\n\n\n<p><\/p>\n\n\n\n<blockquote class=\"wp-block-quote is-layout-flow wp-block-quote-is-layout-flow\">\n<p>El D\u00eda de la Soberan\u00eda Nacional se conmemora cada 20 de noviembre en homenaje al combate de la Vuelta de Obligado, que ocurri\u00f3 en 1845, cuando las fuerzas de la Confederaci\u00f3n Argentina resistieron la invasi\u00f3n anglo-francesa sobre el r\u00edo Paran\u00e1.<\/p>\n<\/blockquote>\n\n\n\n<p><\/p>\n\n\n\n<p>Aunque la fecha hist\u00f3rica es el 20 de noviembre, en 2025 <strong>el feriado se traslada al lunes 24,<\/strong> seg\u00fan lo dispuesto por la Ley 27.399 de feriados trasladables.<\/p>\n\n\n\n<p><\/p>\n\n\n\n<p>Esta jornada celebra no s\u00f3lo una gesta militar, sino tambi\u00e9n el<strong> valor simb\u00f3lico de la soberan\u00eda nacional <\/strong>como pilar de identidad y autodeterminaci\u00f3n.<\/p>\n\n\n\n<p><\/p>\n\n\n\n<p><strong>\u00bfQu\u00e9 feriados quedan en 2025?<\/strong><\/p>\n\n\n\n<ul class=\"wp-block-list\">\n<li>Viernes 21 de noviembre: d\u00eda no laborable con fines tur\u00edsticos por el D\u00eda de la Soberan\u00eda.<\/li>\n<\/ul>\n\n\n\n<ul class=\"wp-block-list\">\n<li>Lunes 24 de noviembre: feriado por el D\u00eda de la Soberan\u00eda.<\/li>\n<\/ul>\n\n\n\n<ul class=\"wp-block-list\">\n<li>Lunes 8 de diciembre: feriado por el D\u00eda de la Inmaculada Concepci\u00f3n de Mar\u00eda.<\/li>\n<\/ul>\n\n\n\n<ul class=\"wp-block-list\">\n<li>Jueves 25 de diciembre: feriado por Navidad.\u00a0<\/li>\n<\/ul>\n\n\n\n<p><\/p>\n\n\n\n<p><em>Fuente: DIB<\/em><\/p>\n","protected":false},"excerpt":{"rendered":"<p>El pr\u00f3ximo mes traer\u00e1 un nuevo fin de semana largo debido a la celebraci\u00f3n del D\u00eda de la Soberan\u00eda Nacional.<\/p>\n","protected":false},"author":6,"featured_media":133776,"comment_status":"closed","ping_status":"closed","sticky":false,"template":"","format":"standard","meta":{"_jetpack_memberships_contains_paid_content":false,"footnotes":""},"categories":[6,1],"tags":[],"class_list":["post-186413","post","type-post","status-publish","format-standard","has-post-thumbnail","hentry","category-nacionales","category-portada"],"jetpack_featured_media_url":"https:\/\/i0.wp.com\/cdnoticias.com\/wp-content\/uploads\/2025\/01\/feriados-calendario-2025.png?fit=682%2C407&ssl=1","jetpack_sharing_enabled":true,"_links":{"self":[{"href":"https:\/\/cdnoticias.com\/index.php\/wp-json\/wp\/v2\/posts\/186413","targetHints":{"allow":["GET"]}}],"collection":[{"href":"https:\/\/cdnoticias.com\/index.php\/wp-json\/wp\/v2\/posts"}],"about":[{"href":"https:\/\/cdnoticias.com\/index.php\/wp-json\/wp\/v2\/types\/post"}],"author":[{"embeddable":true,"href":"https:\/\/cdnoticias.com\/index.php\/wp-json\/wp\/v2\/users\/6"}],"replies":[{"embeddable":true,"href":"https:\/\/cdnoticias.com\/index.php\/wp-json\/wp\/v2\/comments?post=186413"}],"version-history":[{"count":0,"href":"https:\/\/cdnoticias.com\/index.php\/wp-json\/wp\/v2\/posts\/186413\/revisions"}],"wp:featuredmedia":[{"embeddable":true,"href":"https:\/\/cdnoticias.com\/index.php\/wp-json\/wp\/v2\/media\/133776"}],"wp:attachment":[{"href":"https:\/\/cdnoticias.com\/index.php\/wp-json\/wp\/v2\/media?parent=186413"}],"wp:term":[{"taxonomy":"category","embeddable":true,"href":"https:\/\/cdnoticias.com\/index.php\/wp-json\/wp\/v2\/categories?post=186413"},{"taxonomy":"post_tag","embeddable":true,"href":"https:\/\/cdnoticias.com\/index.php\/wp-json\/wp\/v2\/tags?post=186413"}],"curies":[{"name":"wp","href":"https:\/\/api.w.org\/{rel}","templated":true}]}}