{"id":18641,"date":"2021-04-12T19:06:34","date_gmt":"2021-04-12T22:06:34","guid":{"rendered":"http:\/\/www.centraldenoticias.com.ar\/?p=18641"},"modified":"2021-04-12T19:10:32","modified_gmt":"2021-04-12T22:10:32","slug":"la-semana-sanitaria-comenzo-con-cuatro-fallecidos-por-covid-en-olavarria","status":"publish","type":"post","link":"https:\/\/cdnoticias.com\/index.php\/2021\/04\/12\/la-semana-sanitaria-comenzo-con-cuatro-fallecidos-por-covid-en-olavarria\/","title":{"rendered":"La semana sanitaria comenz\u00f3 con cuatro fallecidos por COVID en Olavarr\u00eda"},"content":{"rendered":"<p>As\u00ed lo inform\u00f3 la Secretar\u00eda de Salud. El total de fallecidos en la pandemia es de 158 personas, y 13 fueron en los \u00faltimos cuatro d\u00edas.\u00a0<!--more--><\/p>\n<hr \/>\n<p>En el parte sanitario emitido por la Secretar\u00eda de Salud del Municipio, <strong>se inform\u00f3 que fallecieron cuatro personas que hab\u00edan resultado positivos para COVID-19.<\/strong><\/p>\n<p>&nbsp;<\/p>\n<p><strong>Se trata de un hombre y tres mujeres<\/strong>: uno de los pacientes de <strong>sexo masculino ten\u00eda 78 a\u00f1os<\/strong>, presentaba comorbilidades previas y estaba internado en UTI desde hace cinco d\u00edas.<\/p>\n<p>&nbsp;<\/p>\n<p><img data-recalc-dims=\"1\" loading=\"lazy\" decoding=\"async\" class=\"alignnone size-full wp-image-18646\" src=\"https:\/\/i0.wp.com\/cdnoticias.com\/wp-content\/uploads\/2021\/04\/WhatsApp-Image-2021-04-12-at-17.43.49.jpeg?resize=800%2C800&#038;ssl=1\" alt=\"\" width=\"800\" height=\"800\" srcset=\"https:\/\/i0.wp.com\/cdnoticias.com\/wp-content\/uploads\/2021\/04\/WhatsApp-Image-2021-04-12-at-17.43.49.jpeg?w=1280&amp;ssl=1 1280w, https:\/\/i0.wp.com\/cdnoticias.com\/wp-content\/uploads\/2021\/04\/WhatsApp-Image-2021-04-12-at-17.43.49.jpeg?resize=150%2C150&amp;ssl=1 150w, https:\/\/i0.wp.com\/cdnoticias.com\/wp-content\/uploads\/2021\/04\/WhatsApp-Image-2021-04-12-at-17.43.49.jpeg?resize=300%2C300&amp;ssl=1 300w, https:\/\/i0.wp.com\/cdnoticias.com\/wp-content\/uploads\/2021\/04\/WhatsApp-Image-2021-04-12-at-17.43.49.jpeg?resize=768%2C768&amp;ssl=1 768w, https:\/\/i0.wp.com\/cdnoticias.com\/wp-content\/uploads\/2021\/04\/WhatsApp-Image-2021-04-12-at-17.43.49.jpeg?resize=1024%2C1024&amp;ssl=1 1024w\" sizes=\"auto, (max-width: 800px) 100vw, 800px\" \/><\/p>\n<p>&nbsp;<\/p>\n<p>Otra de las pacientes que falleci\u00f3 era <strong>una mujer de 60 a\u00f1os<\/strong> que estuvo internada 13 d\u00edas en Cl\u00ednica Covid del Hospital. La tercera paciente de<strong> sexo femenino que falleci\u00f3 ten\u00eda 86 a\u00f1os<\/strong>, tambi\u00e9n presentaba comorbilidades previas y estaba internada en el Hospital.<\/p>\n<p>&nbsp;<\/p>\n<p>La cuarta paciente era <strong>una mujer de 93 a\u00f1os<\/strong> que presentaba comorbilidades previas y tambi\u00e9n estaba internada en el centro de salud local.<\/p>\n<p>&nbsp;<\/p>\n<blockquote><p>Desde el inicio de la pandemia, 158 personas fallecieron producto del contagio del virus. En esta segunda ola, 13 fallecieron en los \u00faltimos cuatro d\u00edas.<\/p><\/blockquote>\n<p>&nbsp;<\/p>\n<p>El intendente Ezequiel Galli y la Municipalidad de Olavarr\u00eda env\u00edan condolencias a los familiares y amigos de las personas fallecidas.<\/p>\n","protected":false},"excerpt":{"rendered":"<p>As\u00ed lo inform\u00f3 la Secretar\u00eda de Salud. El total de fallecidos en la pandemia es de 158 personas, y 13<\/p>\n","protected":false},"author":2,"featured_media":702,"comment_status":"closed","ping_status":"closed","sticky":false,"template":"","format":"standard","meta":{"_jetpack_memberships_contains_paid_content":false,"footnotes":""},"categories":[5,1],"tags":[],"class_list":["post-18641","post","type-post","status-publish","format-standard","has-post-thumbnail","hentry","category-informacion-general","category-portada"],"jetpack_featured_media_url":"https:\/\/i0.wp.com\/cdnoticias.com\/wp-content\/uploads\/2020\/09\/hospital1.jpg?fit=820%2C509&ssl=1","jetpack_sharing_enabled":true,"_links":{"self":[{"href":"https:\/\/cdnoticias.com\/index.php\/wp-json\/wp\/v2\/posts\/18641","targetHints":{"allow":["GET"]}}],"collection":[{"href":"https:\/\/cdnoticias.com\/index.php\/wp-json\/wp\/v2\/posts"}],"about":[{"href":"https:\/\/cdnoticias.com\/index.php\/wp-json\/wp\/v2\/types\/post"}],"author":[{"embeddable":true,"href":"https:\/\/cdnoticias.com\/index.php\/wp-json\/wp\/v2\/users\/2"}],"replies":[{"embeddable":true,"href":"https:\/\/cdnoticias.com\/index.php\/wp-json\/wp\/v2\/comments?post=18641"}],"version-history":[{"count":0,"href":"https:\/\/cdnoticias.com\/index.php\/wp-json\/wp\/v2\/posts\/18641\/revisions"}],"wp:featuredmedia":[{"embeddable":true,"href":"https:\/\/cdnoticias.com\/index.php\/wp-json\/wp\/v2\/media\/702"}],"wp:attachment":[{"href":"https:\/\/cdnoticias.com\/index.php\/wp-json\/wp\/v2\/media?parent=18641"}],"wp:term":[{"taxonomy":"category","embeddable":true,"href":"https:\/\/cdnoticias.com\/index.php\/wp-json\/wp\/v2\/categories?post=18641"},{"taxonomy":"post_tag","embeddable":true,"href":"https:\/\/cdnoticias.com\/index.php\/wp-json\/wp\/v2\/tags?post=18641"}],"curies":[{"name":"wp","href":"https:\/\/api.w.org\/{rel}","templated":true}]}}