{"id":186396,"date":"2025-10-28T12:22:56","date_gmt":"2025-10-28T15:22:56","guid":{"rendered":"https:\/\/cdnoticias.com\/?p=186396"},"modified":"2025-10-28T12:27:33","modified_gmt":"2025-10-28T15:27:33","slug":"reprogramacion-del-puesto-de-vacunacion-antirrabica-en-el-caps-22","status":"publish","type":"post","link":"https:\/\/cdnoticias.com\/index.php\/2025\/10\/28\/reprogramacion-del-puesto-de-vacunacion-antirrabica-en-el-caps-22\/","title":{"rendered":"El puesto de vacunaci\u00f3n antirr\u00e1bica en el CAPS 22 pas\u00f3 al viernes"},"content":{"rendered":"<p>Estaba pautado para realizarse este martes, pero se concretar\u00e1 el viernes en Balcarce y Mendoza. Este mi\u00e9rcoles el puesto se ubicar\u00e1 en el Servicio Territorial N\u00ba 1 de Alberdi y Fassina.<\/p>\n<p><!--more--><\/p>\n<hr \/>\n<p>El Municipio de Olavarr\u00eda, a trav\u00e9s de la<strong> Direcci\u00f3n de Bromatolog\u00eda y Zoonosis<\/strong>, informa la <strong>reprogramaci\u00f3n del puesto de vacunaci\u00f3n antirr\u00e1bica<\/strong> que estaba pautado para realizarse<strong> este martes en el CAPS N\u00b0 22 del barrio Villa Mail\u00edn<\/strong>, ubicado en Balcarce y Mendoza.<\/p>\n<blockquote><p>De acuerdo con lo que se precis\u00f3 desde el \u00e1rea, la actividad se concretar\u00e1 este viernes 31 de octubre en el sitio mencionado, en el horario de 9 a 12 horas.<\/p><\/blockquote>\n<p>Se detall\u00f3 que la medida responde a que <strong>el personal del \u00e1rea estuvo asignado a los operativos de bloqueo<\/strong> <a href=\"https:\/\/cdnoticias.com\/index.php\/2025\/10\/27\/bromatologia-desplegara-dos-bloqueos-ante-la-deteccion-de-rabia-en-murcielagos\/\" target=\"_blank\" rel=\"noopener\">que se realizaron este martes tanto en el barrio Pueblo Nuevo como en Mariano Moreno<\/a>.<\/p>\n<h4>Campa\u00f1a anual antirr\u00e1bica<\/h4>\n<p>Por otra parte, se recuerdan las<strong> pr\u00f3ximas fechas de la Campa\u00f1a Anual Antirr\u00e1bica<\/strong>:<\/p>\n<ul>\n<li>Mi\u00e9rcoles 29\/10: En Servicio Territorial N\u00ba 1, Av. Alberdi y Fassina, en el marco de la jornada Barrio por Barrio<\/li>\n<li>Viernes 31\/10: En CAPS 22, Villa Mail\u00edn, en Balcarce y Mendoza, desde las 9 horas.<\/li>\n<li>Viernes 31\/10: En Hinojo, plaza San Mart\u00edn, De Pierris y Basterrica, desde las 9 horas. Jornada que hab\u00eda sido suspendida por mal clima el 24\/10.<\/li>\n<li>S\u00e1bado 1\/11: Barrio Pueblo Nuevo, en Plaza L\u00f3pez Camelo (General Paz entre Maip\u00fa y Chacabuco) de 9 a 12.30 horas.<\/li>\n<\/ul>\n","protected":false},"excerpt":{"rendered":"<p>Estaba pautado para realizarse este martes, pero se concretar\u00e1 el viernes en Balcarce y Mendoza. Este mi\u00e9rcoles el puesto se<\/p>\n","protected":false},"author":4,"featured_media":31103,"comment_status":"closed","ping_status":"closed","sticky":false,"template":"","format":"standard","meta":{"_jetpack_memberships_contains_paid_content":false,"footnotes":""},"categories":[5,1],"tags":[],"class_list":["post-186396","post","type-post","status-publish","format-standard","has-post-thumbnail","hentry","category-informacion-general","category-portada"],"jetpack_featured_media_url":"https:\/\/i0.wp.com\/cdnoticias.com\/wp-content\/uploads\/2021\/08\/Bromatologia-Antirrabica-Paseo-de-la-Salud-1-1.jpg?fit=640%2C427&ssl=1","jetpack_sharing_enabled":true,"_links":{"self":[{"href":"https:\/\/cdnoticias.com\/index.php\/wp-json\/wp\/v2\/posts\/186396","targetHints":{"allow":["GET"]}}],"collection":[{"href":"https:\/\/cdnoticias.com\/index.php\/wp-json\/wp\/v2\/posts"}],"about":[{"href":"https:\/\/cdnoticias.com\/index.php\/wp-json\/wp\/v2\/types\/post"}],"author":[{"embeddable":true,"href":"https:\/\/cdnoticias.com\/index.php\/wp-json\/wp\/v2\/users\/4"}],"replies":[{"embeddable":true,"href":"https:\/\/cdnoticias.com\/index.php\/wp-json\/wp\/v2\/comments?post=186396"}],"version-history":[{"count":0,"href":"https:\/\/cdnoticias.com\/index.php\/wp-json\/wp\/v2\/posts\/186396\/revisions"}],"wp:featuredmedia":[{"embeddable":true,"href":"https:\/\/cdnoticias.com\/index.php\/wp-json\/wp\/v2\/media\/31103"}],"wp:attachment":[{"href":"https:\/\/cdnoticias.com\/index.php\/wp-json\/wp\/v2\/media?parent=186396"}],"wp:term":[{"taxonomy":"category","embeddable":true,"href":"https:\/\/cdnoticias.com\/index.php\/wp-json\/wp\/v2\/categories?post=186396"},{"taxonomy":"post_tag","embeddable":true,"href":"https:\/\/cdnoticias.com\/index.php\/wp-json\/wp\/v2\/tags?post=186396"}],"curies":[{"name":"wp","href":"https:\/\/api.w.org\/{rel}","templated":true}]}}