{"id":18639,"date":"2021-04-12T16:53:36","date_gmt":"2021-04-12T19:53:36","guid":{"rendered":"http:\/\/www.centraldenoticias.com.ar\/?p=18639"},"modified":"2021-04-12T17:51:50","modified_gmt":"2021-04-12T20:51:50","slug":"el-gobierno-provincial-aprobo-cuatro-obras-para-establecimientos-educativos-de-olavarria","status":"publish","type":"post","link":"https:\/\/cdnoticias.com\/index.php\/2021\/04\/12\/el-gobierno-provincial-aprobo-cuatro-obras-para-establecimientos-educativos-de-olavarria\/","title":{"rendered":"El gobierno Provincial aprob\u00f3 cuatro obras para establecimientos educativos de Olavarr\u00eda"},"content":{"rendered":"<p>La novedad fue comunicada por consejeros del Frente de Todos, quienes revelaron que el monto total de las obras ronda los 16 millones de pesos.<!--more--><\/p>\n<hr \/>\n<p>El Gobierno de la provincia de Buenos Aires, en el marco Programa de Emergencia Educativa, <strong>aprob\u00f3 cuatro nuevas obras para Olavarr\u00eda, seg\u00fan fue revelado en la tarde de este lunes por consejeros escolares del Frente de Todos.<\/strong><\/p>\n<p>&nbsp;<\/p>\n<p>De acuerdo con lo que se precis\u00f3,<strong> las instituciones beneficiadas ser\u00e1n la Escuela Primaria N\u00b08, la Escuela Secundaria N\u00b07, el Centro Educativo Complementario N\u00b0802\u00a0 y el Jard\u00edn 904<\/strong>. Se a\u00f1adi\u00f3 que el monto total de las obras ronda los 17 millones de pesos.<\/p>\n<p>&nbsp;<\/p>\n<blockquote><p>Se enfatiz\u00f3 que el total que va a invertir el Gobierno Provincial es $16.829.493,45.<\/p><\/blockquote>\n<p>&nbsp;<\/p>\n<p>La inversi\u00f3n contempla <strong>reparaci\u00f3n de cubiertas, desag\u00fces pluviales y carpinter\u00edas por un monto de $6.803.226,14 para la Escuela Provincial N\u00b08, reparaci\u00f3n de cubiertas y sanitarios por un monto de $3.849.507,72 para la Escuela Secundaria N\u00b07, impermeabilizaci\u00f3n de cubiertas por un monto de $2.386.641,37 para el Centro Educativo Complementario N\u00b0802 y cambio de cubierta y reparaci\u00f3n de cielorraso por $3.790.118,22 para el\u00a0 Jard\u00edn 904<\/strong>.<\/p>\n<p>&nbsp;<\/p>\n<p>El consejero Escolar Bruno Ferrante explic\u00f3 <strong>\u201cson obras sumamente necesarias para las instituciones que hace tiempo est\u00e1n esperando poder llevarlas a cabo y adem\u00e1s para cada uno de los trabajos se emplea mano de obra local por eso tambi\u00e9n es muy importante en este contexto.\u201d<\/strong><\/p>\n<p>&nbsp;<\/p>\n","protected":false},"excerpt":{"rendered":"<p>La novedad fue comunicada por consejeros del Frente de Todos, quienes revelaron que el monto total de las obras ronda<\/p>\n","protected":false},"author":3,"featured_media":757,"comment_status":"closed","ping_status":"closed","sticky":false,"template":"","format":"standard","meta":{"_jetpack_memberships_contains_paid_content":false,"footnotes":""},"categories":[5,1],"tags":[],"class_list":["post-18639","post","type-post","status-publish","format-standard","has-post-thumbnail","hentry","category-informacion-general","category-portada"],"jetpack_featured_media_url":"https:\/\/i0.wp.com\/cdnoticias.com\/wp-content\/uploads\/2020\/09\/escuela.jpg?fit=1004%2C669&ssl=1","jetpack_sharing_enabled":true,"_links":{"self":[{"href":"https:\/\/cdnoticias.com\/index.php\/wp-json\/wp\/v2\/posts\/18639","targetHints":{"allow":["GET"]}}],"collection":[{"href":"https:\/\/cdnoticias.com\/index.php\/wp-json\/wp\/v2\/posts"}],"about":[{"href":"https:\/\/cdnoticias.com\/index.php\/wp-json\/wp\/v2\/types\/post"}],"author":[{"embeddable":true,"href":"https:\/\/cdnoticias.com\/index.php\/wp-json\/wp\/v2\/users\/3"}],"replies":[{"embeddable":true,"href":"https:\/\/cdnoticias.com\/index.php\/wp-json\/wp\/v2\/comments?post=18639"}],"version-history":[{"count":0,"href":"https:\/\/cdnoticias.com\/index.php\/wp-json\/wp\/v2\/posts\/18639\/revisions"}],"wp:featuredmedia":[{"embeddable":true,"href":"https:\/\/cdnoticias.com\/index.php\/wp-json\/wp\/v2\/media\/757"}],"wp:attachment":[{"href":"https:\/\/cdnoticias.com\/index.php\/wp-json\/wp\/v2\/media?parent=18639"}],"wp:term":[{"taxonomy":"category","embeddable":true,"href":"https:\/\/cdnoticias.com\/index.php\/wp-json\/wp\/v2\/categories?post=18639"},{"taxonomy":"post_tag","embeddable":true,"href":"https:\/\/cdnoticias.com\/index.php\/wp-json\/wp\/v2\/tags?post=18639"}],"curies":[{"name":"wp","href":"https:\/\/api.w.org\/{rel}","templated":true}]}}