{"id":186388,"date":"2025-10-28T11:25:43","date_gmt":"2025-10-28T14:25:43","guid":{"rendered":"https:\/\/cdnoticias.com\/?p=186388"},"modified":"2025-10-28T16:19:24","modified_gmt":"2025-10-28T19:19:24","slug":"salerno-el-dia-anterior-habia-sufrido-un-robo-aparentemente-de-la-misma-persona","status":"publish","type":"post","link":"https:\/\/cdnoticias.com\/index.php\/2025\/10\/28\/salerno-el-dia-anterior-habia-sufrido-un-robo-aparentemente-de-la-misma-persona\/","title":{"rendered":"Salerno: \u201cel d\u00eda anterior hab\u00eda sufrido un robo aparentemente de la misma persona\u201d"},"content":{"rendered":"\n<p>Lo se\u00f1al\u00f3 el abogado defensor del vecino que dispar\u00f3 y mat\u00f3 a un ladr\u00f3n en barrio Evita. La causa fue recaratulada y Oscar Moreno enfrenta delitos excarcelables.<\/p>\n\n\n\n<hr class=\"wp-block-separator has-alpha-channel-opacity\"\/>\n\n\n\n<p>El s\u00e1bado al mediod\u00eda <a href=\"https:\/\/cdnoticias.com\/index.php\/2025\/10\/25\/el-hombre-que-disparo-y-mato-a-un-ladron-en-barrio-evita-quedo-en-libertad-este-sabado\/\" data-type=\"link\" data-id=\"https:\/\/cdnoticias.com\/index.php\/2025\/10\/25\/el-hombre-que-disparo-y-mato-a-un-ladron-en-barrio-evita-quedo-en-libertad-este-sabado\/\">qued\u00f3 en libertar el vecino de barrio Evita que dispar\u00f3 y mat\u00f3 a un ladr\u00f3n <\/a>que intent\u00f3 robar en su domicilio. El doctor Pablo Salerno, abogado defensor de Oscar Moreno, dialog\u00f3 con<strong> Levantate por Radio Sapiens (FM 102.7)<\/strong><\/p>\n\n\n\n<p><\/p>\n\n\n\n<p>Explic\u00f3 que \u201c<strong>una vez que sucedi\u00f3 el hecho la car\u00e1tula de la figura era homicidio, por eso se orden\u00f3 la detenci\u00f3n de Oscar Federico Moreno <\/strong>y en el transcurso de la investigaci\u00f3n <strong>se fueron aclarando los hechos y bajo pedido nuestro de que se transformara la car\u00e1tula a lo que es la leg\u00edtima defensa<\/strong>\u201d.<\/p>\n\n\n\n<p><\/p>\n\n\n\n<blockquote class=\"wp-block-quote is-layout-flow wp-block-quote-is-layout-flow\">\n<p>Es as\u00ed que \u201cla fiscal entendi\u00f3 de acuerdo a la prueba reunida que efectivamente Moreno, mi defendido, hab\u00eda actuado en leg\u00edtima defensa respecto de Altamirano que fue la persona que ingres\u00f3 a su domicilio\u201d.<\/p>\n<\/blockquote>\n\n\n\n<p><\/p>\n\n\n\n<p>El doctor Salerno resalt\u00f3 que qued\u00f3 <strong>\u201cdebidamente acreditado que Moreno efect\u00faa dos disparos dentro de su vivienda\u201d<\/strong> y uno de estos disparos impacta en el cuerpo del joven de 26 a\u00f1os. \u201cDespu\u00e9s \u00e9l sale del domicilio y ve a una persona que salta el pared\u00f3n y<strong> efect\u00faa ocho disparos m\u00e1s que ninguno da en el cuerpo de esta persona, ya que se encontraron los ocho plomos incrustados en el pared\u00f3n de la vivienda, frente a su domicilio<\/strong>\u201d.<\/p>\n\n\n\n<p><\/p>\n\n\n\n<p>\u201cDe los diez disparos hay nueve plomos que ya se encontraron y falta el que impact\u00f3 a la v\u00edctima\u201d, subray\u00f3 Salerno.<\/p>\n\n\n\n<p><\/p>\n\n\n\n<blockquote class=\"wp-block-quote is-layout-flow wp-block-quote-is-layout-flow\">\n<p>Respecto a la situaci\u00f3n procesal de Moreno indic\u00f3 que \u201c<strong>hoy se encuentra imputado por los delitos de portaci\u00f3n y abuso de arma de fuego. <\/strong>Se le tom\u00f3 declaraci\u00f3n indagatoria por esos dos delitos. Veremos con el correr de las horas y la nueva prueba que se va a incorporar. Nosotros estamos pidiendo en el d\u00eda de la fecha una reconstrucci\u00f3n del hecho\u201d.<\/p>\n<\/blockquote>\n\n\n\n<p><\/p>\n\n\n\n<p>\u201c<strong>Nosotros entendemos en principio que la portaci\u00f3n de arma tambi\u00e9n tiene que ser desechada<\/strong>, pero bueno, la fiscal\u00eda entiende que no y va a ser el trabajo de ac\u00e1 en adelante hasta la elevaci\u00f3n a juicio de esta causa\u201d, resalt\u00f3 el abogado.<\/p>\n\n\n\n<p><\/p>\n\n\n\n<p>Por otra parte, indic\u00f3 que<strong> los delitos por los que qued\u00f3 imputado Moreno son excarcelables \u201cy por eso ha recuperado la libertad\u201d.<\/strong> Adem\u00e1s, \u201ces una persona que siempre estuvo a derecho, colabor\u00f3 con la investigaci\u00f3n, no hay ning\u00fan riesgo procesal, ya que \u00e9l mismo fue el que llam\u00f3 a la polic\u00eda\u201d.<\/p>\n\n\n\n<p><\/p>\n\n\n\n<p>\u201cPor eso entiende esta defensa y la fiscal\u00eda que tiene el derecho de transitar toda la investigaci\u00f3n y hasta el juicio al menos en libertad\u201d, agreg\u00f3 Salerno.<\/p>\n\n\n\n<p><\/p>\n\n\n\n<p><strong>Un robo 24 horas antes<\/strong><\/p>\n\n\n\n<p><\/p>\n\n\n\n<p>El doctor Pablo Salerno cont\u00f3 que Moreno \u201c<strong>an\u00edmicamente se encuentra mal por todo lo sucedido.<\/strong> M\u00e1s all\u00e1 de que \u00e9l se haya defendido, ac\u00e1 hay una persona que ha perdido la vida\u201d.<\/p>\n\n\n\n<p><\/p>\n\n\n\n<blockquote class=\"wp-block-quote is-layout-flow wp-block-quote-is-layout-flow\">\n<p>El profesional sum\u00f3 otro dato: \u201cel d\u00eda anterior al hecho, hab\u00eda sufrido un robo aparentemente de la misma persona. Esto est\u00e1 denunciado, \u00e9l dio aviso a la policial\u201d.<\/p>\n<\/blockquote>\n\n\n\n<p><\/p>\n\n\n\n<p>\u201cEl d\u00eda mi\u00e9rcoles casi a medianoche, \u00e9l regresa de viaje, es chofer de cami\u00f3n, y<strong> cuando ingresa a su domicilio encuentra que le hab\u00edan revuelto toda la casa y le hab\u00edan robado pertenencias. Inmediatamente llama al m\u00f3vil policial<\/strong> y la polic\u00eda de la zona concurre hasta el domicilio y constata el robo\u201d, detall\u00f3 Salerno.<\/p>\n\n\n\n<p><\/p>\n\n\n\n<p><strong>Este hecho se dio 24 horas antes del tr\u00e1gico desenlace en la madrugada del viernes.<\/strong> \u201cPor comentarios del barrio aparentemente habr\u00eda sido la misma persona y se sospecha que se fue y volvi\u00f3 al d\u00eda siguiente conociendo los movimientos de la casa y de las personas que la habitan sabiendo que no hab\u00eda nadie\u201d, concluy\u00f3.<\/p>\n\n\n\n<p><\/p>\n\n\n\n<figure class=\"wp-block-embed is-type-wp-embed is-provider-central-de-noticias-olavarr-a wp-block-embed-central-de-noticias-olavarr-a\"><div class=\"wp-block-embed__wrapper\">\n<blockquote class=\"wp-embedded-content\" data-secret=\"J8zVry2cmE\"><a href=\"https:\/\/cdnoticias.com\/index.php\/2025\/10\/25\/el-hombre-que-disparo-y-mato-a-un-ladron-en-barrio-evita-quedo-en-libertad-este-sabado\/\">El hombre que dispar\u00f3 y mat\u00f3 a un ladr\u00f3n en Barrio Evita qued\u00f3 en libertad este s\u00e1bado<\/a><\/blockquote><iframe loading=\"lazy\" class=\"wp-embedded-content\" sandbox=\"allow-scripts\" security=\"restricted\" style=\"position: absolute; visibility: hidden;\" title=\"&#8220;El hombre que dispar\u00f3 y mat\u00f3 a un ladr\u00f3n en Barrio Evita qued\u00f3 en libertad este s\u00e1bado&#8221; &#8212; Central de Noticias | Olavarr\u00eda\" src=\"https:\/\/cdnoticias.com\/index.php\/2025\/10\/25\/el-hombre-que-disparo-y-mato-a-un-ladron-en-barrio-evita-quedo-en-libertad-este-sabado\/embed\/#?secret=zeGe0aogwI#?secret=J8zVry2cmE\" data-secret=\"J8zVry2cmE\" width=\"600\" height=\"338\" frameborder=\"0\" marginwidth=\"0\" marginheight=\"0\" scrolling=\"no\"><\/iframe>\n<\/div><\/figure>\n","protected":false},"excerpt":{"rendered":"<p>Lo se\u00f1al\u00f3 el abogado defensor del vecino que dispar\u00f3 y mat\u00f3 a un ladr\u00f3n en barrio Evita. La causa fue<\/p>\n","protected":false},"author":5,"featured_media":185997,"comment_status":"closed","ping_status":"closed","sticky":false,"template":"","format":"standard","meta":{"_jetpack_memberships_contains_paid_content":false,"footnotes":""},"categories":[14,1],"tags":[],"class_list":["post-186388","post","type-post","status-publish","format-standard","has-post-thumbnail","hentry","category-policiales","category-portada"],"jetpack_featured_media_url":"https:\/\/i0.wp.com\/cdnoticias.com\/wp-content\/uploads\/2025\/10\/homicidio-pellegrini-4800-A.jpg?fit=1000%2C555&ssl=1","jetpack_sharing_enabled":true,"_links":{"self":[{"href":"https:\/\/cdnoticias.com\/index.php\/wp-json\/wp\/v2\/posts\/186388","targetHints":{"allow":["GET"]}}],"collection":[{"href":"https:\/\/cdnoticias.com\/index.php\/wp-json\/wp\/v2\/posts"}],"about":[{"href":"https:\/\/cdnoticias.com\/index.php\/wp-json\/wp\/v2\/types\/post"}],"author":[{"embeddable":true,"href":"https:\/\/cdnoticias.com\/index.php\/wp-json\/wp\/v2\/users\/5"}],"replies":[{"embeddable":true,"href":"https:\/\/cdnoticias.com\/index.php\/wp-json\/wp\/v2\/comments?post=186388"}],"version-history":[{"count":0,"href":"https:\/\/cdnoticias.com\/index.php\/wp-json\/wp\/v2\/posts\/186388\/revisions"}],"wp:featuredmedia":[{"embeddable":true,"href":"https:\/\/cdnoticias.com\/index.php\/wp-json\/wp\/v2\/media\/185997"}],"wp:attachment":[{"href":"https:\/\/cdnoticias.com\/index.php\/wp-json\/wp\/v2\/media?parent=186388"}],"wp:term":[{"taxonomy":"category","embeddable":true,"href":"https:\/\/cdnoticias.com\/index.php\/wp-json\/wp\/v2\/categories?post=186388"},{"taxonomy":"post_tag","embeddable":true,"href":"https:\/\/cdnoticias.com\/index.php\/wp-json\/wp\/v2\/tags?post=186388"}],"curies":[{"name":"wp","href":"https:\/\/api.w.org\/{rel}","templated":true}]}}