{"id":186381,"date":"2025-10-28T09:19:00","date_gmt":"2025-10-28T12:19:00","guid":{"rendered":"https:\/\/cdnoticias.com\/?p=186381"},"modified":"2025-10-28T11:45:20","modified_gmt":"2025-10-28T14:45:20","slug":"medidas-judiciales-contra-una-clinica-de-salud-mental-de-olavarria","status":"publish","type":"post","link":"https:\/\/cdnoticias.com\/index.php\/2025\/10\/28\/medidas-judiciales-contra-una-clinica-de-salud-mental-de-olavarria\/","title":{"rendered":"Medidas judiciales contra una cl\u00ednica de salud mental de Olavarr\u00eda"},"content":{"rendered":"<p>La Comisi\u00f3n Provincial por la Memoria denunci\u00f3 graves irregularidades y vulneraciones de derechos, entre ellos que la instituci\u00f3n recurre a la polic\u00eda ante la crisis de personas internadas. El Juzgado de Familia N\u00ba 1 aval\u00f3 un h\u00e1beas corpus colectivo.<!--more--><\/p>\n<hr \/>\n<p><em>Por agencia Andar<\/em><\/p>\n<p>A <strong>mediados de octubre el Juzgado de Familia 1 de Olavarr\u00eda<\/strong>, a cargo del <strong>magistrado Daniel Horacio Morbiducci<\/strong>, resolvi\u00f3 favorablemente el <strong>recurso de habeas corpus colectivo y de car\u00e1cter correctivo<\/strong> que fuera <strong>presentado por la Comisi\u00f3n Provincial por la Memoria (CPM)<\/strong> en su rol de Mecanismo Local de Prevenci\u00f3n de la Tortura.<\/p>\n<blockquote><p>Se denunciaron gravosas condiciones de alojamiento y el r\u00e9gimen de cuidados y de atenci\u00f3n sanitaria detectado en el Instituto Interdisciplinario de Salud Mental de Olavarr\u00eda. La cl\u00ednica privada obliga al personal de limpieza a auxiliar a las enfermeras en la atenci\u00f3n de los pacientes y, en muchas ocasiones, se recurre directamente a la polic\u00eda bonaerense para el control f\u00edsico de personas que atraviesan alg\u00fan tipo de crisis subjetiva.<\/p><\/blockquote>\n<p>El <strong>director y \u00fanico psiquiatra de la instituci\u00f3n solo asiste dos d\u00edas a la semana<\/strong> y no brinda informaci\u00f3n a las personas sobre el tratamiento farmacol\u00f3gico ni responde a las consultas.<\/p>\n<h3>Inspecci\u00f3n<\/h3>\n<p>El <strong>grave cuadro de vulneraciones de derechos y de irregularidades administrativas<\/strong> con las que opera el <strong>Instituto Interdisciplinario de Salud Mental de Olavarr\u00eda<\/strong> fue <strong>relevado por los equipos profesionales de la Comisi\u00f3n Provincial por la Memoria<\/strong> en septiembre pasado, en el marco de una <strong>jornada de inspecci\u00f3n<\/strong> en su car\u00e1cter de Mecanismo Local de Prevenci\u00f3n de la Tortura.<\/p>\n<p>En ese momento <strong>estaban internadas 38 personas mayores de edad<\/strong>, para cuya atenci\u00f3n hab\u00eda tres <strong>enfermeras<\/strong> entre la ma\u00f1ana y la tarde, y dos para el turno de la noche. Frente a la <strong>notoria falta de personal<\/strong>, la CPM pudo saber que la cl\u00ednica<strong> obligaba a las mujeres que realizan tareas de limpieza a asistir a las enfermeras<\/strong> con tareas como higiene de personas durante las madrugadas, contenci\u00f3n de pacientes en casos de crisis subjetivas y permanencia en uno u otro sector de la instituci\u00f3n mientras el personal de salud estuviera en alg\u00fan sitio atendiendo una situaci\u00f3n particular.<\/p>\n<blockquote><p>Pero lo m\u00e1s grave fue la constataci\u00f3n de que, en casos puntuales y a criterio del personal de enfermer\u00eda, se recurre a la polic\u00eda bonaerense para que env\u00ede agentes con el \u00fanico fin de asistir en el control de personas que atraviesan aquellas crisis.\u00a0De hecho, esta particularidad fue descripta a la CPM por parte del propio personal: en aquellos casos en que se dificulta el abordaje, se comunican telef\u00f3nicamente con el m\u00e9dico de guardia quien a su vez llama a la polic\u00eda para que \u201cenv\u00eden refuerzos\u201d. Y agregaron respecto a la intervenci\u00f3n policial: \u201cYa los ven y se calman\u201d.<\/p><\/blockquote>\n<p>Por otro lado, se registr\u00f3 el <strong>incumplimiento de muchos de los principios y criterios previstos en la Ley Nacional de Salud Mental N\u00b0 26.657<\/strong> en cuanto a las modalidades de abordaje: la cl\u00ednica de Olavarr\u00eda no cuenta con espacios terap\u00e9uticos individuales ni control de los planes farmacol\u00f3gicos administrados, as\u00ed como tampoco guardia interdisciplinaria a los fines de abordar posibles descompensaciones o crisis de los cuadros de salud mental.<\/p>\n<p>En el mismo sentido, se registraron <em>irregularidades en el suministro de medicaci\u00f3n; sujeci\u00f3n mec\u00e1nica gravosa; vulneraci\u00f3n de la intimidad de mujeres alojadas \u2013en una de las habitaciones se detect\u00f3 una c\u00e1mara de seguridad, que vulnera el derecho a la privacidad de quienes all\u00ed son alojadas-; y atenci\u00f3n m\u00e9dica deficiente<\/em>, entre otras graves falencias.<\/p>\n<p>Todo este escenario fue, d\u00edas despu\u00e9s, <strong>verificado de forma directa por el propio magistrado del Juzgado de Familia 1 de Olavarr\u00eda<\/strong> en el marco de una <strong>inspecci\u00f3n judicial<\/strong> y de la que particip\u00f3 una trabajadora social por parte del juzgado, y representantes de la <strong>Asesor\u00eda de Incapaces y de la Curadur\u00eda Oficial de Olavarr\u00eda<\/strong>, adem\u00e1s de la propia CPM en su rol de denunciante.<\/p>\n<blockquote><p>Luego de describir la continuidad de la mayor parte de los problemas se\u00f1alados en el habeas corpus original, un informe de la CPM destaca que \u201cen distintas entrevistas realizadas se relev\u00f3 la alta demanda de atenci\u00f3n por parte de las personas alojadas y la insuficiente respuesta. Algunas de estas demandas tienen que ver con acceso a la informaci\u00f3n respecto a los planes farmacol\u00f3gicos o la modificaci\u00f3n de los mismos: \u2018Que me explique qu\u00e9 es lo que estoy tomando\u2019, \u2018necesito un cambio de medicaci\u00f3n porque no me puedo dormir hasta las 12\u2019, \u2018no tiene muchas ganas de verme porque me pongo mal\u2019\u201d.<\/p><\/blockquote>\n<h3>Resoluci\u00f3n de la Justicia<\/h3>\n<p>Con todo el material probatorio reunido, <strong>el juez Daniel Horacio Morbiducci resolvi\u00f3 favorablemente la acci\u00f3n de habeas corpus<\/strong> presentado por la CPM, tras advertir que hab\u00edan sido constatados todos los extremos de la denuncia original, y orden\u00f3 la <strong>prohibici\u00f3n de intervenci\u00f3n de la polic\u00eda dentro de la cl\u00ednica<\/strong> para el abordaje de crisis o procedimientos asistenciales.<\/p>\n<p>Tambi\u00e9n <strong>suspendi\u00f3 el protocolo de ingresos<\/strong>, que estipula la desnudez total ante presencia policial. En su lugar, exigi\u00f3 <em>que la instituci\u00f3n presente ante el juzgado un nuevo protocolo ajustado a los lineamientos de la Ley Nacional de Salud Mental<\/em>.<\/p>\n<p>Por otro lado,<strong> orden\u00f3 retirar la c\u00e1mara de seguridad<\/strong> instalada en una habitaci\u00f3n donde se alojan mujeres; exigi\u00f3 <strong>que se garantice cobertura continua de enfermer\u00eda<\/strong> en cada piso y turno; finalmente orden\u00f3 que, hasta que se regularice la situaci\u00f3n, <strong>la cl\u00ednica deber\u00e1 reducir el cupo o derivar pacientes otras instituciones<\/strong> para no comprometer cuidados.<\/p>\n<p>Tambi\u00e9n <strong>prohibi\u00f3 el aislamiento prolongado y la sujeci\u00f3n mec\u00e1nica<\/strong> como pr\u00e1cticas de manejo conductual, y solo podr\u00e1n ser aplicadas como recurso excepcional y con orden m\u00e9dica. Y a los fines de constatar el cumplimiento de lo establecido en la resoluci\u00f3n judicial, el magistrado advirti\u00f3 que luego <strong>se fijar\u00e1 audiencia de seguimiento<\/strong> en el marco del habeas corpus.<\/p>\n","protected":false},"excerpt":{"rendered":"<p>La Comisi\u00f3n Provincial por la Memoria denunci\u00f3 graves irregularidades y vulneraciones de derechos, entre ellos que la instituci\u00f3n recurre a<\/p>\n","protected":false},"author":4,"featured_media":186383,"comment_status":"closed","ping_status":"closed","sticky":false,"template":"","format":"standard","meta":{"_jetpack_memberships_contains_paid_content":false,"footnotes":""},"categories":[14,1],"tags":[],"class_list":["post-186381","post","type-post","status-publish","format-standard","has-post-thumbnail","hentry","category-policiales","category-portada"],"jetpack_featured_media_url":"https:\/\/i0.wp.com\/cdnoticias.com\/wp-content\/uploads\/2025\/10\/clinica-olavarria-salud-mental-660x400-1.jpeg?fit=660%2C400&ssl=1","jetpack_sharing_enabled":true,"_links":{"self":[{"href":"https:\/\/cdnoticias.com\/index.php\/wp-json\/wp\/v2\/posts\/186381","targetHints":{"allow":["GET"]}}],"collection":[{"href":"https:\/\/cdnoticias.com\/index.php\/wp-json\/wp\/v2\/posts"}],"about":[{"href":"https:\/\/cdnoticias.com\/index.php\/wp-json\/wp\/v2\/types\/post"}],"author":[{"embeddable":true,"href":"https:\/\/cdnoticias.com\/index.php\/wp-json\/wp\/v2\/users\/4"}],"replies":[{"embeddable":true,"href":"https:\/\/cdnoticias.com\/index.php\/wp-json\/wp\/v2\/comments?post=186381"}],"version-history":[{"count":0,"href":"https:\/\/cdnoticias.com\/index.php\/wp-json\/wp\/v2\/posts\/186381\/revisions"}],"wp:featuredmedia":[{"embeddable":true,"href":"https:\/\/cdnoticias.com\/index.php\/wp-json\/wp\/v2\/media\/186383"}],"wp:attachment":[{"href":"https:\/\/cdnoticias.com\/index.php\/wp-json\/wp\/v2\/media?parent=186381"}],"wp:term":[{"taxonomy":"category","embeddable":true,"href":"https:\/\/cdnoticias.com\/index.php\/wp-json\/wp\/v2\/categories?post=186381"},{"taxonomy":"post_tag","embeddable":true,"href":"https:\/\/cdnoticias.com\/index.php\/wp-json\/wp\/v2\/tags?post=186381"}],"curies":[{"name":"wp","href":"https:\/\/api.w.org\/{rel}","templated":true}]}}