{"id":18634,"date":"2021-04-12T16:15:01","date_gmt":"2021-04-12T19:15:01","guid":{"rendered":"http:\/\/www.centraldenoticias.com.ar\/?p=18634"},"modified":"2021-04-12T16:54:15","modified_gmt":"2021-04-12T19:54:15","slug":"con-novedades-y-reaperturas-el-municipio-publico-el-decreto-de-fase-3","status":"publish","type":"post","link":"https:\/\/cdnoticias.com\/index.php\/2021\/04\/12\/con-novedades-y-reaperturas-el-municipio-publico-el-decreto-de-fase-3\/","title":{"rendered":"Con novedades y reaperturas el Municipio public\u00f3 el decreto de Fase 3"},"content":{"rendered":"<p>Finalmente, la Fase 3 provincial incluy\u00f3 algunas reaperturas, como los cines, talleres culturales, los espacios de culto hasta 10 personas, y con limitaciones horarias en casi todos los rubros comerciales.<!--more--><\/p>\n<hr \/>\n<p>Este lunes<strong>, el Municipio dio a conocer el decreto de distanciamiento social, preventivo y obligatorio de Fase 3 en medio del rebrote de casos de COVID.<\/strong> Hay algunas novedades y la adaptaci\u00f3n a las medidas provinciales permitieron nuevas reaperturas en algunos sectores.<\/p>\n<p>&nbsp;<\/p>\n<p><strong>Las medidas ser\u00e1n, en principio, hasta el pr\u00f3ximo 29 de abril.<\/strong> Ratifica el horario de 06:00 a 22:00 horas para supermercados y comercios de venta de elementos de primera necesidad.<\/p>\n<p>&nbsp;<\/p>\n<p>Tanto veterinarias, como talleres mec\u00e1nicos, librer\u00edas, farmacias, kioscos, laboratorios, atenci\u00f3n m\u00e9dica particular, <strong>la atenci\u00f3n ser\u00e1 hasta las 20 horas.\u00a0<\/strong>Las cervecer\u00edas y vinotecas el horario de atenci\u00f3n al p\u00fablico ser\u00e1 hasta las 20 horas, y hasta las 21 con env\u00edo por delivery.<\/p>\n<p>&nbsp;<\/p>\n<blockquote><p>Los locales de comida elaborada o rotiser\u00edas podr\u00e1n hacer delivery hasta las 23 horas, y para el retiro de comida se deber\u00e1n respetar las medidas sanitarias correspondientes hasta el mismo horario.<\/p><\/blockquote>\n<p>&nbsp;<\/p>\n<p>Una de las novedades es que <strong>los cines no cerrar\u00e1n y podr\u00e1n funcionar de 06:00 a 20:00 horas con el aforo del 30% de su capacidad. Los locales gastron\u00f3micos, en tanto, podr\u00e1n funcionar siempre y cuando se respete el sistema de reserva previa m\u00e1ximo hasta cuatro personas no convivientes.<\/strong><\/p>\n<p>&nbsp;<\/p>\n<p>Otra novedad es la <strong>reapertura de los espacios de culto, que podr\u00e1n acudir de a una persona por confesiones o di\u00e1logo con el referente del espacio, o un m\u00e1ximo de 10 personas para realizaci\u00f3n de diversos rituales religiosos.<\/strong><\/p>\n<p>&nbsp;<\/p>\n<p>En materia deportiva, la mayor\u00eda de las disciplinas funcionar\u00e1 hasta las 20 y 22 horas, con horario exclusivo para mayores de 60 a\u00f1os, y para deportes colectivos con un m\u00e1ximo de 10 personas en espacios abiertos o cerrados. <strong>Los gimnasios, el F\u00fatbol 5, Padel y B\u00e1squet se podr\u00e1 hasta las 22 horas.<\/strong><\/p>\n<p>&nbsp;<\/p>\n<p>Una distinci\u00f3n de esta Fase 3 es que<strong> se podr\u00e1n realizar, de 8 a 20 horas, talleres culturales, ensayo de obras teatrales, asistencia a espacios culturales, vuelven a estar habilitadas las ferias de artesanos, ensayo de bandas, entre lo m\u00e1s destacado.<\/strong><\/p>\n<p>&nbsp;<\/p>\n<p><strong>El transporte p\u00fablico funcionar\u00e1 de lunes a viernes de 06 a 21 horas y los fines de semana hasta las 20 horas en frecuencia de domingo o feriado<\/strong>, y las salidas de esparcimiento a los espacios p\u00fablicos (sin poder usar los juegos para ni\u00f1os y ni\u00f1as) ser\u00e1 de 10 a 22 horas.<\/p>\n<p>&nbsp;<\/p>\n<p>A continuaci\u00f3n, el decreto completo firmado por el Intendente y los Secretarios de gobierno:<\/p>\n<p>&nbsp;<\/p>\n<p><img data-recalc-dims=\"1\" loading=\"lazy\" decoding=\"async\" class=\"alignnone size-full wp-image-18637\" src=\"https:\/\/i0.wp.com\/cdnoticias.com\/wp-content\/uploads\/2021\/04\/decreto-01.jpg?resize=800%2C620&#038;ssl=1\" alt=\"\" width=\"800\" height=\"620\" srcset=\"https:\/\/i0.wp.com\/cdnoticias.com\/wp-content\/uploads\/2021\/04\/decreto-01.jpg?w=823&amp;ssl=1 823w, https:\/\/i0.wp.com\/cdnoticias.com\/wp-content\/uploads\/2021\/04\/decreto-01.jpg?resize=300%2C233&amp;ssl=1 300w, https:\/\/i0.wp.com\/cdnoticias.com\/wp-content\/uploads\/2021\/04\/decreto-01.jpg?resize=768%2C595&amp;ssl=1 768w\" sizes=\"auto, (max-width: 800px) 100vw, 800px\" \/><\/p>\n<p>&nbsp;<\/p>\n<p><img data-recalc-dims=\"1\" loading=\"lazy\" decoding=\"async\" class=\"alignnone size-full wp-image-18636\" src=\"https:\/\/i0.wp.com\/cdnoticias.com\/wp-content\/uploads\/2021\/04\/decreto-02.jpg?resize=800%2C651&#038;ssl=1\" alt=\"\" width=\"800\" height=\"651\" srcset=\"https:\/\/i0.wp.com\/cdnoticias.com\/wp-content\/uploads\/2021\/04\/decreto-02.jpg?w=835&amp;ssl=1 835w, https:\/\/i0.wp.com\/cdnoticias.com\/wp-content\/uploads\/2021\/04\/decreto-02.jpg?resize=300%2C244&amp;ssl=1 300w, https:\/\/i0.wp.com\/cdnoticias.com\/wp-content\/uploads\/2021\/04\/decreto-02.jpg?resize=768%2C625&amp;ssl=1 768w\" sizes=\"auto, (max-width: 800px) 100vw, 800px\" \/><\/p>\n<p>&nbsp;<\/p>\n<p><img data-recalc-dims=\"1\" loading=\"lazy\" decoding=\"async\" class=\"alignnone size-full wp-image-18635\" src=\"https:\/\/i0.wp.com\/cdnoticias.com\/wp-content\/uploads\/2021\/04\/decreto03.jpg?resize=800%2C635&#038;ssl=1\" alt=\"\" width=\"800\" height=\"635\" srcset=\"https:\/\/i0.wp.com\/cdnoticias.com\/wp-content\/uploads\/2021\/04\/decreto03.jpg?w=854&amp;ssl=1 854w, https:\/\/i0.wp.com\/cdnoticias.com\/wp-content\/uploads\/2021\/04\/decreto03.jpg?resize=300%2C238&amp;ssl=1 300w, https:\/\/i0.wp.com\/cdnoticias.com\/wp-content\/uploads\/2021\/04\/decreto03.jpg?resize=768%2C610&amp;ssl=1 768w\" sizes=\"auto, (max-width: 800px) 100vw, 800px\" \/><\/p>\n","protected":false},"excerpt":{"rendered":"<p>Finalmente, la Fase 3 provincial incluy\u00f3 algunas reaperturas, como los cines, talleres culturales, los espacios de culto hasta 10 personas,<\/p>\n","protected":false},"author":2,"featured_media":549,"comment_status":"closed","ping_status":"closed","sticky":false,"template":"","format":"standard","meta":{"_jetpack_memberships_contains_paid_content":false,"footnotes":""},"categories":[5,1],"tags":[],"class_list":["post-18634","post","type-post","status-publish","format-standard","has-post-thumbnail","hentry","category-informacion-general","category-portada"],"jetpack_featured_media_url":"https:\/\/i0.wp.com\/cdnoticias.com\/wp-content\/uploads\/2020\/09\/parquerecreativo.jpg?fit=3864%2C2436&ssl=1","jetpack_sharing_enabled":true,"_links":{"self":[{"href":"https:\/\/cdnoticias.com\/index.php\/wp-json\/wp\/v2\/posts\/18634","targetHints":{"allow":["GET"]}}],"collection":[{"href":"https:\/\/cdnoticias.com\/index.php\/wp-json\/wp\/v2\/posts"}],"about":[{"href":"https:\/\/cdnoticias.com\/index.php\/wp-json\/wp\/v2\/types\/post"}],"author":[{"embeddable":true,"href":"https:\/\/cdnoticias.com\/index.php\/wp-json\/wp\/v2\/users\/2"}],"replies":[{"embeddable":true,"href":"https:\/\/cdnoticias.com\/index.php\/wp-json\/wp\/v2\/comments?post=18634"}],"version-history":[{"count":0,"href":"https:\/\/cdnoticias.com\/index.php\/wp-json\/wp\/v2\/posts\/18634\/revisions"}],"wp:featuredmedia":[{"embeddable":true,"href":"https:\/\/cdnoticias.com\/index.php\/wp-json\/wp\/v2\/media\/549"}],"wp:attachment":[{"href":"https:\/\/cdnoticias.com\/index.php\/wp-json\/wp\/v2\/media?parent=18634"}],"wp:term":[{"taxonomy":"category","embeddable":true,"href":"https:\/\/cdnoticias.com\/index.php\/wp-json\/wp\/v2\/categories?post=18634"},{"taxonomy":"post_tag","embeddable":true,"href":"https:\/\/cdnoticias.com\/index.php\/wp-json\/wp\/v2\/tags?post=18634"}],"curies":[{"name":"wp","href":"https:\/\/api.w.org\/{rel}","templated":true}]}}