{"id":186324,"date":"2025-10-27T20:11:36","date_gmt":"2025-10-27T23:11:36","guid":{"rendered":"https:\/\/cdnoticias.com\/?p=186324"},"modified":"2025-10-28T08:30:16","modified_gmt":"2025-10-28T11:30:16","slug":"dia-del-trabajador-minero-estamos-en-un-contexto-donde-es-dificil-salir-a-celebrar-algo","status":"publish","type":"post","link":"https:\/\/cdnoticias.com\/index.php\/2025\/10\/27\/dia-del-trabajador-minero-estamos-en-un-contexto-donde-es-dificil-salir-a-celebrar-algo\/","title":{"rendered":"D\u00eda del Trabajador Minero: \u201cEstamos en un contexto donde es dif\u00edcil salir a celebrar algo\u201d"},"content":{"rendered":"<p>El secretario general de AOMA Olavarr\u00eda, Alejandro Santill\u00e1n, advirti\u00f3 por 308 despidos, empresas que no pagan aportes y posibles cierres. Destac\u00f3 que este martes habr\u00e1 sorteos por streaming. El resultado de las elecciones.<!--more--><\/p>\n<hr \/>\n<p><strong>Este martes 28 de octubre<\/strong> se celebrar\u00e1 el <strong>D\u00eda del Trabajador Minero<\/strong> para <strong>conmemorar la fundaci\u00f3n de la Asociaci\u00f3n Obrera Minera Argentina (AOMA)<\/strong> en el a\u00f1o 1953. El festejo no tendr\u00e1 la tradicional cena, sino <strong>un sorteo de 180 premios por streaming<\/strong>. Esta propuesta est\u00e1 marcada por <strong>un contexto de dificultades para el rubro minero<\/strong> con <strong>despidos y riesgo de continuidad de empresas<\/strong>.<\/p>\n<blockquote><p>Al respecto habl\u00f3 el secretario general de AOMA Olavarr\u00eda, Alejandro Santill\u00e1n, en el programa Levantate por Radio Sapiens (FM 102.7) quien defini\u00f3 \u201cestamos en una situaci\u00f3n at\u00edpica, pero eso no nos va a impedir que celebremos el D\u00eda del Trabajador Minero ma\u00f1ana a trav\u00e9s de un streaming donde se van a hacer sorteos, donde de alguna manera intentamos reconocer el esfuerzo y el trabajo de nuestros compa\u00f1eros y compa\u00f1eras de la seccional Olavarr\u00eda con un presente, con un obsequio que super\u00f3 los 23 millones de pesos. Cuando retiraban ese obsequio se les entrega un n\u00famero para participar en un sorteo con alrededor de 180 premios, si bien no lo celebramos como hemos acostumbrado\u201d.<\/p><\/blockquote>\n<p><strong>\u201cAOMA no est\u00e1 ajeno a la situaci\u00f3n que est\u00e1n pasando los argentinos\u201d<\/strong> interpret\u00f3 el secretario para exponer las condiciones del sector minero. <strong>\u201cEntendemos que hay empresas que no van a continuar por la situaci\u00f3n si no hay una reactivaci\u00f3n\u201d<\/strong> indic\u00f3 para apuntar a la p\u00e9rdida de puestos de trabajo como el principal problema. \u201cHasta donde ten\u00edamos contabilizados <strong>308 compa\u00f1eros desvinculados que, a trav\u00e9s de alg\u00fan acuerdo o despidos o jubilados<\/strong> que no se han cubierto sus puestos. Hemos tenido una ca\u00edda muy grande\u201d se\u00f1al\u00f3. En referencia a las canteras de cal y piedra, dijo<strong> \u201ccon menos trabajadores de los que tienen hoy las f\u00e1bricas o las canteras, no se podr\u00eda operar\u201d<\/strong>.<\/p>\n<p>Remarc\u00f3 con alusi\u00f3n al resultado electoral de este domingo que <strong>\u201cel tema es que nuestra actividad no remonta.<\/strong> Hay una determinaci\u00f3n donde <strong>ha sido avalada por nuestros propios compa\u00f1eros de que est\u00e1 bien que no haya obra p\u00fablica<\/strong> y eso nos afecta directamente a los trabajadores mineros de Olavarr\u00eda. Entonces eso nos tiene muy preocupados\u201d. Santill\u00e1n advirti\u00f3 que los dirigentes sindicales<strong> \u201csomos altamente criticados por los \u00edndices paritarios que se est\u00e1n logrando.<\/strong> A nuestros compa\u00f1eros y compa\u00f1eras trabajadoras el dinero no le alcanza\u201d. Contempl\u00f3 que <em>\u201ca nosotros se nos pone cada vez m\u00e1s complicado, obviamente que somos responsables, no hay que hacerse el distra\u00eddo, pero no somos los \u00fanicos culpables\u201d<\/em>.<\/p>\n<p><img data-recalc-dims=\"1\" loading=\"lazy\" decoding=\"async\" class=\"alignnone size-full wp-image-160211 aligncenter\" src=\"https:\/\/i0.wp.com\/cdnoticias.com\/wp-content\/uploads\/2025\/02\/alejandro-santillan-AOMA.jpg?resize=800%2C445&#038;ssl=1\" alt=\"\" width=\"800\" height=\"445\" srcset=\"https:\/\/i0.wp.com\/cdnoticias.com\/wp-content\/uploads\/2025\/02\/alejandro-santillan-AOMA.jpg?w=800&amp;ssl=1 800w, https:\/\/i0.wp.com\/cdnoticias.com\/wp-content\/uploads\/2025\/02\/alejandro-santillan-AOMA.jpg?resize=300%2C167&amp;ssl=1 300w, https:\/\/i0.wp.com\/cdnoticias.com\/wp-content\/uploads\/2025\/02\/alejandro-santillan-AOMA.jpg?resize=768%2C427&amp;ssl=1 768w\" sizes=\"auto, (max-width: 800px) 100vw, 800px\" \/><\/p>\n<p>El gremialista agreg\u00f3 sobre el resultado electoral que \u201cel Presidente anunci\u00f3 que va a ser un Congreso m\u00e1s reformista, <strong>esperemos que esas reformas sean en beneficio de los laburantes y de la gente a pie<\/strong>, que no lo creo\u201d.<\/p>\n<blockquote><p>\u201cHa sido elegido contundentemente por el pueblo argentino y sobre todo por los trabajadores mineros, y los trabajadores mineros de Olavarr\u00eda le han dado un respaldo a este estilo de pol\u00edtica. Se nos va a hacer dif\u00edcil porque vemos que va en contramano con lo que la gente necesita en los yacimientos, con los puestos de trabajo, con la situaci\u00f3n que tenemos pol\u00edtica y econ\u00f3mica\u201d defini\u00f3 Alejandro Santill\u00e1n. Consultado por una eventual reforma laboral, se\u00f1al\u00f3 aspectos posibles a actualizar del convenio colectivo, pero apunt\u00f3 al contexto: \u201cyo me sentar\u00eda a reformar un convenio colectivo en una situaci\u00f3n de auge donde estamos vendiendo o haciendo r\u00e9cord, as\u00ed se puede ejercer alg\u00fan tipo de presi\u00f3n para tener un buen acuerdo\u201d.<\/p><\/blockquote>\n<p>\u201cVa un poco a contramano de que los compa\u00f1eros necesitan mejores condiciones, necesitan mejores salarios, pero por el otro lado, si lo principal, <strong>alrededor del 70% de lo que nosotros produc\u00edamos o produc\u00edamos en Olavarr\u00eda y en la zona, iba netamente a la obra p\u00fablica<\/strong>. Por eso ten\u00edamos una baja y por eso hac\u00eda menci\u00f3n. <strong>Menos trabajadores de lo que estamos teniendo en las canteras es inviable que puedan producir\u201d<\/strong> sostuvo en la entrevista radial para remarcar que<strong> \u201clas canteras est\u00e1n en una situaci\u00f3n donde tienen mucha menos espalda, entraron en un c\u00edrculo financiero con los bancos donde las tasas no le est\u00e1n siendo muy favorables<\/strong>\u201d.<\/p>\n<p><img data-recalc-dims=\"1\" loading=\"lazy\" decoding=\"async\" class=\"alignnone size-full wp-image-169040 aligncenter\" src=\"https:\/\/i0.wp.com\/cdnoticias.com\/wp-content\/uploads\/2025\/04\/AOMA-SOECO-Anses-05.jpg?resize=800%2C531&#038;ssl=1\" alt=\"\" width=\"800\" height=\"531\" srcset=\"https:\/\/i0.wp.com\/cdnoticias.com\/wp-content\/uploads\/2025\/04\/AOMA-SOECO-Anses-05.jpg?w=1024&amp;ssl=1 1024w, https:\/\/i0.wp.com\/cdnoticias.com\/wp-content\/uploads\/2025\/04\/AOMA-SOECO-Anses-05.jpg?resize=300%2C199&amp;ssl=1 300w, https:\/\/i0.wp.com\/cdnoticias.com\/wp-content\/uploads\/2025\/04\/AOMA-SOECO-Anses-05.jpg?resize=768%2C510&amp;ssl=1 768w, https:\/\/i0.wp.com\/cdnoticias.com\/wp-content\/uploads\/2025\/04\/AOMA-SOECO-Anses-05.jpg?resize=272%2C182&amp;ssl=1 272w\" sizes=\"auto, (max-width: 800px) 100vw, 800px\" \/><\/p>\n<blockquote><p>Entre los problemas que enfrente AOMA actualmente sum\u00f3 \u201ctenemos un mont\u00f3n de empresarios que la gran mayor\u00eda integran la C\u00e1mara Empresaria de la Piedra, donde son unos se\u00f1ores donde aparecen en un mont\u00f3n de eventos pol\u00edticos y no pol\u00edticos, donde hoy a la organizaci\u00f3n a nivel local tienen deudas que rondan los 30 millones de pesos. Por el otro lado tenemos compa\u00f1eros que no exigen los beneficios y que se los descuentan de su recibo de sueldo\u201d. Afirm\u00f3 que \u201ctenemos un 40% de empleadores en Olavarr\u00eda que se quedan con los aportes de los trabajadores, estamos en un contexto donde es dif\u00edcil salir a celebrar algo\u201d.<\/p><\/blockquote>\n<p>En esa l\u00ednea, alert\u00f3 por el d\u00e9ficit de la obra social \u201clas empresas que no pagan al sindicato<strong> tampoco est\u00e1n aportando lo que le descuentan a los trabajadores a la obra social.<\/strong> La obra social cerr\u00f3 la semana pasada, estuvimos haciendo un balance en la central,<strong> casi 300 millones de pesos abajo por mes<\/strong>. No vamos a llegar a buen puerto, es inviable sostenerla, las prestaciones cada vez est\u00e1n m\u00e1s fuera de lo normal, no hay un control, cualquier pr\u00e1ctica vale cosas desorbitantes donde obviamente las obras sociales no las pueden sostener\u201d.<\/p>\n<h3>Los festejos<\/h3>\n<p>El D\u00eda del Trabajador Minero se festejar\u00e1 con <strong>un sorteo que repartir\u00e1 alrededor de 180 premios<\/strong>. \u201cOjal\u00e1 que ma\u00f1ana nos acompa\u00f1en todos o la gran mayor\u00eda de los trabajadores mineros en el streaming donde se van a hacer los sorteos\u201d.<\/p>\n<p>Durante esa trasmisi\u00f3n, <strong>AOMA va a presentar los avances en la obra de construcci\u00f3n de una pileta de 60 por 40 metros<\/strong> que se lleva adelante en un predio de 18 hect\u00e1reas ubicado frente al aut\u00f3dromo. Santill\u00e1n inform\u00f3 que el sindicato recibi\u00f3 fondos aportados por la Gobernaci\u00f3n de la provincia de Buenos Aires.<strong> \u201cTenemos una pileta que gracias al gobernador hoy es una realidad\u201d<\/strong> dijo. Inform\u00f3 que actualmente <strong>\u201cestamos con el segundo paso que son las bombas, todo el tema de filtrado que va a salir m\u00e1s de 100 millones de pesos.<\/strong> Estamos ya en la construcci\u00f3n de una oficina y un lugar para la vigilancia. Y obviamente tenemos algo muy ambicioso que es tener el sal\u00f3n de eventos dentro del predio\u201d.<\/p>\n<p>Entre los festejos sum\u00f3 que en noviembre <strong>una delegaci\u00f3n de unos 80 chicos viajar\u00e1 hacia C\u00f3rdoba<\/strong>, \u201ces el viaje de estudio que hacemos todos los a\u00f1os\u201d.<\/p>\n<p>Por \u00faltimo, inform\u00f3 que <strong>\u201cAOMA Central nos ha girado 53 millones de pesos<\/strong>, ya tenemos comprada la gran mayor\u00eda de los <strong>\u00fatiles que se van a entregar para el a\u00f1o que viene\u201d<\/strong>.<\/p>\n","protected":false},"excerpt":{"rendered":"<p>El secretario general de AOMA Olavarr\u00eda, Alejandro Santill\u00e1n, advirti\u00f3 por 308 despidos, empresas que no pagan aportes y posibles cierres.<\/p>\n","protected":false},"author":4,"featured_media":169048,"comment_status":"closed","ping_status":"closed","sticky":false,"template":"","format":"standard","meta":{"_jetpack_memberships_contains_paid_content":false,"footnotes":""},"categories":[4,1],"tags":[],"class_list":["post-186324","post","type-post","status-publish","format-standard","has-post-thumbnail","hentry","category-politica","category-portada"],"jetpack_featured_media_url":"https:\/\/i0.wp.com\/cdnoticias.com\/wp-content\/uploads\/2025\/04\/Santillan-AOMA.jpg?fit=1024%2C680&ssl=1","jetpack_sharing_enabled":true,"_links":{"self":[{"href":"https:\/\/cdnoticias.com\/index.php\/wp-json\/wp\/v2\/posts\/186324","targetHints":{"allow":["GET"]}}],"collection":[{"href":"https:\/\/cdnoticias.com\/index.php\/wp-json\/wp\/v2\/posts"}],"about":[{"href":"https:\/\/cdnoticias.com\/index.php\/wp-json\/wp\/v2\/types\/post"}],"author":[{"embeddable":true,"href":"https:\/\/cdnoticias.com\/index.php\/wp-json\/wp\/v2\/users\/4"}],"replies":[{"embeddable":true,"href":"https:\/\/cdnoticias.com\/index.php\/wp-json\/wp\/v2\/comments?post=186324"}],"version-history":[{"count":0,"href":"https:\/\/cdnoticias.com\/index.php\/wp-json\/wp\/v2\/posts\/186324\/revisions"}],"wp:featuredmedia":[{"embeddable":true,"href":"https:\/\/cdnoticias.com\/index.php\/wp-json\/wp\/v2\/media\/169048"}],"wp:attachment":[{"href":"https:\/\/cdnoticias.com\/index.php\/wp-json\/wp\/v2\/media?parent=186324"}],"wp:term":[{"taxonomy":"category","embeddable":true,"href":"https:\/\/cdnoticias.com\/index.php\/wp-json\/wp\/v2\/categories?post=186324"},{"taxonomy":"post_tag","embeddable":true,"href":"https:\/\/cdnoticias.com\/index.php\/wp-json\/wp\/v2\/tags?post=186324"}],"curies":[{"name":"wp","href":"https:\/\/api.w.org\/{rel}","templated":true}]}}