{"id":186310,"date":"2025-10-27T16:10:07","date_gmt":"2025-10-27T19:10:07","guid":{"rendered":"https:\/\/cdnoticias.com\/?p=186310"},"modified":"2025-10-27T18:00:18","modified_gmt":"2025-10-27T21:00:18","slug":"uno-por-uno-los-diputados-nacionales-que-ingresan-por-la-pba","status":"publish","type":"post","link":"https:\/\/cdnoticias.com\/index.php\/2025\/10\/27\/uno-por-uno-los-diputados-nacionales-que-ingresan-por-la-pba\/","title":{"rendered":"Uno por uno: los diputados nacionales que ingresan por la PBA"},"content":{"rendered":"<p>Con Diego Santilli a la cabeza, La Libertad Avanza se impuso en la provincia de Buenos Aires. Ese espacio mete 17 diputados y el peronismo 16.<!--more--><\/p>\n<hr \/>\n<p>Las <strong>elecciones de este domingo<\/strong> arrojaron un sorpresivo<strong> triunfo de La Libertad Avanza en la provincia de Buenos Aires<\/strong>, sobre todo teniendo en cuenta lo que hab\u00eda sucedido hace un mes y medio con una victoria por 13 puntos del peronismo. Esta vez<strong> la ventaja fue para los libertarios que metieron 17 de las 35 bancas<\/strong> en juego.<\/p>\n<p>Detr\u00e1s de los libertarios estuvo <strong>el oficialismo bonaerense, que lleg\u00f3 con sus n\u00fameros a 16 bancas<\/strong>. Y del total en juego, solo <strong>el Frente de Izquierda y de Trabajadores &#8211; Unidad (FIT-U) se qued\u00f3 con dos diputados<\/strong>, mientras que Provincias Unidas de Florencio Randazzo fue el gran derrotado.<\/p>\n<p>Esta elecci\u00f3n debe <strong>compararse con la de 2021<\/strong>. En ese momento, el Frente de Todos (hoy con el sello Fuerza Patria) obtuvo 15 bancas; Juntos por el Cambio tambi\u00e9n 15 (distribuidos en subalianzas como PRO, Coalici\u00f3n C\u00edvica, Encuentro Federal y Democracia para Siempre), La Libertad Avanza (entonces Avanza Libertad) 2, y el Frente de Izquierda y de Trabajadores &#8211; Unidad (FIT-U) 3.<\/p>\n<blockquote><p>En el oficialismo nacional, quien fue el gran ganador es Diego Santilli, quien pas\u00f3 al primer lugar de la boleta tras la baja de Jos\u00e9 Luis Espert, con v\u00ednculos con el empresario Fred Machado, sospechado de narco. Detr\u00e1s fue la vedette Karen Reichardt y tercero Sebasti\u00e1n Pareja, armador libertario bonaerense y hombre del ri\u00f1\u00f3n de Karina Milei. Luego se ubican Gladys Humenuk, amiga de Javier Milei durante su paso por Corporaci\u00f3n Am\u00e9rica; Alejandro Carrancio, apoderado de LLA; Johanna Longo, exdirectora de Asuntos Contenciosos en el Gobierno y Alejandro Finocchiaro, del PRO.<\/p><\/blockquote>\n<p>La <strong>lista de Fuerza Patria la encabez\u00f3 Jorge Taiana<\/strong>, ex canciller de N\u00e9stor Kirchner y ministro de Defensa de la Naci\u00f3n entre 2021 y 2023. Lo secund\u00f3 la necochense y massista Jimena L\u00f3pez (presidenta del Consorcio de Gesti\u00f3n de Puerto Quequ\u00e9n), y detr\u00e1s fue el dirigente social Juan Grabois. Luego est\u00e1n dos que renovar\u00e1n: Vanesa Siley y el titular de La Bancaria, Sergio Palazzo. Completan los primeros lugares, la cristinista Teresa Garc\u00eda, Horacio Pietragalla, Agustina Propato, pareja de Sergio Berni y Hugo Moyano (hijo).<\/p>\n<p>Mientras que los dos<strong> candidatos de izquierda<\/strong> que estar\u00e1n en el Congreso ser\u00e1n Nicol\u00e1s del Ca\u00f1o, que tambi\u00e9n consigui\u00f3 su lugar en 2021 y la docente Romina Del Pla.<\/p>\n<h4>Los diputados electos por PBA<\/h4>\n<ul>\n<li><strong>La Libertad Avanza<\/strong><\/li>\n<\/ul>\n<p>Diego Santilli<br \/>\nKaren Reichardt<br \/>\nSebasti\u00e1n Pareja<br \/>\nGladys Humenuk<br \/>\nAlejandro Carrancio<br \/>\nJohanna Longo<br \/>\nAlejandro Finocchiaro<br \/>\nMiriam Niveyro<br \/>\nSergio Figliuolo<br \/>\nGiselle Castelnuovo<br \/>\n\u00c1lvaro Garc\u00eda<br \/>\nFlorencia De Sensi<br \/>\nJoaqu\u00edn Ojeda<br \/>\nLuisa Gonz\u00e1lez Estevarena<br \/>\nHern\u00e1n Urien<br \/>\nAndrea Vera<br \/>\nJavier S\u00e1nchez Wrba<\/p>\n<ul>\n<li><strong>Fuerza Patria<\/strong><\/li>\n<\/ul>\n<p>Jorge Taiana<br \/>\nJimena L\u00f3pez<br \/>\nJuan Grabois<br \/>\nVanesa Siley<br \/>\nSergio Palazzo<br \/>\nTeresa Garc\u00eda<br \/>\nHoracio Pietragalla<br \/>\nAgustina Propato<br \/>\nHugo Moyano<br \/>\nFernanda D\u00edaz<br \/>\nSebasti\u00e1n Galmarini<br \/>\nFernanda Mi\u00f1o<br \/>\nHugo Yasky<br \/>\nMarina Salzmann<br \/>\nNicol\u00e1s Trotta<br \/>\nMar\u00eda Elena Vel\u00e1zquez<\/p>\n<ul>\n<li><strong>FIT-U<\/strong><\/li>\n<\/ul>\n<p>Nicol\u00e1s Del Ca\u00f1o<br \/>\nRomina Del Pla<\/p>\n<p>Fuente: <em>Agencia DIB<\/em><\/p>\n","protected":false},"excerpt":{"rendered":"<p>Con Diego Santilli a la cabeza, La Libertad Avanza se impuso en la provincia de Buenos Aires. Ese espacio mete<\/p>\n","protected":false},"author":4,"featured_media":186311,"comment_status":"closed","ping_status":"closed","sticky":false,"template":"","format":"standard","meta":{"_jetpack_memberships_contains_paid_content":false,"footnotes":""},"categories":[6,1],"tags":[],"class_list":["post-186310","post","type-post","status-publish","format-standard","has-post-thumbnail","hentry","category-nacionales","category-portada"],"jetpack_featured_media_url":"https:\/\/i0.wp.com\/cdnoticias.com\/wp-content\/uploads\/2025\/10\/diputados-nacionales-electos.jpg?fit=1000%2C556&ssl=1","jetpack_sharing_enabled":true,"_links":{"self":[{"href":"https:\/\/cdnoticias.com\/index.php\/wp-json\/wp\/v2\/posts\/186310","targetHints":{"allow":["GET"]}}],"collection":[{"href":"https:\/\/cdnoticias.com\/index.php\/wp-json\/wp\/v2\/posts"}],"about":[{"href":"https:\/\/cdnoticias.com\/index.php\/wp-json\/wp\/v2\/types\/post"}],"author":[{"embeddable":true,"href":"https:\/\/cdnoticias.com\/index.php\/wp-json\/wp\/v2\/users\/4"}],"replies":[{"embeddable":true,"href":"https:\/\/cdnoticias.com\/index.php\/wp-json\/wp\/v2\/comments?post=186310"}],"version-history":[{"count":0,"href":"https:\/\/cdnoticias.com\/index.php\/wp-json\/wp\/v2\/posts\/186310\/revisions"}],"wp:featuredmedia":[{"embeddable":true,"href":"https:\/\/cdnoticias.com\/index.php\/wp-json\/wp\/v2\/media\/186311"}],"wp:attachment":[{"href":"https:\/\/cdnoticias.com\/index.php\/wp-json\/wp\/v2\/media?parent=186310"}],"wp:term":[{"taxonomy":"category","embeddable":true,"href":"https:\/\/cdnoticias.com\/index.php\/wp-json\/wp\/v2\/categories?post=186310"},{"taxonomy":"post_tag","embeddable":true,"href":"https:\/\/cdnoticias.com\/index.php\/wp-json\/wp\/v2\/tags?post=186310"}],"curies":[{"name":"wp","href":"https:\/\/api.w.org\/{rel}","templated":true}]}}