{"id":186304,"date":"2025-10-27T09:40:39","date_gmt":"2025-10-27T12:40:39","guid":{"rendered":"https:\/\/cdnoticias.com\/?p=186304"},"modified":"2025-10-27T09:40:40","modified_gmt":"2025-10-27T12:40:40","slug":"se-anuncio-la-carrera-homenaje-ara-san-juan-capitan-de-corbeta-diego-m-wagner","status":"publish","type":"post","link":"https:\/\/cdnoticias.com\/index.php\/2025\/10\/27\/se-anuncio-la-carrera-homenaje-ara-san-juan-capitan-de-corbeta-diego-m-wagner\/","title":{"rendered":"Se anunci\u00f3 la carrera \u201cHomenaje ARA San Juan \u2013 Capit\u00e1n de Corbeta Diego M Wagner\u201d"},"content":{"rendered":"<p>Se llevar\u00e1 a cabo el pr\u00f3ximo 23 de noviembre en Hinojo y lo recaudado ser\u00e1 destinado a dos instituciones educativos. Inscripci\u00f3n abierta.<!--more--><\/p>\n<hr \/>\n<p>El<strong> Municipio de Olavarr\u00eda<\/strong> informa que <strong>el pr\u00f3ximo domingo 23 de noviembre<\/strong> se llevar\u00e1 a cabo la <strong>carrera \u201cHomenaje ARA San Juan \u2013 Capit\u00e1n de Corbeta Diego Wagner\u201d<\/strong>, una<strong> prueba pedestre<\/strong> que es organizada desde la <strong>Subsecretar\u00eda de Deportes del Municipio<\/strong>, en acuerdo y di\u00e1logo adem\u00e1s con la <strong>familia del h\u00e9roe olavarriense<\/strong>.<\/p>\n<blockquote><p>Se tratar\u00e1 no s\u00f3lo de un evento deportivo y un merecido reconocimiento a quienes tripulaban el submarino de la Armada Argentina, sino que adem\u00e1s tendr\u00e1 su ribete solidario, dado que todo lo recaudado ser\u00e1 donado a dos instituciones educativas del Partido de Olavarr\u00eda.<\/p><\/blockquote>\n<p>Se desarrollar\u00e1 en la<strong> localidad de Hinojo<\/strong>, recorriendo distintos puntos donde se encuentra emplazada<strong> la r\u00e9plica del ARA San Juan<\/strong> y la<strong> plazoleta<\/strong> que precisamente rinde homenaje a Diego Wagner y los 43 tripulantes.<\/p>\n<p>La carrera tendr\u00e1<strong> tres distancias<\/strong>, con el objetivo de que todas las personas interesadas puedan sumarse. Tal es as\u00ed que se decidi\u00f3 la incorporaci\u00f3n de una <strong>Correcaminata, de 3 kil\u00f3metros<\/strong>, cuya inscripci\u00f3n ser\u00e1 gratuita. A la par, se disputar\u00e1n<strong> dos pruebas competitivas, de 5 y 10 kil\u00f3metros<\/strong>, cuyo valor de<strong> inscripci\u00f3n ser\u00e1 de 10 mil pesos.<\/strong><\/p>\n<p>Todo <strong>lo recaudado ser\u00e1 donado a la Escuela Primaria N\u00b0 35 \u201cJos\u00e9 Lamas\u201d de la localidad de Mapis y la Escuela Secundaria N\u00b0 16<\/strong>, que lleva el nombre de Diego Wagner.<\/p>\n<p><strong>La inscripci\u00f3n podr\u00e1 realizarse \u00fanicamente de manera online<\/strong>, <a href=\"https:\/\/gobiernoabierto.olavarria.gov.ar\/tramites-y-servicios\/inscripcion-homenaje-ara-san-juan\/\" target=\"_blank\" rel=\"noopener\">a trav\u00e9s del formulario online disponible en este link<\/a>, que <strong>hasta el viernes 14 de noviembre<\/strong> a las 22 horas estar\u00e1 disponible en el sitio web del Municipio de Olavarr\u00eda, donde podr\u00e1 verse adem\u00e1s en la parte superior derecho el banner para acceder al micro sitio de la prueba.<\/p>\n<p>La <strong>entrega de kits<\/strong> se llevar\u00e1 a cabo el s\u00e1bado 22, de 16 a 19 horas, exclusiva para corredores y corredoras olavarrienses. El domingo 23, de 8:30 a 9:30 horas, se lo har\u00e1 para for\u00e1neos. En ambos casos la entrega se realizar\u00e1 en la<strong> Delegaci\u00f3n de Hinojo<\/strong>, sobre calle Basterrica frente a la plaza central de la localidad.<\/p>\n","protected":false},"excerpt":{"rendered":"<p>Se llevar\u00e1 a cabo el pr\u00f3ximo 23 de noviembre en Hinojo y lo recaudado ser\u00e1 destinado a dos instituciones educativos.<\/p>\n","protected":false},"author":4,"featured_media":186305,"comment_status":"closed","ping_status":"closed","sticky":false,"template":"","format":"standard","meta":{"_jetpack_memberships_contains_paid_content":false,"footnotes":""},"categories":[29,5,1],"tags":[],"class_list":["post-186304","post","type-post","status-publish","format-standard","has-post-thumbnail","hentry","category-deportes","category-informacion-general","category-portada"],"jetpack_featured_media_url":"https:\/\/i0.wp.com\/cdnoticias.com\/wp-content\/uploads\/2025\/10\/Carrera-ARa-San-Juan-Wagner-00.jpg?fit=1000%2C556&ssl=1","jetpack_sharing_enabled":true,"_links":{"self":[{"href":"https:\/\/cdnoticias.com\/index.php\/wp-json\/wp\/v2\/posts\/186304","targetHints":{"allow":["GET"]}}],"collection":[{"href":"https:\/\/cdnoticias.com\/index.php\/wp-json\/wp\/v2\/posts"}],"about":[{"href":"https:\/\/cdnoticias.com\/index.php\/wp-json\/wp\/v2\/types\/post"}],"author":[{"embeddable":true,"href":"https:\/\/cdnoticias.com\/index.php\/wp-json\/wp\/v2\/users\/4"}],"replies":[{"embeddable":true,"href":"https:\/\/cdnoticias.com\/index.php\/wp-json\/wp\/v2\/comments?post=186304"}],"version-history":[{"count":0,"href":"https:\/\/cdnoticias.com\/index.php\/wp-json\/wp\/v2\/posts\/186304\/revisions"}],"wp:featuredmedia":[{"embeddable":true,"href":"https:\/\/cdnoticias.com\/index.php\/wp-json\/wp\/v2\/media\/186305"}],"wp:attachment":[{"href":"https:\/\/cdnoticias.com\/index.php\/wp-json\/wp\/v2\/media?parent=186304"}],"wp:term":[{"taxonomy":"category","embeddable":true,"href":"https:\/\/cdnoticias.com\/index.php\/wp-json\/wp\/v2\/categories?post=186304"},{"taxonomy":"post_tag","embeddable":true,"href":"https:\/\/cdnoticias.com\/index.php\/wp-json\/wp\/v2\/tags?post=186304"}],"curies":[{"name":"wp","href":"https:\/\/api.w.org\/{rel}","templated":true}]}}