{"id":186298,"date":"2025-10-27T09:06:33","date_gmt":"2025-10-27T12:06:33","guid":{"rendered":"https:\/\/cdnoticias.com\/?p=186298"},"modified":"2025-10-27T12:27:23","modified_gmt":"2025-10-27T15:27:23","slug":"lo-esperaron-a-que-votara-y-lo-detuvieron-tenia-pedido-de-captura","status":"publish","type":"post","link":"https:\/\/cdnoticias.com\/index.php\/2025\/10\/27\/lo-esperaron-a-que-votara-y-lo-detuvieron-tenia-pedido-de-captura\/","title":{"rendered":"Esperaron a que votara y lo detuvieron: ten\u00eda pedido de captura"},"content":{"rendered":"<p>El acusado por \u201catentado y resistencia a la autoridad\u201d qued\u00f3 detenido por personal de la Comisar\u00eda Primera en inmediaciones del Club Racing.<!--more--><\/p>\n<hr \/>\n<p>El<strong> domingo electoral<\/strong> permiti\u00f3 a la Polic\u00eda <strong>arrestar a un hombre que era buscado por la Justicia<\/strong> en Olavarr\u00eda.<\/p>\n<blockquote><p>Se trata de Michelle Agust\u00edn Zurita, de 27 a\u00f1os, quien qued\u00f3 detenido este domingo en la v\u00eda p\u00fablica en el marco de una orden judicial por una causa caratulada \u201catentado y resistencia a la autoridad\u201d.<\/p><\/blockquote>\n<p>El procedimiento se realiz\u00f3 en <strong>inmediaciones del club Racing<\/strong>, m\u00e1s precisamente en calle <strong>Cerrito al 3700<\/strong>, donde personal del<strong> Gabinete T\u00e9cnico Operativo de la Comisar\u00eda Primera de Olavarr\u00eda<\/strong> llev\u00f3 a cabo<strong> un operativo encubierto<\/strong> que permiti\u00f3 localizar al acusado.<\/p>\n<p>El personal policial <strong>esper\u00f3 a que Zurita se presentara a votar<\/strong> en las elecciones legislativas.<strong> Despu\u00e9s de emitir el sufragio<\/strong>, al salir del club donde se ubicaba su mesa, <strong>qued\u00f3 detenido.<\/strong><\/p>\n<p>La orden para su captura hab\u00eda sido emitida por el<strong> Juzgado Correccional de Olavarr\u00eda, a cargo de la jueza Cecilia Desiata<\/strong>. El hombre qued\u00f3 alojado en la dependencia policial a la espera de cupo en una unidad penitenciaria.<\/p>\n","protected":false},"excerpt":{"rendered":"<p>El acusado por \u201catentado y resistencia a la autoridad\u201d qued\u00f3 detenido por personal de la Comisar\u00eda Primera en inmediaciones del<\/p>\n","protected":false},"author":4,"featured_media":186299,"comment_status":"closed","ping_status":"closed","sticky":false,"template":"","format":"standard","meta":{"_jetpack_memberships_contains_paid_content":false,"footnotes":""},"categories":[14,1],"tags":[],"class_list":["post-186298","post","type-post","status-publish","format-standard","has-post-thumbnail","hentry","category-policiales","category-portada"],"jetpack_featured_media_url":"https:\/\/i0.wp.com\/cdnoticias.com\/wp-content\/uploads\/2025\/10\/cerrito-3700.jpeg?fit=1000%2C557&ssl=1","jetpack_sharing_enabled":true,"_links":{"self":[{"href":"https:\/\/cdnoticias.com\/index.php\/wp-json\/wp\/v2\/posts\/186298","targetHints":{"allow":["GET"]}}],"collection":[{"href":"https:\/\/cdnoticias.com\/index.php\/wp-json\/wp\/v2\/posts"}],"about":[{"href":"https:\/\/cdnoticias.com\/index.php\/wp-json\/wp\/v2\/types\/post"}],"author":[{"embeddable":true,"href":"https:\/\/cdnoticias.com\/index.php\/wp-json\/wp\/v2\/users\/4"}],"replies":[{"embeddable":true,"href":"https:\/\/cdnoticias.com\/index.php\/wp-json\/wp\/v2\/comments?post=186298"}],"version-history":[{"count":0,"href":"https:\/\/cdnoticias.com\/index.php\/wp-json\/wp\/v2\/posts\/186298\/revisions"}],"wp:featuredmedia":[{"embeddable":true,"href":"https:\/\/cdnoticias.com\/index.php\/wp-json\/wp\/v2\/media\/186299"}],"wp:attachment":[{"href":"https:\/\/cdnoticias.com\/index.php\/wp-json\/wp\/v2\/media?parent=186298"}],"wp:term":[{"taxonomy":"category","embeddable":true,"href":"https:\/\/cdnoticias.com\/index.php\/wp-json\/wp\/v2\/categories?post=186298"},{"taxonomy":"post_tag","embeddable":true,"href":"https:\/\/cdnoticias.com\/index.php\/wp-json\/wp\/v2\/tags?post=186298"}],"curies":[{"name":"wp","href":"https:\/\/api.w.org\/{rel}","templated":true}]}}