{"id":186283,"date":"2025-10-26T23:47:37","date_gmt":"2025-10-27T02:47:37","guid":{"rendered":"https:\/\/cdnoticias.com\/?p=186283"},"modified":"2025-10-26T23:47:39","modified_gmt":"2025-10-27T02:47:39","slug":"la-libertad-avanza-gano-en-99-de-los-135-distritos-bonaerenses","status":"publish","type":"post","link":"https:\/\/cdnoticias.com\/index.php\/2025\/10\/26\/la-libertad-avanza-gano-en-99-de-los-135-distritos-bonaerenses\/","title":{"rendered":"La Libertad Avanza gan\u00f3 en 99 de los 135 distritos bonaerenses"},"content":{"rendered":"<p>La Libertad Avanza arras\u00f3 en el interior y gan\u00f3 en varios municipios del AMBA. El peronismo retuvo sus bastiones hist\u00f3ricos en el Conurbano.<!--more--><\/p>\n<hr \/>\n<p>La<strong> victoria de La Libertad Avanza result\u00f3 aplastante<\/strong> medida en t\u00e9rminos de despliegue territorial: <strong>la lista que encabez\u00f3 Diego Santilli se impuso en 99 de los 135 distritos<\/strong> que componen la provincia a la de Fuerza Patria de Jorge Taiana.<\/p>\n<blockquote><p>El mapa mostr\u00f3 una imagen contundente: casi completamente pintado de violeta, lo que marc\u00f3 otro fuerte contraste con la elecci\u00f3n de septiembre: Fuerza Patria solo gan\u00f3 en 36 ciudades.<\/p><\/blockquote>\n<p><img data-recalc-dims=\"1\" loading=\"lazy\" decoding=\"async\" class=\"alignnone size-large wp-image-186288 aligncenter\" src=\"https:\/\/i0.wp.com\/cdnoticias.com\/wp-content\/uploads\/2025\/10\/legislativas-2025-resultados-provincia-bancas.jpg?resize=800%2C385&#038;ssl=1\" alt=\"\" width=\"800\" height=\"385\" srcset=\"https:\/\/i0.wp.com\/cdnoticias.com\/wp-content\/uploads\/2025\/10\/legislativas-2025-resultados-provincia-bancas.jpg?resize=1024%2C493&amp;ssl=1 1024w, https:\/\/i0.wp.com\/cdnoticias.com\/wp-content\/uploads\/2025\/10\/legislativas-2025-resultados-provincia-bancas.jpg?resize=300%2C144&amp;ssl=1 300w, https:\/\/i0.wp.com\/cdnoticias.com\/wp-content\/uploads\/2025\/10\/legislativas-2025-resultados-provincia-bancas.jpg?resize=768%2C370&amp;ssl=1 768w, https:\/\/i0.wp.com\/cdnoticias.com\/wp-content\/uploads\/2025\/10\/legislativas-2025-resultados-provincia-bancas.jpg?resize=1536%2C739&amp;ssl=1 1536w, https:\/\/i0.wp.com\/cdnoticias.com\/wp-content\/uploads\/2025\/10\/legislativas-2025-resultados-provincia-bancas.jpg?w=1920&amp;ssl=1 1920w, https:\/\/i0.wp.com\/cdnoticias.com\/wp-content\/uploads\/2025\/10\/legislativas-2025-resultados-provincia-bancas.jpg?w=1600&amp;ssl=1 1600w\" sizes=\"auto, (max-width: 800px) 100vw, 800px\" \/><\/p>\n<p>Adem\u00e1s de arrasar en el interior,<strong> los libertarios se impusieron en La Plata,<\/strong> donde el septiembre hab\u00eda hecho una buena elecci\u00f3n y en distritos del norte del conurbano como<strong> San Isidro<\/strong>, donde gobierna Ram\u00f3n Lan\u00fas y LLA se qued\u00f3 con 57,6% de los votos contra 25,9% o Tigre, donde manda el peronismo Julio Zamora pero la lista de Santilli gan\u00f3 por ocho puntos.<\/p>\n<p>En cambio, <strong>Fuerza Patria logr\u00f3 buenos resultados en distritos de hist\u00f3rica hegemon\u00eda peronista<\/strong> como <strong>La Matanza<\/strong>, gobernada por el kicillofista Fernando Espinoza, donde se impuso con 48,3% contra el 32,5% de LLA;<strong> Quilmes<\/strong> -la intendenta es la camporista Mayra Mendoza-, donde se qued\u00f3 con el 45,7% contra el 37,7% de LLA. El peronismo gan\u00f3 tambi\u00e9n el Esteban Echeverr\u00eda 36,1% contra 27,7%; Almirante Brown, donde la ventaja fue de 15,3%, Lomas de Zamora, donde se impuso por 13.4%.<\/p>\n<p><img data-recalc-dims=\"1\" loading=\"lazy\" decoding=\"async\" class=\"alignnone size-large wp-image-186287 aligncenter\" src=\"https:\/\/i0.wp.com\/cdnoticias.com\/wp-content\/uploads\/2025\/10\/legislativas-2025-participacion-provincia.jpg?resize=800%2C382&#038;ssl=1\" alt=\"\" width=\"800\" height=\"382\" srcset=\"https:\/\/i0.wp.com\/cdnoticias.com\/wp-content\/uploads\/2025\/10\/legislativas-2025-participacion-provincia.jpg?resize=1024%2C489&amp;ssl=1 1024w, https:\/\/i0.wp.com\/cdnoticias.com\/wp-content\/uploads\/2025\/10\/legislativas-2025-participacion-provincia.jpg?resize=300%2C143&amp;ssl=1 300w, https:\/\/i0.wp.com\/cdnoticias.com\/wp-content\/uploads\/2025\/10\/legislativas-2025-participacion-provincia.jpg?resize=768%2C366&amp;ssl=1 768w, https:\/\/i0.wp.com\/cdnoticias.com\/wp-content\/uploads\/2025\/10\/legislativas-2025-participacion-provincia.jpg?resize=1536%2C733&amp;ssl=1 1536w, https:\/\/i0.wp.com\/cdnoticias.com\/wp-content\/uploads\/2025\/10\/legislativas-2025-participacion-provincia.jpg?w=1920&amp;ssl=1 1920w, https:\/\/i0.wp.com\/cdnoticias.com\/wp-content\/uploads\/2025\/10\/legislativas-2025-participacion-provincia.jpg?w=1600&amp;ssl=1 1600w\" sizes=\"auto, (max-width: 800px) 100vw, 800px\" \/><\/p>\n<blockquote><p>El propio Santilli <a href=\"https:\/\/x.com\/diegosantilli\/status\/1982611239542178281\" target=\"_blank\" rel=\"noopener\">comparti\u00f3 un mapa de la provincia pintado de violeta<\/a> en un mensaje en sus redes sociales en el que escribi\u00f3: \u201cHicimos historia en la Provincia!\u201d. Despu\u00e9s, en la conferencia de prensa del oficialismo aseguro que el resultado demuestra que \u201cla Provincia quiere el cambio\u201d. \u201cLos convoco a que demos esa batalla en 2027\u201d, agreg\u00f3 en referencia a la elecci\u00f3n para elegir al sucesor de Axel Kicillof.<\/p><\/blockquote>\n<p>Por el lado del peronismo, <strong>Mendoza sali\u00f3 a agradecer el triunfo en su distrito<\/strong>, en un post de X en el que dej\u00f3 un duro mensaje interno contra Axel Kicillof, al que no nombr\u00f3. &#8220;El conurbano va a salvar a la Patria y Cristina Kirchner ten\u00eda raz\u00f3n (no importa cuando leas esto)&#8221;, escribi\u00f3. Fue una referencia al efecto del desdoblamiento electoral decidido por el Gobernador, que seg\u00fan el cristinismo result\u00f3 perjudicial a la postra.<\/p>\n<p>Fuente: <em>Agencia DIB<\/em><\/p>\n<blockquote class=\"wp-embedded-content\" data-secret=\"fDrqyijpuC\"><p><a href=\"https:\/\/cdnoticias.com\/index.php\/2025\/10\/26\/olavarria-en-violeta-contundente-victoria-de-la-libertad-avanza-en-las-legislativas\/\">Olavarr\u00eda en violeta: contundente victoria de La Libertad Avanza en las Legislativas<\/a><\/p><\/blockquote>\n<p><iframe loading=\"lazy\" class=\"wp-embedded-content\" sandbox=\"allow-scripts\" security=\"restricted\" style=\"position: absolute; visibility: hidden;\" title=\"&#8220;Olavarr\u00eda en violeta: contundente victoria de La Libertad Avanza en las Legislativas&#8221; &#8212; Central de Noticias | Olavarr\u00eda\" src=\"https:\/\/cdnoticias.com\/index.php\/2025\/10\/26\/olavarria-en-violeta-contundente-victoria-de-la-libertad-avanza-en-las-legislativas\/embed\/#?secret=3dQIkMZDjp#?secret=fDrqyijpuC\" data-secret=\"fDrqyijpuC\" width=\"600\" height=\"338\" frameborder=\"0\" marginwidth=\"0\" marginheight=\"0\" scrolling=\"no\"><\/iframe><\/p>\n","protected":false},"excerpt":{"rendered":"<p>La Libertad Avanza arras\u00f3 en el interior y gan\u00f3 en varios municipios del AMBA. El peronismo retuvo sus bastiones hist\u00f3ricos<\/p>\n","protected":false},"author":4,"featured_media":186284,"comment_status":"closed","ping_status":"closed","sticky":false,"template":"","format":"standard","meta":{"_jetpack_memberships_contains_paid_content":false,"footnotes":""},"categories":[6,1],"tags":[],"class_list":["post-186283","post","type-post","status-publish","format-standard","has-post-thumbnail","hentry","category-nacionales","category-portada"],"jetpack_featured_media_url":"https:\/\/i0.wp.com\/cdnoticias.com\/wp-content\/uploads\/2025\/10\/legislativas-2025-resultados-provincia.jpg?fit=1625%2C904&ssl=1","jetpack_sharing_enabled":true,"_links":{"self":[{"href":"https:\/\/cdnoticias.com\/index.php\/wp-json\/wp\/v2\/posts\/186283","targetHints":{"allow":["GET"]}}],"collection":[{"href":"https:\/\/cdnoticias.com\/index.php\/wp-json\/wp\/v2\/posts"}],"about":[{"href":"https:\/\/cdnoticias.com\/index.php\/wp-json\/wp\/v2\/types\/post"}],"author":[{"embeddable":true,"href":"https:\/\/cdnoticias.com\/index.php\/wp-json\/wp\/v2\/users\/4"}],"replies":[{"embeddable":true,"href":"https:\/\/cdnoticias.com\/index.php\/wp-json\/wp\/v2\/comments?post=186283"}],"version-history":[{"count":0,"href":"https:\/\/cdnoticias.com\/index.php\/wp-json\/wp\/v2\/posts\/186283\/revisions"}],"wp:featuredmedia":[{"embeddable":true,"href":"https:\/\/cdnoticias.com\/index.php\/wp-json\/wp\/v2\/media\/186284"}],"wp:attachment":[{"href":"https:\/\/cdnoticias.com\/index.php\/wp-json\/wp\/v2\/media?parent=186283"}],"wp:term":[{"taxonomy":"category","embeddable":true,"href":"https:\/\/cdnoticias.com\/index.php\/wp-json\/wp\/v2\/categories?post=186283"},{"taxonomy":"post_tag","embeddable":true,"href":"https:\/\/cdnoticias.com\/index.php\/wp-json\/wp\/v2\/tags?post=186283"}],"curies":[{"name":"wp","href":"https:\/\/api.w.org\/{rel}","templated":true}]}}