{"id":186247,"date":"2025-10-26T22:54:20","date_gmt":"2025-10-27T01:54:20","guid":{"rendered":"https:\/\/cdnoticias.com\/?p=186247"},"modified":"2025-10-26T22:54:21","modified_gmt":"2025-10-27T01:54:21","slug":"el-pro-denuncio-que-lanzaron-huevos-contra-su-local-partidario","status":"publish","type":"post","link":"https:\/\/cdnoticias.com\/index.php\/2025\/10\/26\/el-pro-denuncio-que-lanzaron-huevos-contra-su-local-partidario\/","title":{"rendered":"El PRO denunci\u00f3 que lanzaron huevos contra su local partidario"},"content":{"rendered":"\n<p>Se\u00f1alaron en un comunicado que \u201cgeneraron malestar entre los presentes\u201d y que \u201cnada aportan al debate democr\u00e1tico\u201d.<\/p>\n\n\n\n<hr class=\"wp-block-separator aligncenter has-alpha-channel-opacity\"\/>\n\n\n\n<p>En la noche de este domingo, <strong>el PRO denunci\u00f3 que desconocidos arrojaron huevos contra su local partidario <em>\u201cgenerando malestar entre los militantes presentes\u201d.<\/em><\/strong><\/p>\n\n\n\n<p>En un comunicado que dieron a conocer minutos despu\u00e9s de lo ocurrido, se\u00f1alaron que<em> \u201cdesde nuestro espacio pol\u00edtico consideramos que este tipo de agresiones nada aportan al debate democr\u00e1tico y llaman a mantener el respeto en pleno proceso electoral. Podemos pensar distinto, pero jam\u00e1s justificar la violencia\u201d.<\/em><\/p>\n\n\n\n<p><em><strong>\u201cEstamos convencidos que la pol\u00edtica debe dirimirse con ideas y votos, no con ataques\u201d.<\/strong><\/em> Confirmaron que no se <strong>registraron heridos ni da\u00f1os materiales significativos.<\/strong><\/p>\n\n\n\n<p><em><strong>\u201cInsistimos que la democracia se construye con participaci\u00f3n, di\u00e1logo y tolerancia. Actitudes como esta solo buscan generar miedo y divisi\u00f3n\u201d <\/strong><\/em>cerraron.<\/p>\n","protected":false},"excerpt":{"rendered":"<p>Se\u00f1alaron en un comunicado que \u201cgeneraron malestar entre los presentes\u201d y que \u201cnada aportan al debate democr\u00e1tico\u201d. En la noche<\/p>\n","protected":false},"author":2,"featured_media":186248,"comment_status":"closed","ping_status":"closed","sticky":false,"template":"","format":"standard","meta":{"_jetpack_memberships_contains_paid_content":false,"footnotes":""},"categories":[4,1],"tags":[],"class_list":["post-186247","post","type-post","status-publish","format-standard","has-post-thumbnail","hentry","category-politica","category-portada"],"jetpack_featured_media_url":"https:\/\/i0.wp.com\/cdnoticias.com\/wp-content\/uploads\/2025\/10\/huevos-pro-.jpg?fit=800%2C445&ssl=1","jetpack_sharing_enabled":true,"_links":{"self":[{"href":"https:\/\/cdnoticias.com\/index.php\/wp-json\/wp\/v2\/posts\/186247","targetHints":{"allow":["GET"]}}],"collection":[{"href":"https:\/\/cdnoticias.com\/index.php\/wp-json\/wp\/v2\/posts"}],"about":[{"href":"https:\/\/cdnoticias.com\/index.php\/wp-json\/wp\/v2\/types\/post"}],"author":[{"embeddable":true,"href":"https:\/\/cdnoticias.com\/index.php\/wp-json\/wp\/v2\/users\/2"}],"replies":[{"embeddable":true,"href":"https:\/\/cdnoticias.com\/index.php\/wp-json\/wp\/v2\/comments?post=186247"}],"version-history":[{"count":0,"href":"https:\/\/cdnoticias.com\/index.php\/wp-json\/wp\/v2\/posts\/186247\/revisions"}],"wp:featuredmedia":[{"embeddable":true,"href":"https:\/\/cdnoticias.com\/index.php\/wp-json\/wp\/v2\/media\/186248"}],"wp:attachment":[{"href":"https:\/\/cdnoticias.com\/index.php\/wp-json\/wp\/v2\/media?parent=186247"}],"wp:term":[{"taxonomy":"category","embeddable":true,"href":"https:\/\/cdnoticias.com\/index.php\/wp-json\/wp\/v2\/categories?post=186247"},{"taxonomy":"post_tag","embeddable":true,"href":"https:\/\/cdnoticias.com\/index.php\/wp-json\/wp\/v2\/tags?post=186247"}],"curies":[{"name":"wp","href":"https:\/\/api.w.org\/{rel}","templated":true}]}}