{"id":186232,"date":"2025-10-26T21:00:42","date_gmt":"2025-10-27T00:00:42","guid":{"rendered":"https:\/\/cdnoticias.com\/?p=186232"},"modified":"2025-10-26T22:37:09","modified_gmt":"2025-10-27T01:37:09","slug":"lascano-es-un-resultado-historico-para-olavarria","status":"publish","type":"post","link":"https:\/\/cdnoticias.com\/index.php\/2025\/10\/26\/lascano-es-un-resultado-historico-para-olavarria\/","title":{"rendered":"Lascano: \u201cEs un resultado hist\u00f3rico para Olavarr\u00eda\u201d"},"content":{"rendered":"\n<p>El funcionario nacional confirm\u00f3 el triunfo local de La Libertad Avanza y se\u00f1al\u00f3 que la mayor concurrencia a votar fue determinante. Valor\u00f3 la labor de los fiscales y catalog\u00f3 como positiva la Boleta \u00danica en Papel.<\/p>\n\n\n\n<hr class=\"wp-block-separator aligncenter has-alpha-channel-opacity\"\/>\n\n\n\n<p>El titular de PAMI Olavarr\u00eda y referente de La Libertad Avanza, <strong>Guillermo Lascano, dialog\u00f3 con medios y ratific\u00f3 el triunfo libertario en el distrito, al que catalog\u00f3 como \u201cresultado hist\u00f3rico\u201d.<\/strong><\/p>\n\n\n\n<p>Admiti\u00f3 que<em><strong> \u201cno pens\u00e1bamos que \u00edbamos a tener esta remontada, era todo una expresi\u00f3n de deseo pero cuando vienen los n\u00fameros explota de felicidad. Es un resultado hist\u00f3rico para Olavarr\u00eda\u201d.<\/strong><\/em><\/p>\n\n\n\n<p>Se\u00f1al\u00f3 que una de las claves estuvo en el incremento de asistentes a votar: <em>\u201cnos contaban los fiscales que apareci\u00f3 mucha gente que no estuvo en septiembre, muchos j\u00f3venes. Eso hizo inclinar la balanza para este resultado que es muy importante, en Sierras Bayas, Sierra Chica, Loma Negra, Hinojo, Colonia San Miguel achicamos la diferencia. Si bien son mesas chicas para nosotros es fundamental. <strong>Es un mensaje que nos da la sociedad<\/strong>\u201d.<\/em><\/p>\n\n\n\n<p>En b\u00fasqueda de las razones del resultado distinto, Lascano expres\u00f3 que a\u00fan no analiz\u00f3 a fondo los datos, <em>\u201ccreo que la sociedad no s\u00e9 si se asust\u00f3, el porcentaje de asistencia fue mucho m\u00e1s alto. <strong>Y el radicalismo al no tener una opci\u00f3n se volc\u00f3 a La Libertad Avanza\u201d<\/strong>.<\/em><\/p>\n\n\n\n<blockquote class=\"wp-block-quote is-layout-flow wp-block-quote-is-layout-flow\">\n<p>\u201cEn septiembre dividimos mucho nuestra oferta electoral, eso se volc\u00f3 tambi\u00e9n. Eran 7 puntos aproximadamente, si bien seguro algo fue al oficialismo local en gran medida se volc\u00f3 a LLA\u201d.<\/p>\n<\/blockquote>\n\n\n\n<p>Insisti\u00f3 en que durante la jornada<em> \u201cten\u00edamos la sensaci\u00f3n de que faltaba concurrencia, pero en realidad fue el dinamismo de la elecci\u00f3n por la boleta que hac\u00eda que se vieran escuelas vac\u00edas. Es muy sacrificado para un fiscal estar desde las 7 hasta las 20 horas, quiero agradecer a todos, por cumplir el deber c\u00edvico, cuidar los votos\u201d.<\/em><\/p>\n\n\n\n<p><strong><em>\u201cAc\u00e1 no corr\u00e9s el riesgo que te roben las boletas, te las esconda, hay cosas para ajustar pero es un paso muy positivo\u201d <\/em><\/strong>opin\u00f3 sobre la importancia de la Boleta \u00danica Papel. \u00a0<\/p>\n","protected":false},"excerpt":{"rendered":"<p>El funcionario nacional confirm\u00f3 el triunfo local de La Libertad Avanza y se\u00f1al\u00f3 que la mayor concurrencia a votar fue<\/p>\n","protected":false},"author":2,"featured_media":186233,"comment_status":"closed","ping_status":"closed","sticky":false,"template":"","format":"standard","meta":{"_jetpack_memberships_contains_paid_content":false,"footnotes":""},"categories":[4,1],"tags":[],"class_list":["post-186232","post","type-post","status-publish","format-standard","has-post-thumbnail","hentry","category-politica","category-portada"],"jetpack_featured_media_url":"https:\/\/i0.wp.com\/cdnoticias.com\/wp-content\/uploads\/2025\/10\/lascano-legislativas.jpg?fit=800%2C445&ssl=1","jetpack_sharing_enabled":true,"_links":{"self":[{"href":"https:\/\/cdnoticias.com\/index.php\/wp-json\/wp\/v2\/posts\/186232","targetHints":{"allow":["GET"]}}],"collection":[{"href":"https:\/\/cdnoticias.com\/index.php\/wp-json\/wp\/v2\/posts"}],"about":[{"href":"https:\/\/cdnoticias.com\/index.php\/wp-json\/wp\/v2\/types\/post"}],"author":[{"embeddable":true,"href":"https:\/\/cdnoticias.com\/index.php\/wp-json\/wp\/v2\/users\/2"}],"replies":[{"embeddable":true,"href":"https:\/\/cdnoticias.com\/index.php\/wp-json\/wp\/v2\/comments?post=186232"}],"version-history":[{"count":0,"href":"https:\/\/cdnoticias.com\/index.php\/wp-json\/wp\/v2\/posts\/186232\/revisions"}],"wp:featuredmedia":[{"embeddable":true,"href":"https:\/\/cdnoticias.com\/index.php\/wp-json\/wp\/v2\/media\/186233"}],"wp:attachment":[{"href":"https:\/\/cdnoticias.com\/index.php\/wp-json\/wp\/v2\/media?parent=186232"}],"wp:term":[{"taxonomy":"category","embeddable":true,"href":"https:\/\/cdnoticias.com\/index.php\/wp-json\/wp\/v2\/categories?post=186232"},{"taxonomy":"post_tag","embeddable":true,"href":"https:\/\/cdnoticias.com\/index.php\/wp-json\/wp\/v2\/tags?post=186232"}],"curies":[{"name":"wp","href":"https:\/\/api.w.org\/{rel}","templated":true}]}}