{"id":186188,"date":"2025-10-26T10:49:20","date_gmt":"2025-10-26T13:49:20","guid":{"rendered":"https:\/\/cdnoticias.com\/?p=186188"},"modified":"2025-10-26T12:47:53","modified_gmt":"2025-10-26T15:47:53","slug":"ezequiel-galli-voto-y-convoco-a-los-vecinos-a-participar","status":"publish","type":"post","link":"https:\/\/cdnoticias.com\/index.php\/2025\/10\/26\/ezequiel-galli-voto-y-convoco-a-los-vecinos-a-participar\/","title":{"rendered":"Ezequiel Galli vot\u00f3 y convoc\u00f3 a los vecinos a participar"},"content":{"rendered":"\n<p>El ex intendente de Olavarr\u00eda vot\u00f3 esta ma\u00f1ana en el Jard\u00edn N\u00b0 902. \u201cEs una elecci\u00f3n que marcar\u00e1 el rumbo de Argentina\u201d, sostuvo.<\/p>\n\n\n\n<hr class=\"wp-block-separator has-alpha-channel-opacity\"\/>\n\n\n\n<p>El ex intendente de Olavarr\u00eda, Ezequiel Galli, emiti\u00f3 su voto esta ma\u00f1ana alrededor de las 10 horas en el <strong>Jard\u00edn de Infantes N\u00ba 902,<\/strong> en el marco de las elecciones de este domingo.<\/p>\n\n\n\n<p><\/p>\n\n\n\n<p>Tras sufragar, Galli destac\u00f3 la importancia del proceso electoral: <strong>\u201ces una elecci\u00f3n que marcar\u00e1 el rumbo de la Argentina. Invitamos a los vecinos a que se acerquen a votar, que sigan acompa\u00f1ando en este desaf\u00edo\u201d.<\/strong><\/p>\n\n\n\n<p><\/p>\n\n\n\n<blockquote class=\"wp-block-quote is-layout-flow wp-block-quote-is-layout-flow\">\n<p>En ese sentido, remarc\u00f3 el sacrificio realizado por los argentinos en los \u00faltimos a\u00f1os: \u201cse hizo un esfuerzo muy grande estos dos a\u00f1os y no podemos tirarlo por la borda\u201d.<\/p>\n<\/blockquote>\n\n\n\n<p><\/p>\n\n\n\n<p>Galli tambi\u00e9n se refiri\u00f3 al <strong>sistema de votaci\u00f3n implementado<\/strong>: \u201chay un nuevo sistema de votaci\u00f3n, m\u00e1s \u00e1gil, m\u00e1s transparente y que permite cortar con algunas trampas de los viejos partidos pol\u00edticos\u201d.<\/p>\n\n\n\n<p><\/p>\n\n\n\n<p>El ex jefe comunal permaneci\u00f3 unos minutos en el establecimiento conversando con vecinos presentes y record\u00f3 que la participaci\u00f3n ciudadana es fundamental para consolidar la democracia.<\/p>\n","protected":false},"excerpt":{"rendered":"<p>El ex intendente de Olavarr\u00eda vot\u00f3 esta ma\u00f1ana en el Jard\u00edn N\u00b0 902. \u201cEs una elecci\u00f3n que marcar\u00e1 el rumbo<\/p>\n","protected":false},"author":5,"featured_media":186189,"comment_status":"closed","ping_status":"closed","sticky":false,"template":"","format":"standard","meta":{"_jetpack_memberships_contains_paid_content":false,"footnotes":""},"categories":[4,1],"tags":[],"class_list":["post-186188","post","type-post","status-publish","format-standard","has-post-thumbnail","hentry","category-politica","category-portada"],"jetpack_featured_media_url":"https:\/\/i0.wp.com\/cdnoticias.com\/wp-content\/uploads\/2025\/10\/Galli-legislativas-2025.png?fit=800%2C445&ssl=1","jetpack_sharing_enabled":true,"_links":{"self":[{"href":"https:\/\/cdnoticias.com\/index.php\/wp-json\/wp\/v2\/posts\/186188","targetHints":{"allow":["GET"]}}],"collection":[{"href":"https:\/\/cdnoticias.com\/index.php\/wp-json\/wp\/v2\/posts"}],"about":[{"href":"https:\/\/cdnoticias.com\/index.php\/wp-json\/wp\/v2\/types\/post"}],"author":[{"embeddable":true,"href":"https:\/\/cdnoticias.com\/index.php\/wp-json\/wp\/v2\/users\/5"}],"replies":[{"embeddable":true,"href":"https:\/\/cdnoticias.com\/index.php\/wp-json\/wp\/v2\/comments?post=186188"}],"version-history":[{"count":0,"href":"https:\/\/cdnoticias.com\/index.php\/wp-json\/wp\/v2\/posts\/186188\/revisions"}],"wp:featuredmedia":[{"embeddable":true,"href":"https:\/\/cdnoticias.com\/index.php\/wp-json\/wp\/v2\/media\/186189"}],"wp:attachment":[{"href":"https:\/\/cdnoticias.com\/index.php\/wp-json\/wp\/v2\/media?parent=186188"}],"wp:term":[{"taxonomy":"category","embeddable":true,"href":"https:\/\/cdnoticias.com\/index.php\/wp-json\/wp\/v2\/categories?post=186188"},{"taxonomy":"post_tag","embeddable":true,"href":"https:\/\/cdnoticias.com\/index.php\/wp-json\/wp\/v2\/tags?post=186188"}],"curies":[{"name":"wp","href":"https:\/\/api.w.org\/{rel}","templated":true}]}}