{"id":18618,"date":"2021-04-12T14:08:04","date_gmt":"2021-04-12T17:08:04","guid":{"rendered":"http:\/\/www.centraldenoticias.com.ar\/?p=18618"},"modified":"2021-04-12T14:08:04","modified_gmt":"2021-04-12T17:08:04","slug":"un-motociclista-resulto-herido-en-un-choque-en-microcentro","status":"publish","type":"post","link":"https:\/\/cdnoticias.com\/index.php\/2021\/04\/12\/un-motociclista-resulto-herido-en-un-choque-en-microcentro\/","title":{"rendered":"Un motociclista result\u00f3 herido en un choque en Microcentro"},"content":{"rendered":"<p>El hecho se produjo en el mediod\u00eda de este lunes en el cruce de V\u00e9lez Sarsfield y Lamadrid. Tras chocar con un auto, la moto impact\u00f3 contra otro veh\u00edculo estacionado.\u00a0<!--more--><\/p>\n<hr \/>\n<p>En el mediod\u00eda de este lunes, <strong>tres veh\u00edculos protagonizaron un accidente en el que un joven motociclista result\u00f3 con heridas de diversa consideraci\u00f3n.<\/strong> El hecho se produjo en el cruce de las calles V\u00e9lez Sarsfield y Lamadrid.<\/p>\n<p>&nbsp;<\/p>\n<p>Seg\u00fan testigos presentes en el lugar, <strong>una Volkswagen Suran impact\u00f3 contra un motociclista a bordo de una moto Brava, y tras el golpe el veh\u00edculo impact\u00f3 contra un auto estacionado, un Ford Fiesta.<\/strong><\/p>\n<p>&nbsp;<\/p>\n<p><img data-recalc-dims=\"1\" loading=\"lazy\" decoding=\"async\" class=\"alignnone size-full wp-image-18625\" src=\"https:\/\/i0.wp.com\/cdnoticias.com\/wp-content\/uploads\/2021\/04\/WhatsApp-Image-2021-04-12-at-13.jpg?resize=800%2C500&#038;ssl=1\" alt=\"\" width=\"800\" height=\"500\" srcset=\"https:\/\/i0.wp.com\/cdnoticias.com\/wp-content\/uploads\/2021\/04\/WhatsApp-Image-2021-04-12-at-13.jpg?w=1280&amp;ssl=1 1280w, https:\/\/i0.wp.com\/cdnoticias.com\/wp-content\/uploads\/2021\/04\/WhatsApp-Image-2021-04-12-at-13.jpg?resize=300%2C188&amp;ssl=1 300w, https:\/\/i0.wp.com\/cdnoticias.com\/wp-content\/uploads\/2021\/04\/WhatsApp-Image-2021-04-12-at-13.jpg?resize=768%2C480&amp;ssl=1 768w, https:\/\/i0.wp.com\/cdnoticias.com\/wp-content\/uploads\/2021\/04\/WhatsApp-Image-2021-04-12-at-13.jpg?resize=1024%2C640&amp;ssl=1 1024w\" sizes=\"auto, (max-width: 800px) 100vw, 800px\" \/><\/p>\n<p>&nbsp;<\/p>\n<p>Producto del impacto<strong>, el joven motociclista debi\u00f3 ser trasladado en ambulancia de urgencia al Hospital Municipal,<\/strong> donde evaluaban la gravedad de sus heridas.<\/p>\n<p>&nbsp;<\/p>\n<p>En el lugar trabaj\u00f3 Comando de Patrullas organizando el tr\u00e1nsito, que se encuentra reducido para las tareas de peritaje correspondientes.<\/p>\n","protected":false},"excerpt":{"rendered":"<p>El hecho se produjo en el mediod\u00eda de este lunes en el cruce de V\u00e9lez Sarsfield y Lamadrid. Tras chocar<\/p>\n","protected":false},"author":2,"featured_media":18624,"comment_status":"closed","ping_status":"closed","sticky":false,"template":"","format":"standard","meta":{"_jetpack_memberships_contains_paid_content":false,"footnotes":""},"categories":[14,1],"tags":[],"class_list":["post-18618","post","type-post","status-publish","format-standard","has-post-thumbnail","hentry","category-policiales","category-portada"],"jetpack_featured_media_url":"https:\/\/i0.wp.com\/cdnoticias.com\/wp-content\/uploads\/2021\/04\/WhatsApp-Image-2021-04-12-at-13.09.jpg?fit=1280%2C960&ssl=1","jetpack_sharing_enabled":true,"_links":{"self":[{"href":"https:\/\/cdnoticias.com\/index.php\/wp-json\/wp\/v2\/posts\/18618","targetHints":{"allow":["GET"]}}],"collection":[{"href":"https:\/\/cdnoticias.com\/index.php\/wp-json\/wp\/v2\/posts"}],"about":[{"href":"https:\/\/cdnoticias.com\/index.php\/wp-json\/wp\/v2\/types\/post"}],"author":[{"embeddable":true,"href":"https:\/\/cdnoticias.com\/index.php\/wp-json\/wp\/v2\/users\/2"}],"replies":[{"embeddable":true,"href":"https:\/\/cdnoticias.com\/index.php\/wp-json\/wp\/v2\/comments?post=18618"}],"version-history":[{"count":0,"href":"https:\/\/cdnoticias.com\/index.php\/wp-json\/wp\/v2\/posts\/18618\/revisions"}],"wp:featuredmedia":[{"embeddable":true,"href":"https:\/\/cdnoticias.com\/index.php\/wp-json\/wp\/v2\/media\/18624"}],"wp:attachment":[{"href":"https:\/\/cdnoticias.com\/index.php\/wp-json\/wp\/v2\/media?parent=18618"}],"wp:term":[{"taxonomy":"category","embeddable":true,"href":"https:\/\/cdnoticias.com\/index.php\/wp-json\/wp\/v2\/categories?post=18618"},{"taxonomy":"post_tag","embeddable":true,"href":"https:\/\/cdnoticias.com\/index.php\/wp-json\/wp\/v2\/tags?post=18618"}],"curies":[{"name":"wp","href":"https:\/\/api.w.org\/{rel}","templated":true}]}}