{"id":186169,"date":"2025-10-25T20:40:02","date_gmt":"2025-10-25T23:40:02","guid":{"rendered":"https:\/\/cdnoticias.com\/?p=186169"},"modified":"2025-10-26T08:01:51","modified_gmt":"2025-10-26T11:01:51","slug":"crecida-del-arroyo-tapalque-por-las-lluvias-se-intensificaron-los-monitoreos","status":"publish","type":"post","link":"https:\/\/cdnoticias.com\/index.php\/2025\/10\/25\/crecida-del-arroyo-tapalque-por-las-lluvias-se-intensificaron-los-monitoreos\/","title":{"rendered":"Crecida del Arroyo Tapalqu\u00e9: por las lluvias, se intensificaron los monitoreos"},"content":{"rendered":"\n<p>Tras la visible crecida en la zona c\u00e9ntrica, el Municipio inform\u00f3 que los niveles \u201cno revisten mayor complejidad\u201d y las medidas est\u00e1n \u201cconsiderablemente debajo\u201d de niveles cr\u00edticos: no descartaron posibles desbordes o ensanchamientos de canales en sectores perif\u00e9ricos.<\/p>\n\n\n\n<hr class=\"wp-block-separator aligncenter has-alpha-channel-opacity\"\/>\n\n\n\n<p>Este s\u00e1bado por la noche, y <strong>ante una imagen que se repite luego de intensas lluvias en Olavarr\u00eda y la zona, las miradas se posan sobre el Arroyo Tapalqu\u00e9, que mostr\u00f3 una considerable crecida en las \u00faltimas horas. <\/strong>Es por ello que el Municipio emiti\u00f3 un comunicado donde dio cuenta de la intensificaci\u00f3n de controles y <strong>llev\u00f3 tranquilidad al se\u00f1alar que las medidas <em>\u201cest\u00e1n considerablemente debajo de niveles cr\u00edticos\u201d.<\/em><\/strong><\/p>\n\n\n\n<figure class=\"wp-block-image size-large\"><img data-recalc-dims=\"1\" loading=\"lazy\" decoding=\"async\" width=\"800\" height=\"600\" src=\"https:\/\/i0.wp.com\/cdnoticias.com\/wp-content\/uploads\/2025\/10\/WhatsApp-Image-2025-10-25-at-8.23.26-PM.jpeg?resize=800%2C600&#038;ssl=1\" alt=\"\" class=\"wp-image-186172\" srcset=\"https:\/\/i0.wp.com\/cdnoticias.com\/wp-content\/uploads\/2025\/10\/WhatsApp-Image-2025-10-25-at-8.23.26-PM.jpeg?resize=1024%2C768&amp;ssl=1 1024w, https:\/\/i0.wp.com\/cdnoticias.com\/wp-content\/uploads\/2025\/10\/WhatsApp-Image-2025-10-25-at-8.23.26-PM.jpeg?resize=300%2C225&amp;ssl=1 300w, https:\/\/i0.wp.com\/cdnoticias.com\/wp-content\/uploads\/2025\/10\/WhatsApp-Image-2025-10-25-at-8.23.26-PM.jpeg?resize=768%2C576&amp;ssl=1 768w, https:\/\/i0.wp.com\/cdnoticias.com\/wp-content\/uploads\/2025\/10\/WhatsApp-Image-2025-10-25-at-8.23.26-PM.jpeg?resize=1536%2C1152&amp;ssl=1 1536w, https:\/\/i0.wp.com\/cdnoticias.com\/wp-content\/uploads\/2025\/10\/WhatsApp-Image-2025-10-25-at-8.23.26-PM.jpeg?w=1600&amp;ssl=1 1600w\" sizes=\"auto, (max-width: 800px) 100vw, 800px\" \/><\/figure>\n\n\n\n<p>Los controles son llevados adelante por la Secretar\u00eda de Obras, Infraestructura y Servicios P\u00fablicos que <em>\u201csigue de cerca el comportamiento del arroyo Tapalqu\u00e9\u201d<\/em> algo que \u201c<em><strong>se ha incrementado en las \u00faltimas horas debido a las persistentes lluvias que se han registrado en el Partido de Olavarr\u00eda y distritos vecinos\u201d.\u00a0<\/strong><\/em><\/p>\n\n\n\n<blockquote class=\"wp-block-quote is-layout-flow wp-block-quote-is-layout-flow\">\n<p>\u201cSi bien es visible el aumento del caudal, los niveles relevados en las \u00faltimas horas no revisten de mayor complejidad\u201d.<\/p>\n<\/blockquote>\n\n\n\n<p>Se inform\u00f3 en este sentido que <strong>Olavarr\u00eda tuvo una cifra cercana a los 90 mil\u00edmetros de lluvias ca\u00eddos en los \u00faltimos d\u00edas pero se le debe a\u00f1adir lo sucedido \u201caguas arriba\u201d como por ejemplo en Santa Luisa, donde llovi\u00f3 m\u00e1s de 150 mm<\/strong>. Esto, adem\u00e1s, gener\u00f3<em> \u201cdiversas complicaciones en materia de accesos y transitabilidad\u201d.<\/em><\/p>\n\n\n\n<blockquote class=\"wp-block-quote is-layout-flow wp-block-quote-is-layout-flow\">\n<p>\u201cDicha agua acumulada es la explicaci\u00f3n del crecimiento del arroyo Tapalqu\u00e9 que puede percibirse en distintos tramos, principalmente en aquellos que atraviesan el centro de la ciudad\u201d.\u00a0<\/p>\n<\/blockquote>\n\n\n\n<p>De acuerdo con lo que se precis\u00f3 desde la Direcci\u00f3n de Hidr\u00e1ulica,<strong> las mediciones m\u00e1s recientes en el sector de Querand\u00edes, que permite no solo comprender el crecimiento sino tambi\u00e9n predecir su comportamiento, <em>\u201carrojan niveles considerablemente por debajo de medidas que podr\u00edan denominarse como cr\u00edticas\u201d. \u201cEl arroyo esta controlado\u201d<\/em>,<\/strong> se expres\u00f3 desde la Secretar\u00eda de Obras P\u00fablicas.<\/p>\n\n\n\n<p>No obstante, desde<strong> el Municipio no se descart\u00f3 la posibilidad de posibles desbordes o ensanchamientos de canales en sectores perif\u00e9ricos, algo que responde tambi\u00e9n a las condiciones particulares de dichos sectores.\u00a0<\/strong><\/p>\n\n\n\n<figure class=\"wp-block-image size-large\"><img data-recalc-dims=\"1\" loading=\"lazy\" decoding=\"async\" width=\"800\" height=\"600\" src=\"https:\/\/i0.wp.com\/cdnoticias.com\/wp-content\/uploads\/2025\/10\/WhatsApp-Image-2025-10-25-at-20.23.26.jpeg?resize=800%2C600&#038;ssl=1\" alt=\"\" class=\"wp-image-186171\" srcset=\"https:\/\/i0.wp.com\/cdnoticias.com\/wp-content\/uploads\/2025\/10\/WhatsApp-Image-2025-10-25-at-20.23.26.jpeg?resize=1024%2C768&amp;ssl=1 1024w, https:\/\/i0.wp.com\/cdnoticias.com\/wp-content\/uploads\/2025\/10\/WhatsApp-Image-2025-10-25-at-20.23.26.jpeg?resize=300%2C225&amp;ssl=1 300w, https:\/\/i0.wp.com\/cdnoticias.com\/wp-content\/uploads\/2025\/10\/WhatsApp-Image-2025-10-25-at-20.23.26.jpeg?resize=768%2C576&amp;ssl=1 768w, https:\/\/i0.wp.com\/cdnoticias.com\/wp-content\/uploads\/2025\/10\/WhatsApp-Image-2025-10-25-at-20.23.26.jpeg?resize=1536%2C1152&amp;ssl=1 1536w, https:\/\/i0.wp.com\/cdnoticias.com\/wp-content\/uploads\/2025\/10\/WhatsApp-Image-2025-10-25-at-20.23.26.jpeg?w=1600&amp;ssl=1 1600w\" sizes=\"auto, (max-width: 800px) 100vw, 800px\" \/><\/figure>\n\n\n\n<p>A la par, se detall\u00f3 que tambi\u00e9n<strong> se analizan variables y estrategias con respecto a las compuertas, las cuales a\u00fan no han sido abiertas <\/strong>porque los niveles de crecimiento a\u00fan no lo ameritan.\u00a0<\/p>\n\n\n\n<p>Por \u00faltimo, se informa que, a trav\u00e9s del trabajo articulado de diversas \u00e1reas, <strong>permanecer\u00e1n activas las tareas de relevamiento y monitoreo de los distintos cursos de agua.<\/strong><\/p>\n\n\n\n<p><\/p>\n","protected":false},"excerpt":{"rendered":"<p>Tras la visible crecida en la zona c\u00e9ntrica, el Municipio inform\u00f3 que los niveles \u201cno revisten mayor complejidad\u201d y las<\/p>\n","protected":false},"author":2,"featured_media":186170,"comment_status":"closed","ping_status":"closed","sticky":false,"template":"","format":"standard","meta":{"_jetpack_memberships_contains_paid_content":false,"footnotes":""},"categories":[5,1],"tags":[],"class_list":["post-186169","post","type-post","status-publish","format-standard","has-post-thumbnail","hentry","category-informacion-general","category-portada"],"jetpack_featured_media_url":"https:\/\/i0.wp.com\/cdnoticias.com\/wp-content\/uploads\/2025\/10\/WhatsApp-Image-2025-10-25-at-20.23.25.jpeg?fit=1600%2C1200&ssl=1","jetpack_sharing_enabled":true,"_links":{"self":[{"href":"https:\/\/cdnoticias.com\/index.php\/wp-json\/wp\/v2\/posts\/186169","targetHints":{"allow":["GET"]}}],"collection":[{"href":"https:\/\/cdnoticias.com\/index.php\/wp-json\/wp\/v2\/posts"}],"about":[{"href":"https:\/\/cdnoticias.com\/index.php\/wp-json\/wp\/v2\/types\/post"}],"author":[{"embeddable":true,"href":"https:\/\/cdnoticias.com\/index.php\/wp-json\/wp\/v2\/users\/2"}],"replies":[{"embeddable":true,"href":"https:\/\/cdnoticias.com\/index.php\/wp-json\/wp\/v2\/comments?post=186169"}],"version-history":[{"count":0,"href":"https:\/\/cdnoticias.com\/index.php\/wp-json\/wp\/v2\/posts\/186169\/revisions"}],"wp:featuredmedia":[{"embeddable":true,"href":"https:\/\/cdnoticias.com\/index.php\/wp-json\/wp\/v2\/media\/186170"}],"wp:attachment":[{"href":"https:\/\/cdnoticias.com\/index.php\/wp-json\/wp\/v2\/media?parent=186169"}],"wp:term":[{"taxonomy":"category","embeddable":true,"href":"https:\/\/cdnoticias.com\/index.php\/wp-json\/wp\/v2\/categories?post=186169"},{"taxonomy":"post_tag","embeddable":true,"href":"https:\/\/cdnoticias.com\/index.php\/wp-json\/wp\/v2\/tags?post=186169"}],"curies":[{"name":"wp","href":"https:\/\/api.w.org\/{rel}","templated":true}]}}