{"id":186164,"date":"2025-10-25T19:52:26","date_gmt":"2025-10-25T22:52:26","guid":{"rendered":"https:\/\/cdnoticias.com\/?p=186164"},"modified":"2025-10-25T19:52:28","modified_gmt":"2025-10-25T22:52:28","slug":"se-viene-maradona-cumple-en-el-maradona-con-varias-actividades","status":"publish","type":"post","link":"https:\/\/cdnoticias.com\/index.php\/2025\/10\/25\/se-viene-maradona-cumple-en-el-maradona-con-varias-actividades\/","title":{"rendered":"Se viene \u201cMaradona cumple en el Maradona\u201d con varias actividades"},"content":{"rendered":"\n<p>El epicentro ser\u00e1 el Centro Deportivo y Recreativo Municipal el pr\u00f3ximo jueves 30 de octubre, fecha de nacimiento del astro del f\u00fatbol. Conoc\u00e9 todo el cronograma.<\/p>\n\n\n\n<hr class=\"wp-block-separator aligncenter has-alpha-channel-opacity\"\/>\n\n\n\n<p>El Municipio de Olavarr\u00eda invita a toda la comunidad a participar de<strong> \u201cMaradona cumple en el Maradona\u201d,<\/strong> el festejo que se llevar\u00e1 a cabo en el <strong>Centro Deportivo y Recreativo Municipal durante la jornada del pr\u00f3ximo jueves 30 de octubre, fecha en la que precisamente naci\u00f3 \u201cel diez\u201d. <\/strong>Durante la ma\u00f1ana y la tarde se brindar\u00e1n todo tipo de propuestas, que ser\u00e1n llevadas a cabo a partir del trabajo articulado de diversas \u00e1reas que integran la Secretaria de Desarrollo de la Comunidad.<\/p>\n\n\n\n<p>El evento, que se iniciar\u00e1 a las <strong>9:30 horas, ser\u00e1 abierto, libre y gratuito. <\/strong>Durante toda la ma\u00f1ana profesores e integrantes del staff de la Subsecretar\u00eda de Deportes encabezar\u00e1n <strong>postas de juegos, con competencias de f\u00fatbol, b\u00e1squet y f\u00fatbol tenis, como as\u00ed tambi\u00e9n distintas propuestas recreativas para todas las edades.<\/strong><\/p>\n\n\n\n<p>De manera paralela, desde las Subsecretar\u00edas de Cultura y de Protecci\u00f3n Integral de Derechos se llevar\u00e1n a cabo<strong> propuestas l\u00fadicas y art\u00edsticas en distintos espacios del predio ubicado sobre avenida Hermanos Emiliozzi y calle 130, con acceso por esta \u00faltima arteria.<\/strong><\/p>\n\n\n\n<figure class=\"wp-block-image size-full\"><img data-recalc-dims=\"1\" loading=\"lazy\" decoding=\"async\" width=\"800\" height=\"1000\" src=\"https:\/\/i0.wp.com\/cdnoticias.com\/wp-content\/uploads\/2025\/10\/WhatsApp-Image-2025-10-24-at-15.32.46-819x1024-1.jpeg?resize=800%2C1000&#038;ssl=1\" alt=\"\" class=\"wp-image-186165\" srcset=\"https:\/\/i0.wp.com\/cdnoticias.com\/wp-content\/uploads\/2025\/10\/WhatsApp-Image-2025-10-24-at-15.32.46-819x1024-1.jpeg?w=819&amp;ssl=1 819w, https:\/\/i0.wp.com\/cdnoticias.com\/wp-content\/uploads\/2025\/10\/WhatsApp-Image-2025-10-24-at-15.32.46-819x1024-1.jpeg?resize=240%2C300&amp;ssl=1 240w, https:\/\/i0.wp.com\/cdnoticias.com\/wp-content\/uploads\/2025\/10\/WhatsApp-Image-2025-10-24-at-15.32.46-819x1024-1.jpeg?resize=768%2C960&amp;ssl=1 768w\" sizes=\"auto, (max-width: 800px) 100vw, 800px\" \/><\/figure>\n\n\n\n<p>El programa de actividades continuar\u00e1 en horas de la tarde, a partir de las 14.<strong> Se llevar\u00e1n a cabo clases abiertas de Yoga, Zumba, como as\u00ed tambi\u00e9n torneos de b\u00e1squet 3\u00d73 y de f\u00fatbol, que ser\u00e1 protagonizado por chicos que integran el programa de F\u00fatbol Barrial.<\/strong><\/p>\n\n\n\n<p>A la par, tambi\u00e9n<strong> se concretar\u00e1 propuestas culturales, l\u00fadicas y recreativas que se prolongar\u00e1n hasta el cierre de la tarde.<\/strong><\/p>\n","protected":false},"excerpt":{"rendered":"<p>El epicentro ser\u00e1 el Centro Deportivo y Recreativo Municipal el pr\u00f3ximo jueves 30 de octubre, fecha de nacimiento del astro<\/p>\n","protected":false},"author":2,"featured_media":168782,"comment_status":"closed","ping_status":"closed","sticky":false,"template":"","format":"standard","meta":{"_jetpack_memberships_contains_paid_content":false,"footnotes":""},"categories":[5,1],"tags":[],"class_list":["post-186164","post","type-post","status-publish","format-standard","has-post-thumbnail","hentry","category-informacion-general","category-portada"],"jetpack_featured_media_url":"https:\/\/i0.wp.com\/cdnoticias.com\/wp-content\/uploads\/2025\/04\/mural-maradona-matadero.png?fit=801%2C516&ssl=1","jetpack_sharing_enabled":true,"_links":{"self":[{"href":"https:\/\/cdnoticias.com\/index.php\/wp-json\/wp\/v2\/posts\/186164","targetHints":{"allow":["GET"]}}],"collection":[{"href":"https:\/\/cdnoticias.com\/index.php\/wp-json\/wp\/v2\/posts"}],"about":[{"href":"https:\/\/cdnoticias.com\/index.php\/wp-json\/wp\/v2\/types\/post"}],"author":[{"embeddable":true,"href":"https:\/\/cdnoticias.com\/index.php\/wp-json\/wp\/v2\/users\/2"}],"replies":[{"embeddable":true,"href":"https:\/\/cdnoticias.com\/index.php\/wp-json\/wp\/v2\/comments?post=186164"}],"version-history":[{"count":0,"href":"https:\/\/cdnoticias.com\/index.php\/wp-json\/wp\/v2\/posts\/186164\/revisions"}],"wp:featuredmedia":[{"embeddable":true,"href":"https:\/\/cdnoticias.com\/index.php\/wp-json\/wp\/v2\/media\/168782"}],"wp:attachment":[{"href":"https:\/\/cdnoticias.com\/index.php\/wp-json\/wp\/v2\/media?parent=186164"}],"wp:term":[{"taxonomy":"category","embeddable":true,"href":"https:\/\/cdnoticias.com\/index.php\/wp-json\/wp\/v2\/categories?post=186164"},{"taxonomy":"post_tag","embeddable":true,"href":"https:\/\/cdnoticias.com\/index.php\/wp-json\/wp\/v2\/tags?post=186164"}],"curies":[{"name":"wp","href":"https:\/\/api.w.org\/{rel}","templated":true}]}}