{"id":186147,"date":"2025-10-25T19:07:43","date_gmt":"2025-10-25T22:07:43","guid":{"rendered":"https:\/\/cdnoticias.com\/?p=186147"},"modified":"2025-10-26T07:57:36","modified_gmt":"2025-10-26T10:57:36","slug":"buscan-fortalecer-el-trabajo-en-caso-de-denuncias-por-abuso-sexual","status":"publish","type":"post","link":"https:\/\/cdnoticias.com\/index.php\/2025\/10\/25\/buscan-fortalecer-el-trabajo-en-caso-de-denuncias-por-abuso-sexual\/","title":{"rendered":"Buscan fortalecer el trabajo en caso de denuncias por abuso sexual"},"content":{"rendered":"\n<p>Fue mediante una charla en el Sal\u00f3n Rivadavia a cargo del Ayudante Fiscal Jos\u00e9 Pedro Iturralde y dirigida a m\u00e9dicos y enfermeras de la Subsecretar\u00eda de Atenci\u00f3n Primaria de la Salud.<\/p>\n\n\n\n<hr class=\"wp-block-separator aligncenter has-alpha-channel-opacity\"\/>\n\n\n\n<p>Con el objetivo de <strong>fortalecer el trabajo en red e intersectorial ante casos de denuncias por abuso sexual, el Municipio de Olavarr\u00eda impuls\u00f3 este viernes al mediod\u00eda el encuentro \u201cAbuso sexual. Trabajo Interseccional y Acceso a Derechos\u201d, realizado en el Sal\u00f3n Rivadavia<\/strong>. La iniciativa forma parte de las estrategias de Salud Mental Comunitaria de Atenci\u00f3n Primaria de la Salud (APS).<\/p>\n\n\n\n<figure class=\"wp-block-image size-large\"><img data-recalc-dims=\"1\" loading=\"lazy\" decoding=\"async\" width=\"800\" height=\"600\" src=\"https:\/\/i0.wp.com\/cdnoticias.com\/wp-content\/uploads\/2025\/10\/MUN_8627-scaled-1.jpg?resize=800%2C600&#038;ssl=1\" alt=\"\" class=\"wp-image-186150\" srcset=\"https:\/\/i0.wp.com\/cdnoticias.com\/wp-content\/uploads\/2025\/10\/MUN_8627-scaled-1.jpg?resize=1024%2C768&amp;ssl=1 1024w, https:\/\/i0.wp.com\/cdnoticias.com\/wp-content\/uploads\/2025\/10\/MUN_8627-scaled-1.jpg?resize=300%2C225&amp;ssl=1 300w, https:\/\/i0.wp.com\/cdnoticias.com\/wp-content\/uploads\/2025\/10\/MUN_8627-scaled-1.jpg?resize=768%2C576&amp;ssl=1 768w, https:\/\/i0.wp.com\/cdnoticias.com\/wp-content\/uploads\/2025\/10\/MUN_8627-scaled-1.jpg?resize=1536%2C1152&amp;ssl=1 1536w, https:\/\/i0.wp.com\/cdnoticias.com\/wp-content\/uploads\/2025\/10\/MUN_8627-scaled-1.jpg?resize=2048%2C1536&amp;ssl=1 2048w, https:\/\/i0.wp.com\/cdnoticias.com\/wp-content\/uploads\/2025\/10\/MUN_8627-scaled-1.jpg?w=1600&amp;ssl=1 1600w, https:\/\/i0.wp.com\/cdnoticias.com\/wp-content\/uploads\/2025\/10\/MUN_8627-scaled-1.jpg?w=2400&amp;ssl=1 2400w\" sizes=\"auto, (max-width: 800px) 100vw, 800px\" \/><\/figure>\n\n\n\n<p>La actividad consisti\u00f3 en una <strong>charla coordinada por el Ayudante Fiscal Jos\u00e9 Pedro Iturralde y estuvo dirigida a personal m\u00e9dico y de enfermer\u00eda de la Subsecretar\u00eda de Atenci\u00f3n Primaria de la Salud.<\/strong><\/p>\n\n\n\n<p>Durante la jornada se abordaron <strong>temas vinculados con la responsabilidad profesional en la intervenci\u00f3n ante casos de abuso, la elaboraci\u00f3n de informes, el proceso penal y la posibilidad de consultas espec\u00edficas.<\/strong><\/p>\n\n\n\n<figure class=\"wp-block-image size-large\"><img data-recalc-dims=\"1\" loading=\"lazy\" decoding=\"async\" width=\"800\" height=\"600\" src=\"https:\/\/i0.wp.com\/cdnoticias.com\/wp-content\/uploads\/2025\/10\/MUN_8625-scaled-1.jpg?resize=800%2C600&#038;ssl=1\" alt=\"\" class=\"wp-image-186149\" srcset=\"https:\/\/i0.wp.com\/cdnoticias.com\/wp-content\/uploads\/2025\/10\/MUN_8625-scaled-1.jpg?resize=1024%2C768&amp;ssl=1 1024w, https:\/\/i0.wp.com\/cdnoticias.com\/wp-content\/uploads\/2025\/10\/MUN_8625-scaled-1.jpg?resize=300%2C225&amp;ssl=1 300w, https:\/\/i0.wp.com\/cdnoticias.com\/wp-content\/uploads\/2025\/10\/MUN_8625-scaled-1.jpg?resize=768%2C576&amp;ssl=1 768w, https:\/\/i0.wp.com\/cdnoticias.com\/wp-content\/uploads\/2025\/10\/MUN_8625-scaled-1.jpg?resize=1536%2C1152&amp;ssl=1 1536w, https:\/\/i0.wp.com\/cdnoticias.com\/wp-content\/uploads\/2025\/10\/MUN_8625-scaled-1.jpg?resize=2048%2C1536&amp;ssl=1 2048w, https:\/\/i0.wp.com\/cdnoticias.com\/wp-content\/uploads\/2025\/10\/MUN_8625-scaled-1.jpg?w=1600&amp;ssl=1 1600w, https:\/\/i0.wp.com\/cdnoticias.com\/wp-content\/uploads\/2025\/10\/MUN_8625-scaled-1.jpg?w=2400&amp;ssl=1 2400w\" sizes=\"auto, (max-width: 800px) 100vw, 800px\" \/><\/figure>\n\n\n\n<p>Desde la organizaci\u00f3n se adelant\u00f3 que<strong> este encuentro se replicar\u00e1 pr\u00f3ximamente para el personal del \u00e1rea de Pediatr\u00eda del Hospital Municipal \u201cDr. H\u00e9ctor M. Cura\u201d.<\/strong><\/p>\n","protected":false},"excerpt":{"rendered":"<p>Fue mediante una charla en el Sal\u00f3n Rivadavia a cargo del Ayudante Fiscal Jos\u00e9 Pedro Iturralde y dirigida a m\u00e9dicos<\/p>\n","protected":false},"author":2,"featured_media":186151,"comment_status":"closed","ping_status":"closed","sticky":false,"template":"","format":"standard","meta":{"_jetpack_memberships_contains_paid_content":false,"footnotes":""},"categories":[5,1],"tags":[],"class_list":["post-186147","post","type-post","status-publish","format-standard","has-post-thumbnail","hentry","category-informacion-general","category-portada"],"jetpack_featured_media_url":"https:\/\/i0.wp.com\/cdnoticias.com\/wp-content\/uploads\/2025\/10\/MUN_8623-scaled-1.jpg?fit=2560%2C1920&ssl=1","jetpack_sharing_enabled":true,"_links":{"self":[{"href":"https:\/\/cdnoticias.com\/index.php\/wp-json\/wp\/v2\/posts\/186147","targetHints":{"allow":["GET"]}}],"collection":[{"href":"https:\/\/cdnoticias.com\/index.php\/wp-json\/wp\/v2\/posts"}],"about":[{"href":"https:\/\/cdnoticias.com\/index.php\/wp-json\/wp\/v2\/types\/post"}],"author":[{"embeddable":true,"href":"https:\/\/cdnoticias.com\/index.php\/wp-json\/wp\/v2\/users\/2"}],"replies":[{"embeddable":true,"href":"https:\/\/cdnoticias.com\/index.php\/wp-json\/wp\/v2\/comments?post=186147"}],"version-history":[{"count":0,"href":"https:\/\/cdnoticias.com\/index.php\/wp-json\/wp\/v2\/posts\/186147\/revisions"}],"wp:featuredmedia":[{"embeddable":true,"href":"https:\/\/cdnoticias.com\/index.php\/wp-json\/wp\/v2\/media\/186151"}],"wp:attachment":[{"href":"https:\/\/cdnoticias.com\/index.php\/wp-json\/wp\/v2\/media?parent=186147"}],"wp:term":[{"taxonomy":"category","embeddable":true,"href":"https:\/\/cdnoticias.com\/index.php\/wp-json\/wp\/v2\/categories?post=186147"},{"taxonomy":"post_tag","embeddable":true,"href":"https:\/\/cdnoticias.com\/index.php\/wp-json\/wp\/v2\/tags?post=186147"}],"curies":[{"name":"wp","href":"https:\/\/api.w.org\/{rel}","templated":true}]}}