{"id":186123,"date":"2025-10-25T12:47:39","date_gmt":"2025-10-25T15:47:39","guid":{"rendered":"https:\/\/cdnoticias.com\/?p=186123"},"modified":"2025-10-25T17:12:11","modified_gmt":"2025-10-25T20:12:11","slug":"legislativas-2025-el-transporte-publico-en-olavarria-sera-gratuito","status":"publish","type":"post","link":"https:\/\/cdnoticias.com\/index.php\/2025\/10\/25\/legislativas-2025-el-transporte-publico-en-olavarria-sera-gratuito\/","title":{"rendered":"Legislativas 2025: el transporte p\u00fablico en Olavarr\u00eda ser\u00e1 gratuito"},"content":{"rendered":"\n<p>El Municipio adhiri\u00f3 a la medida que hab\u00eda dispuesto horas atr\u00e1s la Provincia. Funcionar\u00e1n con horarios de fin de semana pero sin cargo para que los vecinos puedan ir a lugares de votaci\u00f3n.<\/p>\n\n\n\n<hr class=\"wp-block-separator aligncenter has-alpha-channel-opacity\"\/>\n\n\n\n<p>Este s\u00e1bado al mediod\u00eda, <strong>el Municipio inform\u00f3 que el Transporte P\u00fablico en Olavarr\u00eda, tanto urbano como interurbano, ser\u00e1 gratuito en el marco de las Elecciones Legislativas nacionales de este domingo 26.<\/strong><\/p>\n\n\n\n<p>Vale decir que <strong>la comuna adhiri\u00f3 a la medida que tom\u00f3 el Ministerio de Transporte de la Provincia que determin\u00f3 que, tal como ocurri\u00f3 el pasado 7 de septiembre, el servicio p\u00fablico de transporte automotor y fluvial de pasajeros no tendr\u00e1 cargo para los bonaerenses, con 13.353.974 habilitados para ir a votar.<\/strong><\/p>\n\n\n\n<p>En principio, la medida abarcaba a los servicios regulares de transporte p\u00fablico automotor de pasajeros, de car\u00e1cter urbano e interurbano de media distancia, aleda\u00f1os a la Ciudad Aut\u00f3noma de Buenos Aires (CABA) e interurbanos de larga distancia, de jurisdicci\u00f3n provincial; y a los servicios regulares urbanos, interurbanos de media y larga distancia, as\u00ed como el transporte fluvial del Delta del Paran\u00e1, garantizando el acceso de todos los bonaerenses a sus lugares de votaci\u00f3n.<\/p>\n\n\n\n<p><em>\u201cEl servicio gratuito en las jornadas electorales es una herramienta fundamental para asegurar la participaci\u00f3n democr\u00e1tica y la igualdad de oportunidades. Nuestra responsabilidad es garantizar que ning\u00fan ciudadano o ciudadana vea limitado su derecho al voto por no poder acceder al transporte\u201d,<\/em> dijo el ministro de Transporte, Mart\u00edn Marinucci.<\/p>\n\n\n\n<p>De esta forma,<strong> el Ministerio hab\u00eda invitado a todos los Municipios a adherir a la medida, cuesti\u00f3n que Olavarr\u00eda confirm\u00f3 en el mediod\u00eda de este s\u00e1bado.<\/strong><\/p>\n","protected":false},"excerpt":{"rendered":"<p>El Municipio adhiri\u00f3 a la medida que hab\u00eda dispuesto horas atr\u00e1s la Provincia. Funcionar\u00e1n con horarios de fin de semana<\/p>\n","protected":false},"author":2,"featured_media":175605,"comment_status":"closed","ping_status":"closed","sticky":false,"template":"","format":"standard","meta":{"_jetpack_memberships_contains_paid_content":false,"footnotes":""},"categories":[5,1],"tags":[],"class_list":["post-186123","post","type-post","status-publish","format-standard","has-post-thumbnail","hentry","category-informacion-general","category-portada"],"jetpack_featured_media_url":"https:\/\/i0.wp.com\/cdnoticias.com\/wp-content\/uploads\/2025\/06\/tu-bus-colectivo-boleto-03.jpg?fit=1000%2C556&ssl=1","jetpack_sharing_enabled":true,"_links":{"self":[{"href":"https:\/\/cdnoticias.com\/index.php\/wp-json\/wp\/v2\/posts\/186123","targetHints":{"allow":["GET"]}}],"collection":[{"href":"https:\/\/cdnoticias.com\/index.php\/wp-json\/wp\/v2\/posts"}],"about":[{"href":"https:\/\/cdnoticias.com\/index.php\/wp-json\/wp\/v2\/types\/post"}],"author":[{"embeddable":true,"href":"https:\/\/cdnoticias.com\/index.php\/wp-json\/wp\/v2\/users\/2"}],"replies":[{"embeddable":true,"href":"https:\/\/cdnoticias.com\/index.php\/wp-json\/wp\/v2\/comments?post=186123"}],"version-history":[{"count":0,"href":"https:\/\/cdnoticias.com\/index.php\/wp-json\/wp\/v2\/posts\/186123\/revisions"}],"wp:featuredmedia":[{"embeddable":true,"href":"https:\/\/cdnoticias.com\/index.php\/wp-json\/wp\/v2\/media\/175605"}],"wp:attachment":[{"href":"https:\/\/cdnoticias.com\/index.php\/wp-json\/wp\/v2\/media?parent=186123"}],"wp:term":[{"taxonomy":"category","embeddable":true,"href":"https:\/\/cdnoticias.com\/index.php\/wp-json\/wp\/v2\/categories?post=186123"},{"taxonomy":"post_tag","embeddable":true,"href":"https:\/\/cdnoticias.com\/index.php\/wp-json\/wp\/v2\/tags?post=186123"}],"curies":[{"name":"wp","href":"https:\/\/api.w.org\/{rel}","templated":true}]}}