{"id":18611,"date":"2021-04-12T12:33:38","date_gmt":"2021-04-12T15:33:38","guid":{"rendered":"http:\/\/www.centraldenoticias.com.ar\/?p=18611"},"modified":"2021-04-12T13:10:43","modified_gmt":"2021-04-12T16:10:43","slug":"llego-el-nuevo-equipamiento-para-el-hospital-municipal","status":"publish","type":"post","link":"https:\/\/cdnoticias.com\/index.php\/2021\/04\/12\/llego-el-nuevo-equipamiento-para-el-hospital-municipal\/","title":{"rendered":"Lleg\u00f3 el nuevo equipamiento para el Hospital Municipal"},"content":{"rendered":"<p>Llegaron el viernes y fueron instalados este lunes. Son cuatro monitores multiparam\u00e9tricos para control de signos vitales y dos respiradores de alta gama que permitir\u00e1 \u201cuna mejora en el monitoreo de los pacientes\u201d.\u00a0<!--more--><\/p>\n<hr \/>\n<p>En la ma\u00f1ana de este lunes y<a href=\"https:\/\/cdnoticias.com\/index.php\/2021\/04\/11\/hay-63-personas-internadas-en-el-hospital-hay-circulacion-comunitaria-de-las-nuevas-cepas\/\" target=\"_blank\" rel=\"noopener\"> tras el anuncio en conferencia de prensa del intendente Galli<\/a>,<strong> llegaron al Hospital Municipal nuevos equipamientos que permitir\u00e1n \u201cmejorar el monitoreo de los pacientes\u201d en un momento complejo por la pandemia de COVID.<\/strong><\/p>\n<p>&nbsp;<\/p>\n<p>Se trata de <strong>cuatro monitores multiparam\u00e9tricos para control de signos vitales de pacientes<\/strong> (presi\u00f3n arterial, ritmo card\u00edaco, temperatura y saturaci\u00f3n de oxigeno), que fueron instalados en la guardia de emergencia. En este contexto epidemiol\u00f3gico, la adquisici\u00f3n -por parte del Municipio- de tales instrumentos permitir\u00e1 una mejora en el monitoreo de los pacientes, reduciendo la exposici\u00f3n al contagio del personal de salud.<\/p>\n<p>&nbsp;<\/p>\n<p>Asimismo<strong> tambi\u00e9n se adquirieron dos respiradores de alta gama, que brindan ventilaci\u00f3n invasiva y no invasiva, adaptable a todas las categor\u00edas de pacientes.<\/strong> Adem\u00e1s, es posible realizar un seguimiento de los par\u00e1metros m\u00e1s importantes desde el inicio de la terapia, con una monitorizaci\u00f3n completa.<\/p>\n<p>&nbsp;<\/p>\n<p>En el arribo del equipamiento estuvieron los secretarios de Salud Germ\u00e1n Caputo y de Gobierno Hilario Galli, la directora del Hospital Silvina Guanuco, el subsecretario de Salud Christian Waimann y el jefe de guardia Nicol\u00e1s Pereira D\u00edaz.<\/p>\n<p>&nbsp;<\/p>\n<p>La inversi\u00f3n fue cercana a los 4 millones de pesos, y<strong> desde la Secretar\u00eda de Salud del Municipio explicaron que con esta adquisici\u00f3n se notar\u00e1 una mejora sustancial en, principalmente, la organizaci\u00f3n de la guardia y la Unidad de Terapia Intensiva del nosocomio local<\/strong>, sitios notablemente afectados por el brote de contagios de la segunda ola de coronavirus.<\/p>\n","protected":false},"excerpt":{"rendered":"<p>Llegaron el viernes y fueron instalados este lunes. Son cuatro monitores multiparam\u00e9tricos para control de signos vitales y dos respiradores<\/p>\n","protected":false},"author":2,"featured_media":18612,"comment_status":"closed","ping_status":"closed","sticky":false,"template":"","format":"standard","meta":{"_jetpack_memberships_contains_paid_content":false,"footnotes":""},"categories":[5,1],"tags":[],"class_list":["post-18611","post","type-post","status-publish","format-standard","has-post-thumbnail","hentry","category-informacion-general","category-portada"],"jetpack_featured_media_url":"https:\/\/i0.wp.com\/cdnoticias.com\/wp-content\/uploads\/2021\/04\/Salud-Compra-Monitores-Respiradores-1024x685.jpg?fit=1024%2C685&ssl=1","jetpack_sharing_enabled":true,"_links":{"self":[{"href":"https:\/\/cdnoticias.com\/index.php\/wp-json\/wp\/v2\/posts\/18611","targetHints":{"allow":["GET"]}}],"collection":[{"href":"https:\/\/cdnoticias.com\/index.php\/wp-json\/wp\/v2\/posts"}],"about":[{"href":"https:\/\/cdnoticias.com\/index.php\/wp-json\/wp\/v2\/types\/post"}],"author":[{"embeddable":true,"href":"https:\/\/cdnoticias.com\/index.php\/wp-json\/wp\/v2\/users\/2"}],"replies":[{"embeddable":true,"href":"https:\/\/cdnoticias.com\/index.php\/wp-json\/wp\/v2\/comments?post=18611"}],"version-history":[{"count":0,"href":"https:\/\/cdnoticias.com\/index.php\/wp-json\/wp\/v2\/posts\/18611\/revisions"}],"wp:featuredmedia":[{"embeddable":true,"href":"https:\/\/cdnoticias.com\/index.php\/wp-json\/wp\/v2\/media\/18612"}],"wp:attachment":[{"href":"https:\/\/cdnoticias.com\/index.php\/wp-json\/wp\/v2\/media?parent=18611"}],"wp:term":[{"taxonomy":"category","embeddable":true,"href":"https:\/\/cdnoticias.com\/index.php\/wp-json\/wp\/v2\/categories?post=18611"},{"taxonomy":"post_tag","embeddable":true,"href":"https:\/\/cdnoticias.com\/index.php\/wp-json\/wp\/v2\/tags?post=18611"}],"curies":[{"name":"wp","href":"https:\/\/api.w.org\/{rel}","templated":true}]}}