{"id":186072,"date":"2025-10-24T18:06:47","date_gmt":"2025-10-24T21:06:47","guid":{"rendered":"https:\/\/cdnoticias.com\/?p=186072"},"modified":"2025-10-25T08:51:17","modified_gmt":"2025-10-25T11:51:17","slug":"homicidio-en-barrio-evita-se-conocieron-mas-detalles-del-hecho-policial","status":"publish","type":"post","link":"https:\/\/cdnoticias.com\/index.php\/2025\/10\/24\/homicidio-en-barrio-evita-se-conocieron-mas-detalles-del-hecho-policial\/","title":{"rendered":"Homicidio en Barrio Evita: se conocieron m\u00e1s detalles del hecho policial"},"content":{"rendered":"\n<p>Los implicados fueron identificados. Quien efectu\u00f3 el disparo qued\u00f3 aprehendido. El an\u00e1lisis de las c\u00e1maras de seguridad para reconstruir el hecho, una de las claves.<\/p>\n\n\n\n<hr class=\"wp-block-separator aligncenter has-alpha-channel-opacity\"\/>\n\n\n\n<p><a href=\"https:\/\/cdnoticias.com\/index.php\/2025\/10\/24\/homicidio-en-barrio-evita-un-llamado-a-vecinos-en-red-alerto-a-la-policia\/\" target=\"_blank\" rel=\"noreferrer noopener\">Tras la muerte de un hombre que intent\u00f3 ingresar a una casa para robar<\/a>,<strong> <\/strong>se conocieron algunos detalles del inicio de la investigaci\u00f3n, <strong>caratulada como \u201cHomicidio\u201d y que tiene a quien dispar\u00f3 como aprehendido.\u00a0<\/strong><\/p>\n\n\n\n<p><\/p>\n\n\n\n<blockquote class=\"wp-block-quote is-layout-flow wp-block-quote-is-layout-flow\">\n<p>En principio, el an\u00e1lisis de la reconstrucci\u00f3n del hecho pasa por el relato del morador del domicilio donde el delincuente quiso entrar y las c\u00e1maras de seguridad privadas que pudieron recolectarse en las \u00faltimas horas que acrediten lo sucedido.\u00a0<\/p>\n<\/blockquote>\n\n\n\n<p><\/p>\n\n\n\n<p>En el relato del hombre que efectu\u00f3 los disparos se indic\u00f3 que<strong> escuch\u00f3 ruidos en el patio <\/strong>de su domicilio en Pueyrred\u00f3n al 4400 <strong>y al escuchar la frase \u201ctirale, tirale\u201d tom\u00f3 un arma de su propiedad, una Glock 9mm, y dispar\u00f3 contra el ladr\u00f3n.<\/strong><\/p>\n\n\n\n<p><\/p>\n\n\n\n<p>Tras ello,<strong> la versi\u00f3n del hombre da cuenta de que habr\u00eda disparado \u201cpara disuadir\u201d mientras el delincuente hu\u00eda, y se analiza si en esa secuencia el fallecido recibi\u00f3 m\u00e1s impactos de balas. <\/strong><\/p>\n\n\n\n<p><\/p>\n\n\n\n<p>All\u00ed cobrar\u00e1n importancia las c\u00e1maras de seguridad de privados (incluso hay un comercio en esa cuadra) que mostrar\u00edan c\u00f3mo sucedi\u00f3 el hecho. <strong>Otra de las claves estar\u00e1 en si el ladr\u00f3n actu\u00f3 solo o con otras personas: en principio, se habr\u00eda descartado la presencia de c\u00f3mplices en la escena. <\/strong><\/p>\n\n\n\n<p><\/p>\n\n\n\n<blockquote class=\"wp-block-quote is-layout-flow wp-block-quote-is-layout-flow\">\n<p>Vale decir que producto de toda la secuencia de los disparos, el joven falleci\u00f3 varias cuadras despu\u00e9s, en la puerta de un domicilio en Azopardo al 4800, donde ir\u00eda a pedir ayuda. Tras las consultas judiciales pertinentes, desde ese domicilio no conoc\u00edan al fallecido, por lo que se presume que intent\u00f3 pedir auxilio hasta el lugar que se lo permitieron las heridas recibidas por los impactos de bala.<\/p>\n<\/blockquote>\n\n\n\n<p><\/p>\n\n\n\n<p>Lo concreto es que producto de toda la situaci\u00f3n <strong>falleci\u00f3 Jorge Gast\u00f3n Altamirano, de 26 a\u00f1os, quien no ser\u00eda oriundo de Olavarr\u00eda y ten\u00eda varios antecedentes por Robo y Hurto, seg\u00fan se logr\u00f3 precisar.&nbsp;<\/strong><\/p>\n\n\n\n<p><\/p>\n\n\n\n<p>En paralelo, <strong>el autor de los disparos, Oscar Federico Moreno de 44 a\u00f1os, qued\u00f3 aprehendido por \u201cHomicidio\u201d <\/strong>y qued\u00f3 a disposici\u00f3n de la fiscal que instruye la causa, la doctora Mar\u00eda Paula Serrano de la UFI N\u00b04.&nbsp;<\/p>\n","protected":false},"excerpt":{"rendered":"<p>Los implicados fueron identificados. Quien efectu\u00f3 el disparo qued\u00f3 aprehendido. El an\u00e1lisis de las c\u00e1maras de seguridad para reconstruir el<\/p>\n","protected":false},"author":2,"featured_media":186020,"comment_status":"closed","ping_status":"closed","sticky":false,"template":"","format":"standard","meta":{"_jetpack_memberships_contains_paid_content":false,"footnotes":""},"categories":[14,1],"tags":[],"class_list":["post-186072","post","type-post","status-publish","format-standard","has-post-thumbnail","hentry","category-policiales","category-portada"],"jetpack_featured_media_url":"https:\/\/i0.wp.com\/cdnoticias.com\/wp-content\/uploads\/2025\/10\/pueyrredon-4800-03.jpg?fit=1000%2C556&ssl=1","jetpack_sharing_enabled":true,"_links":{"self":[{"href":"https:\/\/cdnoticias.com\/index.php\/wp-json\/wp\/v2\/posts\/186072","targetHints":{"allow":["GET"]}}],"collection":[{"href":"https:\/\/cdnoticias.com\/index.php\/wp-json\/wp\/v2\/posts"}],"about":[{"href":"https:\/\/cdnoticias.com\/index.php\/wp-json\/wp\/v2\/types\/post"}],"author":[{"embeddable":true,"href":"https:\/\/cdnoticias.com\/index.php\/wp-json\/wp\/v2\/users\/2"}],"replies":[{"embeddable":true,"href":"https:\/\/cdnoticias.com\/index.php\/wp-json\/wp\/v2\/comments?post=186072"}],"version-history":[{"count":0,"href":"https:\/\/cdnoticias.com\/index.php\/wp-json\/wp\/v2\/posts\/186072\/revisions"}],"wp:featuredmedia":[{"embeddable":true,"href":"https:\/\/cdnoticias.com\/index.php\/wp-json\/wp\/v2\/media\/186020"}],"wp:attachment":[{"href":"https:\/\/cdnoticias.com\/index.php\/wp-json\/wp\/v2\/media?parent=186072"}],"wp:term":[{"taxonomy":"category","embeddable":true,"href":"https:\/\/cdnoticias.com\/index.php\/wp-json\/wp\/v2\/categories?post=186072"},{"taxonomy":"post_tag","embeddable":true,"href":"https:\/\/cdnoticias.com\/index.php\/wp-json\/wp\/v2\/tags?post=186072"}],"curies":[{"name":"wp","href":"https:\/\/api.w.org\/{rel}","templated":true}]}}