{"id":186038,"date":"2025-10-24T16:12:58","date_gmt":"2025-10-24T19:12:58","guid":{"rendered":"https:\/\/cdnoticias.com\/?p=186038"},"modified":"2025-10-24T18:07:08","modified_gmt":"2025-10-24T21:07:08","slug":"maximiliano-wesner-pidio-prorroga-para-presentar-el-presupuesto-2026-de-olavarria","status":"publish","type":"post","link":"https:\/\/cdnoticias.com\/index.php\/2025\/10\/24\/maximiliano-wesner-pidio-prorroga-para-presentar-el-presupuesto-2026-de-olavarria\/","title":{"rendered":"Maximiliano Wesner pidi\u00f3 pr\u00f3rroga para presentar el Presupuesto 2026 de Olavarr\u00eda"},"content":{"rendered":"<p>El plazo formal vence el 31 de octubre, pero el HCD habilit\u00f3 a postergar un mes la presentaci\u00f3n.<!--more--><\/p>\n<hr \/>\n<p>El <strong>intendente Maximiliano Wesner<\/strong> pidi\u00f3 <strong>pr\u00f3rroga para presentar el Presupuesto 2026<\/strong> de Olavarr\u00eda en el Concejo Deliberante.<\/p>\n<p>El <strong>plazo formal<\/strong> fijado por la Ley Org\u00e1nica de las Municipalidades es el <strong>31 de octubre<\/strong>, con lo que el viernes pr\u00f3ximo el Ejecutivo local deber\u00eda llevar el proyecto al legislativo.<\/p>\n<blockquote><p>En la sesi\u00f3n de este jueves, los concejales aprobaron por unanimidad el pedido de Wesner con lo que qued\u00f3 habilitado a postergar un mes el env\u00edo del \u201cPresupuesto de Gastos y C\u00e1lculo de Recursos correspondiente al ejercicio 2026\u201d.<\/p><\/blockquote>\n<p>A <strong>fines de noviembre<\/strong> llegar\u00e1 el proyecto para el estudio de los concejales.<\/p>\n","protected":false},"excerpt":{"rendered":"<p>El plazo formal vence el 31 de octubre, pero el HCD habilit\u00f3 a postergar un mes la presentaci\u00f3n.<\/p>\n","protected":false},"author":4,"featured_media":185677,"comment_status":"closed","ping_status":"closed","sticky":false,"template":"","format":"standard","meta":{"_jetpack_memberships_contains_paid_content":false,"footnotes":""},"categories":[4,1],"tags":[],"class_list":["post-186038","post","type-post","status-publish","format-standard","has-post-thumbnail","hentry","category-politica","category-portada"],"jetpack_featured_media_url":"https:\/\/i0.wp.com\/cdnoticias.com\/wp-content\/uploads\/2025\/10\/wesner-Aniversario-Sierras-Bayas.jpeg?fit=1000%2C557&ssl=1","jetpack_sharing_enabled":true,"_links":{"self":[{"href":"https:\/\/cdnoticias.com\/index.php\/wp-json\/wp\/v2\/posts\/186038","targetHints":{"allow":["GET"]}}],"collection":[{"href":"https:\/\/cdnoticias.com\/index.php\/wp-json\/wp\/v2\/posts"}],"about":[{"href":"https:\/\/cdnoticias.com\/index.php\/wp-json\/wp\/v2\/types\/post"}],"author":[{"embeddable":true,"href":"https:\/\/cdnoticias.com\/index.php\/wp-json\/wp\/v2\/users\/4"}],"replies":[{"embeddable":true,"href":"https:\/\/cdnoticias.com\/index.php\/wp-json\/wp\/v2\/comments?post=186038"}],"version-history":[{"count":0,"href":"https:\/\/cdnoticias.com\/index.php\/wp-json\/wp\/v2\/posts\/186038\/revisions"}],"wp:featuredmedia":[{"embeddable":true,"href":"https:\/\/cdnoticias.com\/index.php\/wp-json\/wp\/v2\/media\/185677"}],"wp:attachment":[{"href":"https:\/\/cdnoticias.com\/index.php\/wp-json\/wp\/v2\/media?parent=186038"}],"wp:term":[{"taxonomy":"category","embeddable":true,"href":"https:\/\/cdnoticias.com\/index.php\/wp-json\/wp\/v2\/categories?post=186038"},{"taxonomy":"post_tag","embeddable":true,"href":"https:\/\/cdnoticias.com\/index.php\/wp-json\/wp\/v2\/tags?post=186038"}],"curies":[{"name":"wp","href":"https:\/\/api.w.org\/{rel}","templated":true}]}}