{"id":185995,"date":"2025-10-24T09:09:06","date_gmt":"2025-10-24T12:09:06","guid":{"rendered":"https:\/\/cdnoticias.com\/?p=185995"},"modified":"2025-10-24T12:34:48","modified_gmt":"2025-10-24T15:34:48","slug":"homicidio-en-el-barrio-evita-se-investiga-un-intento-de-robo","status":"publish","type":"post","link":"https:\/\/cdnoticias.com\/index.php\/2025\/10\/24\/homicidio-en-el-barrio-evita-se-investiga-un-intento-de-robo\/","title":{"rendered":"Homicidio en el barrio Evita: se investiga un intento de robo"},"content":{"rendered":"<p>Fue esta madrugada en una vivienda ubicada sobre avenida Pueyrred\u00f3n. Hay un hombre aprehendido. Amplio despliegue policial para establecer lo sucedido.<!--more--><\/p>\n<hr \/>\n<p>Un<strong> violento episodio<\/strong> se dio en la madrugada de este viernes en el <strong>barrio Evita<\/strong>. Un<strong> joven fue asesinado por un hombre<\/strong> y la principal hip\u00f3tesis de los investigadores es que se<strong> trat\u00f3 de un intento de robo.<\/strong><\/p>\n<blockquote><p>El hecho se dio en una vivienda ubicada en Pueyrred\u00f3n al 4800, en el cruce con calle 97 Bis. En el sector hay un amplio despliegue policial actualmente con la labor de personal de diversas dependencias entre ellos Polic\u00eda Cient\u00edfica que lleva adelante distintas medidas para buscar huellas, rastros y avanzar en pericias que permitan establecer lo sucedido.<\/p><\/blockquote>\n<p><img data-recalc-dims=\"1\" loading=\"lazy\" decoding=\"async\" class=\"alignnone size-full wp-image-185998 aligncenter\" src=\"https:\/\/i0.wp.com\/cdnoticias.com\/wp-content\/uploads\/2025\/10\/homicidio-pellegrini-4800-B.jpg?resize=800%2C445&#038;ssl=1\" alt=\"\" width=\"800\" height=\"445\" srcset=\"https:\/\/i0.wp.com\/cdnoticias.com\/wp-content\/uploads\/2025\/10\/homicidio-pellegrini-4800-B.jpg?w=1000&amp;ssl=1 1000w, https:\/\/i0.wp.com\/cdnoticias.com\/wp-content\/uploads\/2025\/10\/homicidio-pellegrini-4800-B.jpg?resize=300%2C167&amp;ssl=1 300w, https:\/\/i0.wp.com\/cdnoticias.com\/wp-content\/uploads\/2025\/10\/homicidio-pellegrini-4800-B.jpg?resize=768%2C427&amp;ssl=1 768w, https:\/\/i0.wp.com\/cdnoticias.com\/wp-content\/uploads\/2025\/10\/homicidio-pellegrini-4800-B.jpg?resize=800%2C445&amp;ssl=1 800w\" sizes=\"auto, (max-width: 800px) 100vw, 800px\" \/><\/p>\n<p><strong>Pasadas las 3 de la madrugada de este viernes<\/strong> el propietario de una vivienda <strong>abri\u00f3 fuego contra al menos dos personas<\/strong> que <strong>habr\u00edan intentado ingresar con fines de robo<\/strong>. Uno de los presuntos ladrones fue alcanzado por las balas y<strong> cay\u00f3 a varios metros de la casa, en la v\u00eda p\u00fablica<\/strong>. Se estableci\u00f3 su<strong> fallecimiento<\/strong>.<\/p>\n<blockquote><p>Fuentes policiales informaron a Central de Noticias que la persona fallecida es un joven que cuenta con antecedentes penales. Su identidad se mantiene en reserva en el marco del avance de las averiguaciones.<\/p><\/blockquote>\n<p>En tanto, el <strong>propietario de la vivienda<\/strong> qued\u00f3 <strong>aprehendido acusado, en principio, por \u201chomicidio\u201d<\/strong>. Actualmente <em>permanece dentro de la vivienda mientras se desarrollan las actuaciones de los efectivos policiales<\/em>.<\/p>\n<p><img data-recalc-dims=\"1\" loading=\"lazy\" decoding=\"async\" class=\"alignnone size-full wp-image-185996 aligncenter\" src=\"https:\/\/i0.wp.com\/cdnoticias.com\/wp-content\/uploads\/2025\/10\/homicidio-pellegrini-4800-C.jpg?resize=800%2C445&#038;ssl=1\" alt=\"\" width=\"800\" height=\"445\" srcset=\"https:\/\/i0.wp.com\/cdnoticias.com\/wp-content\/uploads\/2025\/10\/homicidio-pellegrini-4800-C.jpg?w=1000&amp;ssl=1 1000w, https:\/\/i0.wp.com\/cdnoticias.com\/wp-content\/uploads\/2025\/10\/homicidio-pellegrini-4800-C.jpg?resize=300%2C167&amp;ssl=1 300w, https:\/\/i0.wp.com\/cdnoticias.com\/wp-content\/uploads\/2025\/10\/homicidio-pellegrini-4800-C.jpg?resize=768%2C427&amp;ssl=1 768w, https:\/\/i0.wp.com\/cdnoticias.com\/wp-content\/uploads\/2025\/10\/homicidio-pellegrini-4800-C.jpg?resize=800%2C445&amp;ssl=1 800w\" sizes=\"auto, (max-width: 800px) 100vw, 800px\" \/><\/p>\n<blockquote><p>Seg\u00fan se confirm\u00f3, el hombre tiene permiso de portaci\u00f3n de arma de fuego. El arma utilizada para el ataque qued\u00f3 secuestrada.<\/p><\/blockquote>\n<p>La labor del personal policial se extiende varios metros a la redonda de la vivienda, <strong>todo el sector permanece cortado al tr\u00e1nsito<\/strong>. Se busca <strong>establecer los movimientos de la v\u00edctima y del acusado<\/strong>. En ese marco, se pudo saber que parte de las actuaciones incluy\u00f3 el<strong> pedido de im\u00e1genes de c\u00e1maras de seguridad<\/strong> a los vecinos del sector a fin de determinar tambi\u00e9n <strong>cu\u00e1ntos presuntos ladrones llegaron hasta la vivienda de Pueyrred\u00f3n al 4800<\/strong>.<\/p>\n","protected":false},"excerpt":{"rendered":"<p>Fue esta madrugada en una vivienda ubicada sobre avenida Pueyrred\u00f3n. Hay un hombre aprehendido. Amplio despliegue policial para establecer lo<\/p>\n","protected":false},"author":4,"featured_media":185997,"comment_status":"closed","ping_status":"closed","sticky":false,"template":"","format":"standard","meta":{"_jetpack_memberships_contains_paid_content":false,"footnotes":""},"categories":[14,1],"tags":[],"class_list":["post-185995","post","type-post","status-publish","format-standard","has-post-thumbnail","hentry","category-policiales","category-portada"],"jetpack_featured_media_url":"https:\/\/i0.wp.com\/cdnoticias.com\/wp-content\/uploads\/2025\/10\/homicidio-pellegrini-4800-A.jpg?fit=1000%2C555&ssl=1","jetpack_sharing_enabled":true,"_links":{"self":[{"href":"https:\/\/cdnoticias.com\/index.php\/wp-json\/wp\/v2\/posts\/185995","targetHints":{"allow":["GET"]}}],"collection":[{"href":"https:\/\/cdnoticias.com\/index.php\/wp-json\/wp\/v2\/posts"}],"about":[{"href":"https:\/\/cdnoticias.com\/index.php\/wp-json\/wp\/v2\/types\/post"}],"author":[{"embeddable":true,"href":"https:\/\/cdnoticias.com\/index.php\/wp-json\/wp\/v2\/users\/4"}],"replies":[{"embeddable":true,"href":"https:\/\/cdnoticias.com\/index.php\/wp-json\/wp\/v2\/comments?post=185995"}],"version-history":[{"count":0,"href":"https:\/\/cdnoticias.com\/index.php\/wp-json\/wp\/v2\/posts\/185995\/revisions"}],"wp:featuredmedia":[{"embeddable":true,"href":"https:\/\/cdnoticias.com\/index.php\/wp-json\/wp\/v2\/media\/185997"}],"wp:attachment":[{"href":"https:\/\/cdnoticias.com\/index.php\/wp-json\/wp\/v2\/media?parent=185995"}],"wp:term":[{"taxonomy":"category","embeddable":true,"href":"https:\/\/cdnoticias.com\/index.php\/wp-json\/wp\/v2\/categories?post=185995"},{"taxonomy":"post_tag","embeddable":true,"href":"https:\/\/cdnoticias.com\/index.php\/wp-json\/wp\/v2\/tags?post=185995"}],"curies":[{"name":"wp","href":"https:\/\/api.w.org\/{rel}","templated":true}]}}