{"id":185982,"date":"2025-10-23T19:37:03","date_gmt":"2025-10-23T22:37:03","guid":{"rendered":"https:\/\/cdnoticias.com\/?p=185982"},"modified":"2025-10-24T10:37:03","modified_gmt":"2025-10-24T13:37:03","slug":"giro-mas-de-55-mil-kilos-de-residuos-reciclables-fueron-procesados-en-la-planta-local","status":"publish","type":"post","link":"https:\/\/cdnoticias.com\/index.php\/2025\/10\/23\/giro-mas-de-55-mil-kilos-de-residuos-reciclables-fueron-procesados-en-la-planta-local\/","title":{"rendered":"GIRO: m\u00e1s de 55 mil kilos de residuos reciclables fueron procesados en la planta local"},"content":{"rendered":"\n<p>\u201cEstos resultados se obtienen gracias a los propios ciudadanos que se comprometen con el programa GIRO\u201d se\u00f1al\u00f3 el Municipio.\u00a0<\/p>\n\n\n\n<hr class=\"wp-block-separator aligncenter has-alpha-channel-opacity\"\/>\n\n\n\n<p>El Municipio de Olavarr\u00eda inform\u00f3 que nuevamente se realiz\u00f3 la <strong>recuperaci\u00f3n de m\u00e1s de 55.000 kilos de material reciclable<\/strong>, proveniente de la Planta de Clasificaci\u00f3n GIRO y <em>&#8220;gracias al aporte de cada vecino de la ciudad comprometido con esta <strong>pol\u00edtica de separaci\u00f3n <\/strong>que llevamos juntos entre todos&#8221;. <\/em><\/p>\n\n\n\n<p><\/p>\n\n\n\n<p>Asimismo, desde la Secretar\u00eda de Desarrollo Econ\u00f3mico y Productivo, a trav\u00e9s del \u00e1rea de Ambiente, se record\u00f3 que la disposici\u00f3n, clasificaci\u00f3n, enfarde y posterior venta se lleva a cabo en la planta que cuenta el Municipio, en un sector del Relleno Sanitario y que <strong>desde el 2023 est\u00e1 a cargo de la Cooperativa Viento en Contra.<\/strong><\/p>\n\n\n\n<p><\/p>\n\n\n\n<blockquote class=\"wp-block-quote is-layout-flow wp-block-quote-is-layout-flow\">\n<p>El env\u00edo del material se realiz\u00f3 en dos camiones en diferentes fechas, e incluyeron un equipo completo de papel y cart\u00f3n de segunda por un total de 22.104 kilos y otra carga de Pet cristal por 6.672 kilos, soplado tutti 1.698 kilos, papel blanco 2.175 kilos y aluminio 610 kilos.<\/p>\n<\/blockquote>\n\n\n\n<p><\/p>\n\n\n\n<p>Tambi\u00e9n se sum\u00f3 una <strong>carga de vidrio por 20.120 kilos y de chatarra por 2.340 kilos.<\/strong> As\u00ed, el total de material reciclable recuperado en la planta que se le dio salida para venta<strong> suma un total de 55.719 kilos.\u00a0<\/strong><\/p>\n\n\n\n<p><\/p>\n\n\n\n<figure class=\"wp-block-image aligncenter size-full\"><img data-recalc-dims=\"1\" loading=\"lazy\" decoding=\"async\" width=\"800\" height=\"489\" src=\"https:\/\/i0.wp.com\/cdnoticias.com\/wp-content\/uploads\/2025\/10\/giro-planta.png?resize=800%2C489&#038;ssl=1\" alt=\"\" class=\"wp-image-185986\" srcset=\"https:\/\/i0.wp.com\/cdnoticias.com\/wp-content\/uploads\/2025\/10\/giro-planta.png?w=895&amp;ssl=1 895w, https:\/\/i0.wp.com\/cdnoticias.com\/wp-content\/uploads\/2025\/10\/giro-planta.png?resize=300%2C183&amp;ssl=1 300w, https:\/\/i0.wp.com\/cdnoticias.com\/wp-content\/uploads\/2025\/10\/giro-planta.png?resize=768%2C469&amp;ssl=1 768w\" sizes=\"auto, (max-width: 800px) 100vw, 800px\" \/><\/figure>\n\n\n\n<p><\/p>\n\n\n\n<blockquote class=\"wp-block-quote is-layout-flow wp-block-quote-is-layout-flow\">\n<p>Todos estos materiales tienen su propio circuito de comercializaci\u00f3n y la venta de los mismos permite un recupero al programa para seguir avanzado en mejoras y en la difusi\u00f3n y concientizaci\u00f3n a trav\u00e9s de las promotoras.<\/p>\n<\/blockquote>\n\n\n\n<p><\/p>\n\n\n\n<p>Por \u00faltimo, el Municipio destac\u00f3<em> &#8220;que estos resultados se obtienen gracias a los propios ciudadanos que se comprometen con el programa GIRO y separan sus residuos reciclables para disponerlo en los cestos el d\u00eda correspondiente en que se realiza la recolecci\u00f3n de los mismos. Como as\u00ed tambi\u00e9n, cuando se comunican a trav\u00e9s de las redes, por sugerencias o reclamos, pero que hacen al ida y vuelta para hacer seguir creciendo al Programa&#8221;. <\/em><\/p>\n\n\n\n<p><\/p>\n\n\n\n<p>Seg\u00fan el barrio, la <strong>recolecci\u00f3n de reciclables se realiza en diferentes d\u00edas de la semana<\/strong>, as\u00ed el material para clasificar llega todos los d\u00edas a la Planta, proveniente de diferentes zonas de la ciudad, permitiendo un flujo continuo de materiales a procesar, optimizando los recursos.\u00a0\u00a0<\/p>\n\n\n\n<p><\/p>\n\n\n\n<figure class=\"wp-block-image aligncenter size-full\"><img data-recalc-dims=\"1\" loading=\"lazy\" decoding=\"async\" width=\"800\" height=\"474\" src=\"https:\/\/i0.wp.com\/cdnoticias.com\/wp-content\/uploads\/2025\/10\/giro-planta2.png?resize=800%2C474&#038;ssl=1\" alt=\"\" class=\"wp-image-185984\" srcset=\"https:\/\/i0.wp.com\/cdnoticias.com\/wp-content\/uploads\/2025\/10\/giro-planta2.png?w=892&amp;ssl=1 892w, https:\/\/i0.wp.com\/cdnoticias.com\/wp-content\/uploads\/2025\/10\/giro-planta2.png?resize=300%2C178&amp;ssl=1 300w, https:\/\/i0.wp.com\/cdnoticias.com\/wp-content\/uploads\/2025\/10\/giro-planta2.png?resize=768%2C455&amp;ssl=1 768w\" sizes=\"auto, (max-width: 800px) 100vw, 800px\" \/><\/figure>\n\n\n\n<p><\/p>\n\n\n\n<p>Una vez descargado en la planta de clasificaci\u00f3n,<strong> la cooperativa realiza las tareas de clasificaci\u00f3n, enfarde y acondicionamiento<\/strong> seg\u00fan cada tipo de residuo, para luego, una vez que se tiene material suficiente para completar una carga, se vende a la industria del reciclado para ser <strong>incorporado como nueva materia prima en la fabricaci\u00f3n de nuevos productos.<\/strong><\/p>\n\n\n\n<p><\/p>\n","protected":false},"excerpt":{"rendered":"<p>\u201cEstos resultados se obtienen gracias a los propios ciudadanos que se comprometen con el programa GIRO\u201d se\u00f1al\u00f3 el Municipio.\u00a0 El<\/p>\n","protected":false},"author":6,"featured_media":185985,"comment_status":"closed","ping_status":"closed","sticky":false,"template":"","format":"standard","meta":{"_jetpack_memberships_contains_paid_content":false,"footnotes":""},"categories":[5,1],"tags":[],"class_list":["post-185982","post","type-post","status-publish","format-standard","has-post-thumbnail","hentry","category-informacion-general","category-portada"],"jetpack_featured_media_url":"https:\/\/i0.wp.com\/cdnoticias.com\/wp-content\/uploads\/2025\/10\/giro-planta1.jpg?fit=890%2C576&ssl=1","jetpack_sharing_enabled":true,"_links":{"self":[{"href":"https:\/\/cdnoticias.com\/index.php\/wp-json\/wp\/v2\/posts\/185982","targetHints":{"allow":["GET"]}}],"collection":[{"href":"https:\/\/cdnoticias.com\/index.php\/wp-json\/wp\/v2\/posts"}],"about":[{"href":"https:\/\/cdnoticias.com\/index.php\/wp-json\/wp\/v2\/types\/post"}],"author":[{"embeddable":true,"href":"https:\/\/cdnoticias.com\/index.php\/wp-json\/wp\/v2\/users\/6"}],"replies":[{"embeddable":true,"href":"https:\/\/cdnoticias.com\/index.php\/wp-json\/wp\/v2\/comments?post=185982"}],"version-history":[{"count":0,"href":"https:\/\/cdnoticias.com\/index.php\/wp-json\/wp\/v2\/posts\/185982\/revisions"}],"wp:featuredmedia":[{"embeddable":true,"href":"https:\/\/cdnoticias.com\/index.php\/wp-json\/wp\/v2\/media\/185985"}],"wp:attachment":[{"href":"https:\/\/cdnoticias.com\/index.php\/wp-json\/wp\/v2\/media?parent=185982"}],"wp:term":[{"taxonomy":"category","embeddable":true,"href":"https:\/\/cdnoticias.com\/index.php\/wp-json\/wp\/v2\/categories?post=185982"},{"taxonomy":"post_tag","embeddable":true,"href":"https:\/\/cdnoticias.com\/index.php\/wp-json\/wp\/v2\/tags?post=185982"}],"curies":[{"name":"wp","href":"https:\/\/api.w.org\/{rel}","templated":true}]}}