{"id":185979,"date":"2025-10-23T20:18:53","date_gmt":"2025-10-23T23:18:53","guid":{"rendered":"https:\/\/cdnoticias.com\/?p=185979"},"modified":"2025-10-23T20:18:55","modified_gmt":"2025-10-23T23:18:55","slug":"elecciones-la-provincia-dispuso-el-transporte-publico-gratis-para-el-domingo","status":"publish","type":"post","link":"https:\/\/cdnoticias.com\/index.php\/2025\/10\/23\/elecciones-la-provincia-dispuso-el-transporte-publico-gratis-para-el-domingo\/","title":{"rendered":"Elecciones: la Provincia dispuso el transporte p\u00fablico gratis para el domingo\u00a0"},"content":{"rendered":"\n<p>Al igual que en septiembre, Transporte dispuso que viajar en colectivo ser\u00e1 gratis e invit\u00f3 a los municipios a seguir ese camino.<\/p>\n\n\n\n<hr class=\"wp-block-separator aligncenter has-alpha-channel-opacity\"\/>\n\n\n\n<p>Este domingo, <strong>13.353.974 de bonaerenses est\u00e1n en condiciones de ir a votar <\/strong>en las elecciones para<strong> elegir a 35 diputados nacionales <\/strong>que los representar\u00e1n en el Congreso.\u00a0<\/p>\n\n\n\n<p><\/p>\n\n\n\n<blockquote class=\"wp-block-quote is-layout-flow wp-block-quote-is-layout-flow\">\n<p>En ese contexto, el Gobierno bonaerense dispuso la gratuidad del servicio p\u00fablico de transporte automotor y fluvial de pasajeros para la jornada del d\u00eda 26 de octubre y tal cual ocurri\u00f3 en los comicios provinciales del pasado 7 de septiembre.<\/p>\n<\/blockquote>\n\n\n\n<p><\/p>\n\n\n\n<p>La medida abarca a los servicios regulares de <strong>transporte p\u00fablico automotor de pasajeros, de car\u00e1cter urbano e interurbano de media distancia,<\/strong> aleda\u00f1os a la Ciudad Aut\u00f3noma de Buenos Aires (CABA) e <strong>interurbanos de larga distancia<\/strong>, de jurisdicci\u00f3n provincial; y a los servicios regulares urbanos, interurbanos de media y larga distancia, as\u00ed como el transporte fluvial del Delta del Paran\u00e1, garantizando el acceso de todos los bonaerenses a sus lugares de votaci\u00f3n.<\/p>\n\n\n\n<p><\/p>\n\n\n\n<blockquote class=\"wp-block-quote is-layout-flow wp-block-quote-is-layout-flow\">\n<p>\u201cEl servicio gratuito en las jornadas electorales es una herramienta fundamental para asegurar la participaci\u00f3n democr\u00e1tica y la igualdad de oportunidades. Nuestra responsabilidad es garantizar que ning\u00fan ciudadano o ciudadana vea limitado su derecho al voto por no poder acceder al transporte\u201d, dijo el ministro de Transporte, Mart\u00edn Marinucci.<\/p>\n<\/blockquote>\n\n\n\n<p><\/p>\n\n\n\n<p>Finalmente, el Ministerio <strong>invit\u00f3 a los municipios de la Provincia a adherir a esta medida<\/strong>, reafirmando el compromiso de la gesti\u00f3n con el acceso universal al sufragio y el <strong>fortalecimiento de la democracia.\u00a0<\/strong><\/p>\n\n\n\n<p><\/p>\n\n\n\n<p><em>Fuente: DIB\u00a0<\/em><\/p>\n\n\n\n<p><\/p>\n","protected":false},"excerpt":{"rendered":"<p>Al igual que en septiembre, Transporte dispuso que viajar en colectivo ser\u00e1 gratis e invit\u00f3 a los municipios a seguir<\/p>\n","protected":false},"author":6,"featured_media":51079,"comment_status":"closed","ping_status":"closed","sticky":false,"template":"","format":"standard","meta":{"_jetpack_memberships_contains_paid_content":false,"footnotes":""},"categories":[6,1],"tags":[],"class_list":["post-185979","post","type-post","status-publish","format-standard","has-post-thumbnail","hentry","category-nacionales","category-portada"],"jetpack_featured_media_url":"https:\/\/i0.wp.com\/cdnoticias.com\/wp-content\/uploads\/2022\/04\/colectivo-boleto-tu-bus-3.jpg?fit=800%2C445&ssl=1","jetpack_sharing_enabled":true,"_links":{"self":[{"href":"https:\/\/cdnoticias.com\/index.php\/wp-json\/wp\/v2\/posts\/185979","targetHints":{"allow":["GET"]}}],"collection":[{"href":"https:\/\/cdnoticias.com\/index.php\/wp-json\/wp\/v2\/posts"}],"about":[{"href":"https:\/\/cdnoticias.com\/index.php\/wp-json\/wp\/v2\/types\/post"}],"author":[{"embeddable":true,"href":"https:\/\/cdnoticias.com\/index.php\/wp-json\/wp\/v2\/users\/6"}],"replies":[{"embeddable":true,"href":"https:\/\/cdnoticias.com\/index.php\/wp-json\/wp\/v2\/comments?post=185979"}],"version-history":[{"count":0,"href":"https:\/\/cdnoticias.com\/index.php\/wp-json\/wp\/v2\/posts\/185979\/revisions"}],"wp:featuredmedia":[{"embeddable":true,"href":"https:\/\/cdnoticias.com\/index.php\/wp-json\/wp\/v2\/media\/51079"}],"wp:attachment":[{"href":"https:\/\/cdnoticias.com\/index.php\/wp-json\/wp\/v2\/media?parent=185979"}],"wp:term":[{"taxonomy":"category","embeddable":true,"href":"https:\/\/cdnoticias.com\/index.php\/wp-json\/wp\/v2\/categories?post=185979"},{"taxonomy":"post_tag","embeddable":true,"href":"https:\/\/cdnoticias.com\/index.php\/wp-json\/wp\/v2\/tags?post=185979"}],"curies":[{"name":"wp","href":"https:\/\/api.w.org\/{rel}","templated":true}]}}