{"id":185974,"date":"2025-10-23T18:30:57","date_gmt":"2025-10-23T21:30:57","guid":{"rendered":"https:\/\/cdnoticias.com\/?p=185974"},"modified":"2025-10-24T09:16:30","modified_gmt":"2025-10-24T12:16:30","slug":"coopelectric-celebro-su-94a-asamblea-general-ordinaria-y-renovo-autoridades","status":"publish","type":"post","link":"https:\/\/cdnoticias.com\/index.php\/2025\/10\/23\/coopelectric-celebro-su-94a-asamblea-general-ordinaria-y-renovo-autoridades\/","title":{"rendered":"Coopelectric celebr\u00f3 su 94\u00aa Asamblea General Ordinaria y renov\u00f3 autoridades"},"content":{"rendered":"\n<p>El encuentro se realiz\u00f3 en el Sal\u00f3n Audit\u00f3rium con la presencia de la veedora del INAES. Se aprobaron por unanimidad la Memoria, el Balance y los informes del Ejercicio Econ\u00f3mico N\u00b0 94.<\/p>\n\n\n\n<hr class=\"wp-block-separator aligncenter has-alpha-channel-opacity\"\/>\n\n\n\n<p>En cumplimiento de su Estatuto Social y de la Ley de Cooperativas N\u00b0 20.337<strong>, Coopelectric llev\u00f3 a cabo la 94\u00aa Asamblea General Ordinaria. El encuentro reuni\u00f3 al Cuerpo de Delegados \u2014representantes de los asociados\u2014 para analizar la gesti\u00f3n institucional desarrollada durante el Ejercicio Econ\u00f3mico N\u00b0 94, comprendido entre el 1\u00b0 de julio de 2024 y el 30 de junio de 2025.<\/strong><\/p>\n\n\n\n<p>La asamblea tuvo lugar en el <strong>Sal\u00f3n Audit\u00f3rium de Coopelectric, con la participaci\u00f3n de la veedora del Instituto Nacional de Asociativismo y Econom\u00eda Social (INAES), Sra. Miriam Di Cunto<\/strong>. Durante la jornada asumieron sus funciones los Delegados de la Lista Amarilla Conducci\u00f3n, oficializados tras la convocatoria a Asamblea Electoral de Distrito \u00danico publicada en julio.<\/p>\n\n\n\n<p>El secretario del Consejo de Administraci\u00f3n, Ignacio Aramburu, dio la bienvenida a los delegados y cedi\u00f3 la palabra al <strong>presidente del Consejo, ingeniero Alberto Miotti, quien repas\u00f3 los principales logros y desaf\u00edos de la gesti\u00f3n. Miotti destac\u00f3 la firma del acuerdo de regularizaci\u00f3n de deuda con CAMMESA y subray\u00f3 la importancia de consolidar un proceso de inversi\u00f3n que mejore la calidad de los servicios.<\/strong><\/p>\n\n\n\n<figure class=\"wp-block-image size-large\"><img data-recalc-dims=\"1\" loading=\"lazy\" decoding=\"async\" width=\"800\" height=\"600\" src=\"https:\/\/i0.wp.com\/cdnoticias.com\/wp-content\/uploads\/2025\/10\/Asamblea-Ordinaria-01.jpeg?resize=800%2C600&#038;ssl=1\" alt=\"\" class=\"wp-image-185977\" srcset=\"https:\/\/i0.wp.com\/cdnoticias.com\/wp-content\/uploads\/2025\/10\/Asamblea-Ordinaria-01.jpeg?resize=1024%2C768&amp;ssl=1 1024w, https:\/\/i0.wp.com\/cdnoticias.com\/wp-content\/uploads\/2025\/10\/Asamblea-Ordinaria-01.jpeg?resize=300%2C225&amp;ssl=1 300w, https:\/\/i0.wp.com\/cdnoticias.com\/wp-content\/uploads\/2025\/10\/Asamblea-Ordinaria-01.jpeg?resize=768%2C576&amp;ssl=1 768w, https:\/\/i0.wp.com\/cdnoticias.com\/wp-content\/uploads\/2025\/10\/Asamblea-Ordinaria-01.jpeg?resize=1536%2C1152&amp;ssl=1 1536w, https:\/\/i0.wp.com\/cdnoticias.com\/wp-content\/uploads\/2025\/10\/Asamblea-Ordinaria-01.jpeg?w=1600&amp;ssl=1 1600w\" sizes=\"auto, (max-width: 800px) 100vw, 800px\" \/><\/figure>\n\n\n\n<p><em>\u201cEl v\u00ednculo con la comunidad se fortalece cuando el servicio mejora\u201d,<\/em> se\u00f1al\u00f3, al tiempo que record\u00f3 la magnitud del sistema cooperativo: <strong>m\u00e1s de 3000 kil\u00f3metros de l\u00edneas el\u00e9ctricas urbanas y rurales, 16 estaciones transformadoras, m\u00e1s de 57 mil conexiones de energ\u00eda el\u00e9ctrica, 51 mil cuentas en Obras Sanitarias y m\u00e1s de 60 mil personas cubiertas por los servicios de sepelio y cremaci\u00f3n. Tambi\u00e9n mencion\u00f3 los servicios educativos, de internet, telefon\u00eda y gas a granel.<\/strong><\/p>\n\n\n\n<p>Posteriormente, se abordaron los puntos del Orden del D\u00eda y<strong> se eligieron las autoridades de la Asamblea: Domingo Soraiz fue designado presidente, Jos\u00e9 Luis Veyrand vicepresidente, y las delegadas Viviana Castro Villafa\u00f1ez y Mar\u00eda Andrea Rivas ocupar\u00e1n las secretar\u00edas.<\/strong><\/p>\n\n\n\n<figure class=\"wp-block-image size-large\"><img data-recalc-dims=\"1\" loading=\"lazy\" decoding=\"async\" width=\"800\" height=\"600\" src=\"https:\/\/i0.wp.com\/cdnoticias.com\/wp-content\/uploads\/2025\/10\/Asamblea-Ordinaria-02.jpeg?resize=800%2C600&#038;ssl=1\" alt=\"\" class=\"wp-image-185976\" srcset=\"https:\/\/i0.wp.com\/cdnoticias.com\/wp-content\/uploads\/2025\/10\/Asamblea-Ordinaria-02.jpeg?resize=1024%2C768&amp;ssl=1 1024w, https:\/\/i0.wp.com\/cdnoticias.com\/wp-content\/uploads\/2025\/10\/Asamblea-Ordinaria-02.jpeg?resize=300%2C225&amp;ssl=1 300w, https:\/\/i0.wp.com\/cdnoticias.com\/wp-content\/uploads\/2025\/10\/Asamblea-Ordinaria-02.jpeg?resize=768%2C576&amp;ssl=1 768w, https:\/\/i0.wp.com\/cdnoticias.com\/wp-content\/uploads\/2025\/10\/Asamblea-Ordinaria-02.jpeg?resize=1536%2C1152&amp;ssl=1 1536w, https:\/\/i0.wp.com\/cdnoticias.com\/wp-content\/uploads\/2025\/10\/Asamblea-Ordinaria-02.jpeg?w=1600&amp;ssl=1 1600w\" sizes=\"auto, (max-width: 800px) 100vw, 800px\" \/><\/figure>\n\n\n\n<p>Los delegados <strong>aprobaron por unanimidad la Memoria, el Balance General, la Cuenta de P\u00e9rdidas y Excedentes, Anexos, Notas e Informes de la Auditor\u00eda Externa y de la Sindicatura correspondientes al ejercicio.<\/strong><\/p>\n\n\n\n<p>El jefe Contable Regulatorio, Cr. Diego Latasa, present\u00f3 un informe econ\u00f3mico detallado, seguido por la exposici\u00f3n de la auditora externa, Cra. M\u00f3nica Sauro, y la lectura del informe del s\u00edndico Jorge Cataldi.<\/p>\n\n\n\n<p>En la renovaci\u00f3n de autoridades, fueron elegidos como Consejeros Titulares por tres a\u00f1os el Dr. Ignacio Aramburu, el Dr. Carlos H. D\u00edaz y el Dr. Juan Manuel Mondrag\u00f3n. Como Consejeros Suplentes se desempe\u00f1ar\u00e1n durante un a\u00f1o el Sr. Walter Bahl, el Sr. Juan Carlos Piccinelli, el Dr. Nicol\u00e1s Marinangeli y el Sr. Carlos Coscia. El Dr. Jorge Cataldi fue designado S\u00edndico Titular y el Dr. Am\u00edlcar Dirazar, S\u00edndico Suplente.<\/p>\n","protected":false},"excerpt":{"rendered":"<p>El encuentro se realiz\u00f3 en el Sal\u00f3n Audit\u00f3rium con la presencia de la veedora del INAES. Se aprobaron por unanimidad<\/p>\n","protected":false},"author":2,"featured_media":185975,"comment_status":"closed","ping_status":"closed","sticky":false,"template":"","format":"standard","meta":{"_jetpack_memberships_contains_paid_content":false,"footnotes":""},"categories":[5,1],"tags":[],"class_list":["post-185974","post","type-post","status-publish","format-standard","has-post-thumbnail","hentry","category-informacion-general","category-portada"],"jetpack_featured_media_url":"https:\/\/i0.wp.com\/cdnoticias.com\/wp-content\/uploads\/2025\/10\/Asamblea-Ordinaria-03-e1761253850818.jpeg?fit=1600%2C848&ssl=1","jetpack_sharing_enabled":true,"_links":{"self":[{"href":"https:\/\/cdnoticias.com\/index.php\/wp-json\/wp\/v2\/posts\/185974","targetHints":{"allow":["GET"]}}],"collection":[{"href":"https:\/\/cdnoticias.com\/index.php\/wp-json\/wp\/v2\/posts"}],"about":[{"href":"https:\/\/cdnoticias.com\/index.php\/wp-json\/wp\/v2\/types\/post"}],"author":[{"embeddable":true,"href":"https:\/\/cdnoticias.com\/index.php\/wp-json\/wp\/v2\/users\/2"}],"replies":[{"embeddable":true,"href":"https:\/\/cdnoticias.com\/index.php\/wp-json\/wp\/v2\/comments?post=185974"}],"version-history":[{"count":0,"href":"https:\/\/cdnoticias.com\/index.php\/wp-json\/wp\/v2\/posts\/185974\/revisions"}],"wp:featuredmedia":[{"embeddable":true,"href":"https:\/\/cdnoticias.com\/index.php\/wp-json\/wp\/v2\/media\/185975"}],"wp:attachment":[{"href":"https:\/\/cdnoticias.com\/index.php\/wp-json\/wp\/v2\/media?parent=185974"}],"wp:term":[{"taxonomy":"category","embeddable":true,"href":"https:\/\/cdnoticias.com\/index.php\/wp-json\/wp\/v2\/categories?post=185974"},{"taxonomy":"post_tag","embeddable":true,"href":"https:\/\/cdnoticias.com\/index.php\/wp-json\/wp\/v2\/tags?post=185974"}],"curies":[{"name":"wp","href":"https:\/\/api.w.org\/{rel}","templated":true}]}}