{"id":185953,"date":"2025-10-23T14:45:49","date_gmt":"2025-10-23T17:45:49","guid":{"rendered":"https:\/\/cdnoticias.com\/?p=185953"},"modified":"2025-10-23T18:31:12","modified_gmt":"2025-10-23T21:31:12","slug":"el-hcd-aprobo-la-emergencia-en-seguridad-mas-facultades-al-ejecutivo","status":"publish","type":"post","link":"https:\/\/cdnoticias.com\/index.php\/2025\/10\/23\/el-hcd-aprobo-la-emergencia-en-seguridad-mas-facultades-al-ejecutivo\/","title":{"rendered":"El HCD aprob\u00f3 la emergencia en seguridad: m\u00e1s facultades al Ejecutivo"},"content":{"rendered":"<p>Con voto un\u00e1nime, la declaraci\u00f3n es por 180 d\u00edas. \u201cOlavarr\u00eda ha dejado de ser una ciudad tranquila\u201d asever\u00f3 Carlos Coscia.<!--more--><\/p>\n<hr \/>\n<p>En la<strong> sesi\u00f3n ordinaria de este jueves<\/strong> se aprob\u00f3 la <strong>declaraci\u00f3n de emergencia en seguridad de Olavarr\u00eda por 180 d\u00edas<\/strong> a partir de la promulgaci\u00f3n de la ordenanza.<\/p>\n<p><strong>Se aprob\u00f3 por unanimidad<\/strong> a propuesta de casi todas las <a href=\"https:\/\/cdnoticias.com\/index.php\/2025\/10\/20\/hcd-casi-toda-la-oposicion-propuso-declarar-la-emergencia-en-seguridad-en-olavarria\/\" target=\"_blank\" rel=\"noopener\">bancadas opositoras que impulsaron la medida d\u00edas pasados<\/a>. El objetivo de la normativa es optimizar los recursos destinados a la prevenci\u00f3n y abordaje del delito.<\/p>\n<blockquote><p>\u201cOlavarr\u00eda ha dejado de ser una ciudad tranquila\u201d asever\u00f3 Carlos Coscia (Juntos por Olavarr\u00eda) al presentar el contenido de la ordenanza y mencion\u00f3 el asalto violento del que fue v\u00edctima el concejal Javier Fr\u00edas, su compa\u00f1ero de bancada, <a href=\"https:\/\/cdnoticias.com\/index.php\/2025\/10\/09\/javier-frias-sigue-su-recuperacion-lo-principal-es-que-la-puedo-contar\/\" target=\"_blank\" rel=\"noopener\">hace dos semanas cuando result\u00f3 herido de bala<\/a>. \u201cAqu\u00ed vemos la banca vac\u00eda de nuestro compa\u00f1ero\u201d dijo.<\/p><\/blockquote>\n<p><strong>\u201cLe estamos dando centralidad a un problema que tiene la ciudad de Olavarr\u00eda<\/strong>, todos los vecinos de Olavarr\u00eda, los hechos de inseguridad, es alarmante. Evidentemente todos estamos viendo este problema por eso pedimos la declaraci\u00f3n de la emergencia\u201d indic\u00f3 Coscia. Se refiri\u00f3 durante su intervenci\u00f3n que<strong> \u201chay robos y asaltos continuos\u201d, \u201ccomercios que han sido asaltados m\u00e1s de 19 veces\u201d y que \u201chay vecinos que se re\u00fanen por esta problem\u00e1tica\u201d<\/strong>.<\/p>\n<p><img data-recalc-dims=\"1\" loading=\"lazy\" decoding=\"async\" class=\"alignnone size-full wp-image-125227 aligncenter\" src=\"https:\/\/i0.wp.com\/cdnoticias.com\/wp-content\/uploads\/2024\/09\/HCD-carlos-coscia-03.jpg?resize=800%2C445&#038;ssl=1\" alt=\"\" width=\"800\" height=\"445\" srcset=\"https:\/\/i0.wp.com\/cdnoticias.com\/wp-content\/uploads\/2024\/09\/HCD-carlos-coscia-03.jpg?w=1000&amp;ssl=1 1000w, https:\/\/i0.wp.com\/cdnoticias.com\/wp-content\/uploads\/2024\/09\/HCD-carlos-coscia-03.jpg?resize=300%2C167&amp;ssl=1 300w, https:\/\/i0.wp.com\/cdnoticias.com\/wp-content\/uploads\/2024\/09\/HCD-carlos-coscia-03.jpg?resize=768%2C427&amp;ssl=1 768w, https:\/\/i0.wp.com\/cdnoticias.com\/wp-content\/uploads\/2024\/09\/HCD-carlos-coscia-03.jpg?resize=800%2C445&amp;ssl=1 800w\" sizes=\"auto, (max-width: 800px) 100vw, 800px\" \/><\/p>\n<p>El concejal dijo<strong> \u201csabemos que el Municipio ayuda\u201d y enumer\u00f3 los recursos que se destinan, \u201cpero evidentemente esto ya no alcanza.<\/strong> Es necesario darle al Ejecutivo, es nuestro deber como concejales que vemos este problema, los recursos necesarios para que pueda aumentar la prevenci\u00f3n, que defina d\u00f3nde ponerlos y que los vecinos de Olavarr\u00eda podamos vivir tranquilos\u201d.<\/p>\n<blockquote><p>Federico Aguilera (Uni\u00f3n por la Patria) adelant\u00f3 el voto positivo de su bloque: \u201cmuchas de las cuestiones que se plantean en el proyecto en mayor o menor medida se vienen trabajando. Por eso vemos con buenos ojos que el Ejecutivo, si as\u00ed lo requiere en funci\u00f3n de profundizar este trabajo, pueda contar con m\u00e1s herramientas de distinta \u00edndole para abordarlo en profundidad y si es necesario destinar mayores recursos\u201d.<\/p><\/blockquote>\n<h3>La emergencia<\/h3>\n<p>La ordenanza aprobada busca<strong> fortalecer el trabajo conjunto<\/strong> entre las distintas \u00e1reas del Estado local, los organismos de seguridad y la comunidad, promoviendo acciones de prevenci\u00f3n, planificaci\u00f3n y coordinaci\u00f3n institucional.<\/p>\n<p>\u201cDurante el plazo que dure la emergencia <strong>fac\u00faltese al Departamento Ejecutivo a contratar y\/o adquirir todos los bienes y servicios que se consideren directamente vinculados<\/strong> a los objetivos y conforme a los procedimientos de la LOM\u201d y se permite al Intendente <strong>\u201creasignar partidas necesarias para prevenci\u00f3n y abordaje para enfrentar la emergencia\u201d<\/strong>.<\/p>\n<p><img data-recalc-dims=\"1\" loading=\"lazy\" decoding=\"async\" class=\"alignnone size-full wp-image-185954 aligncenter\" src=\"https:\/\/i0.wp.com\/cdnoticias.com\/wp-content\/uploads\/2025\/10\/HCd-sesion-23-de-octubre-2025-00.jpg?resize=800%2C445&#038;ssl=1\" alt=\"\" width=\"800\" height=\"445\" srcset=\"https:\/\/i0.wp.com\/cdnoticias.com\/wp-content\/uploads\/2025\/10\/HCd-sesion-23-de-octubre-2025-00.jpg?w=1000&amp;ssl=1 1000w, https:\/\/i0.wp.com\/cdnoticias.com\/wp-content\/uploads\/2025\/10\/HCd-sesion-23-de-octubre-2025-00.jpg?resize=300%2C167&amp;ssl=1 300w, https:\/\/i0.wp.com\/cdnoticias.com\/wp-content\/uploads\/2025\/10\/HCd-sesion-23-de-octubre-2025-00.jpg?resize=768%2C427&amp;ssl=1 768w, https:\/\/i0.wp.com\/cdnoticias.com\/wp-content\/uploads\/2025\/10\/HCd-sesion-23-de-octubre-2025-00.jpg?resize=800%2C445&amp;ssl=1 800w\" sizes=\"auto, (max-width: 800px) 100vw, 800px\" \/><\/p>\n<blockquote><p>La ordenanza incluye la elaboraci\u00f3n por parte del Ejecutivo de un diagn\u00f3stico sobre la situaci\u00f3n de la seguridad, con un informe de situaci\u00f3n que contemple los recursos disponibles, las acciones desarrolladas durante el a\u00f1o, el mapa del delito y el estado del sistema de monitoreo urbano. Este informe debe ser presentado en un plazo de 15 d\u00edas corridos despu\u00e9s de promulgada la emergencia.<\/p><\/blockquote>\n<p>El texto aprobado tambi\u00e9n dispuso el <strong>refuerzo de los canales de comunicaci\u00f3n entre el Municipio y la comunidad<\/strong>, impulsando la difusi\u00f3n de n\u00fameros de emergencia, direcciones \u00fatiles y la incorporaci\u00f3n de vecinos al programa \u201cVecinos en Red\u201d.<\/p>\n<p>Por \u00faltimo, se estableci\u00f3 que el Ejecutivo debe elevar al Concejo Deliberante y al Consejo de Seguridad<strong> un \u201cinforme pormenorizado\u201d de las medidas aplicadas en el contexto de esta emergencia<\/strong>.<\/p>\n","protected":false},"excerpt":{"rendered":"<p>Con voto un\u00e1nime, la declaraci\u00f3n es por 180 d\u00edas. \u201cOlavarr\u00eda ha dejado de ser una ciudad tranquila\u201d asever\u00f3 Carlos Coscia.<\/p>\n","protected":false},"author":4,"featured_media":185955,"comment_status":"closed","ping_status":"closed","sticky":false,"template":"","format":"standard","meta":{"_jetpack_memberships_contains_paid_content":false,"footnotes":""},"categories":[4,1],"tags":[],"class_list":["post-185953","post","type-post","status-publish","format-standard","has-post-thumbnail","hentry","category-politica","category-portada"],"jetpack_featured_media_url":"https:\/\/i0.wp.com\/cdnoticias.com\/wp-content\/uploads\/2025\/10\/HCD-votacion-unanimidad-00.jpg?fit=1000%2C556&ssl=1","jetpack_sharing_enabled":true,"_links":{"self":[{"href":"https:\/\/cdnoticias.com\/index.php\/wp-json\/wp\/v2\/posts\/185953","targetHints":{"allow":["GET"]}}],"collection":[{"href":"https:\/\/cdnoticias.com\/index.php\/wp-json\/wp\/v2\/posts"}],"about":[{"href":"https:\/\/cdnoticias.com\/index.php\/wp-json\/wp\/v2\/types\/post"}],"author":[{"embeddable":true,"href":"https:\/\/cdnoticias.com\/index.php\/wp-json\/wp\/v2\/users\/4"}],"replies":[{"embeddable":true,"href":"https:\/\/cdnoticias.com\/index.php\/wp-json\/wp\/v2\/comments?post=185953"}],"version-history":[{"count":0,"href":"https:\/\/cdnoticias.com\/index.php\/wp-json\/wp\/v2\/posts\/185953\/revisions"}],"wp:featuredmedia":[{"embeddable":true,"href":"https:\/\/cdnoticias.com\/index.php\/wp-json\/wp\/v2\/media\/185955"}],"wp:attachment":[{"href":"https:\/\/cdnoticias.com\/index.php\/wp-json\/wp\/v2\/media?parent=185953"}],"wp:term":[{"taxonomy":"category","embeddable":true,"href":"https:\/\/cdnoticias.com\/index.php\/wp-json\/wp\/v2\/categories?post=185953"},{"taxonomy":"post_tag","embeddable":true,"href":"https:\/\/cdnoticias.com\/index.php\/wp-json\/wp\/v2\/tags?post=185953"}],"curies":[{"name":"wp","href":"https:\/\/api.w.org\/{rel}","templated":true}]}}