{"id":185876,"date":"2025-10-23T16:06:14","date_gmt":"2025-10-23T19:06:14","guid":{"rendered":"https:\/\/cdnoticias.com\/?p=185876"},"modified":"2025-10-23T16:06:16","modified_gmt":"2025-10-23T19:06:16","slug":"elecciones-2025-que-se-puede-hacer-y-que-no-durante-la-veda","status":"publish","type":"post","link":"https:\/\/cdnoticias.com\/index.php\/2025\/10\/23\/elecciones-2025-que-se-puede-hacer-y-que-no-durante-la-veda\/","title":{"rendered":"Elecciones 2025: qu\u00e9 se puede hacer y qu\u00e9 no durante la veda"},"content":{"rendered":"\n<p>Desde el viernes comienza la veda electoral. Cu\u00e1les son las restricciones y qu\u00e9 hay que saber hasta el escrutinio definitivo.<\/p>\n\n\n\n<hr class=\"wp-block-separator aligncenter has-alpha-channel-opacity\"\/>\n\n\n\n<p>Este domingo, <strong>13.353.974 de bonaerenses est\u00e1n en condiciones de ir a votar <\/strong>en las elecciones para<strong> elegir a 35 diputados nacionales<\/strong> que los representar\u00e1n en el Congreso. M\u00e1s all\u00e1 que las mesas abrir\u00e1n a las 8 del domingo y cerrar\u00e1n a las 18 de ese d\u00eda, como suele suceder hay una <strong>veda electoral <\/strong>para tener en cuenta.<\/p>\n\n\n\n<p><\/p>\n\n\n\n<blockquote class=\"wp-block-quote is-layout-flow wp-block-quote-is-layout-flow\">\n<p>En concreto, el viernes 24 de octubre comienza la veda electoral en todo el pa\u00eds, marcando el cierre de la campa\u00f1a y el inicio de restricciones para candidatos y ciudadanos. Esta medida garantiza que los votantes reflexionen antes de emitir su voto el domingo, d\u00eda en que se celebrar\u00e1n las legislativas 2025.<\/p>\n<\/blockquote>\n\n\n\n<p><\/p>\n\n\n\n<p>De esa manera, los d\u00edas previos y la misma jornada de las elecciones estar\u00e1n restringidas distintas actividades vinculadas al proselitismo. Adem\u00e1s, hay actividades no permitidas el mismo domingo de los comicios.<\/p>\n\n\n\n<p><\/p>\n\n\n\n<p class=\"has-medium-font-size\"><strong>Las prohibiciones dentro de la veda electoral<\/strong><\/p>\n\n\n\n<ul class=\"wp-block-list\">\n<li>Se proh\u00edben los actos p\u00fablicos de campa\u00f1a y toda actividad de proselitismo electoral, lo que incluye la difusi\u00f3n de avisos publicitarios, el reparto de boletas y la apertura o funcionamiento de locales partidarios.<\/li>\n<\/ul>\n\n\n\n<ul class=\"wp-block-list\">\n<li>Se proh\u00edbe el proselitismo electoral y posteos en redes sociales destinado a promover el voto de un candidato en particular.<\/li>\n<\/ul>\n\n\n\n<ul class=\"wp-block-list\">\n<li>Se proh\u00edbe la publicaci\u00f3n y difusi\u00f3n de resultados de encuestas o sondeos preelectorales, una medida que estar\u00e1 vigente hasta las 22 del domingo.<\/li>\n<\/ul>\n\n\n\n<ul class=\"wp-block-list\">\n<li>La venta de bebidas alcoh\u00f3licas quedar\u00e1 restringida a partir de las 20 del s\u00e1bado.<\/li>\n<\/ul>\n\n\n\n<ul class=\"wp-block-list\">\n<li>La portaci\u00f3n de armas est\u00e1 prohibida durante la veda electoral.<\/li>\n<\/ul>\n\n\n\n<ul class=\"wp-block-list\">\n<li>Se proh\u00edben los espect\u00e1culos populares al aire libre o en recintos cerrados, fiestas teatrales, deportivas y toda clase de reuniones p\u00fablicas que no se refieran al acto electoral.<\/li>\n<\/ul>\n\n\n\n<ul class=\"wp-block-list\">\n<li>Todas aquellas personas que induzcan el voto o incentiven el ausentismo, recibir\u00e1n penas de dos meses a dos a\u00f1os de prisi\u00f3n.<\/li>\n<\/ul>\n\n\n\n<ul class=\"wp-block-list\">\n<li>Los que utilicen medios tendientes a violar el voto secreto pueden recibir hasta tres a\u00f1os de c\u00e1rcel.\u00a0<\/li>\n<\/ul>\n\n\n\n<p><\/p>\n\n\n\n<p><em>Fuente: DIB\u00a0<\/em><\/p>\n","protected":false},"excerpt":{"rendered":"<p>Desde el viernes comienza la veda electoral. Cu\u00e1les son las restricciones y qu\u00e9 hay que saber hasta el escrutinio definitivo.<\/p>\n","protected":false},"author":6,"featured_media":92973,"comment_status":"closed","ping_status":"closed","sticky":false,"template":"","format":"standard","meta":{"_jetpack_memberships_contains_paid_content":false,"footnotes":""},"categories":[6,1],"tags":[],"class_list":["post-185876","post","type-post","status-publish","format-standard","has-post-thumbnail","hentry","category-nacionales","category-portada"],"jetpack_featured_media_url":"https:\/\/i0.wp.com\/cdnoticias.com\/wp-content\/uploads\/2023\/08\/DIB-PASO-urna-elecciones.jpg?fit=800%2C445&ssl=1","jetpack_sharing_enabled":true,"_links":{"self":[{"href":"https:\/\/cdnoticias.com\/index.php\/wp-json\/wp\/v2\/posts\/185876","targetHints":{"allow":["GET"]}}],"collection":[{"href":"https:\/\/cdnoticias.com\/index.php\/wp-json\/wp\/v2\/posts"}],"about":[{"href":"https:\/\/cdnoticias.com\/index.php\/wp-json\/wp\/v2\/types\/post"}],"author":[{"embeddable":true,"href":"https:\/\/cdnoticias.com\/index.php\/wp-json\/wp\/v2\/users\/6"}],"replies":[{"embeddable":true,"href":"https:\/\/cdnoticias.com\/index.php\/wp-json\/wp\/v2\/comments?post=185876"}],"version-history":[{"count":0,"href":"https:\/\/cdnoticias.com\/index.php\/wp-json\/wp\/v2\/posts\/185876\/revisions"}],"wp:featuredmedia":[{"embeddable":true,"href":"https:\/\/cdnoticias.com\/index.php\/wp-json\/wp\/v2\/media\/92973"}],"wp:attachment":[{"href":"https:\/\/cdnoticias.com\/index.php\/wp-json\/wp\/v2\/media?parent=185876"}],"wp:term":[{"taxonomy":"category","embeddable":true,"href":"https:\/\/cdnoticias.com\/index.php\/wp-json\/wp\/v2\/categories?post=185876"},{"taxonomy":"post_tag","embeddable":true,"href":"https:\/\/cdnoticias.com\/index.php\/wp-json\/wp\/v2\/tags?post=185876"}],"curies":[{"name":"wp","href":"https:\/\/api.w.org\/{rel}","templated":true}]}}