{"id":185873,"date":"2025-10-22T17:30:09","date_gmt":"2025-10-22T20:30:09","guid":{"rendered":"https:\/\/cdnoticias.com\/?p=185873"},"modified":"2025-10-22T17:30:11","modified_gmt":"2025-10-22T20:30:11","slug":"se-refuerza-la-campana-de-vacunacion-para-completar-esquemas","status":"publish","type":"post","link":"https:\/\/cdnoticias.com\/index.php\/2025\/10\/22\/se-refuerza-la-campana-de-vacunacion-para-completar-esquemas\/","title":{"rendered":"Se refuerza la campa\u00f1a de vacunaci\u00f3n para completar esquemas"},"content":{"rendered":"\n<p>La finalidad es identificar y completar esquemas de vacunaci\u00f3n, con \u00e9nfasis en ni\u00f1as y ni\u00f1os cohorte 2020 (ingreso escolar) y adolescentes cohorte 2014.<\/p>\n\n\n\n<hr class=\"wp-block-separator aligncenter has-alpha-channel-opacity\"\/>\n\n\n\n<p>En el marco de la implementaci\u00f3n de estrategias sanitarias de prevenci\u00f3n y control de enfermedades prevenibles, el Municipio a trav\u00e9s de la Subsecretar\u00eda de Atenci\u00f3n Primaria, la Direcci\u00f3n de Epidemiolog\u00eda e Inmunizaciones y Banco de Leche con los distintos CAPS; <strong>refuerza la campa\u00f1a para contribuir al cumplimiento de la vacunaci\u00f3n del Calendario Nacional, gratuita y obligatoria.<\/strong><\/p>\n\n\n\n<p><\/p>\n\n\n\n<blockquote class=\"wp-block-quote is-layout-flow wp-block-quote-is-layout-flow\">\n<p>La finalidad es identificar y completar esquemas de vacunaci\u00f3n, con \u00e9nfasis en ni\u00f1as y ni\u00f1os cohorte 2020 (ingreso escolar) y adolescentes cohorte 2014.<\/p>\n<\/blockquote>\n\n\n\n<p><\/p>\n\n\n\n<p><strong>Quienes nacieron en a\u00f1o 2020 deben recibir las siguientes vacunas:<\/strong><\/p>\n\n\n\n<ul class=\"wp-block-list\">\n<li>Refuerzo de IPV (previene poliomielitis)<\/li>\n<\/ul>\n\n\n\n<ul class=\"wp-block-list\">\n<li>2\u00b0 dosis triple viral: (para prevenir rub\u00e9ola, sarampi\u00f3n y paperas).<\/li>\n<\/ul>\n\n\n\n<ul class=\"wp-block-list\">\n<li>Refuerzo Triple Bacteriana Acelular: (para prevenir difteria, t\u00e9tanos y coqueluche).<\/li>\n<\/ul>\n\n\n\n<ul class=\"wp-block-list\">\n<li>2\u00b0 dosis varicela (para prevenir varicela).<\/li>\n<\/ul>\n\n\n\n<p><\/p>\n\n\n\n<p><strong>Quienes nacieron en el a\u00f1o 2014 deben reforzar\u00a0 la protecci\u00f3n de las vacunas:<\/strong><\/p>\n\n\n\n<ul class=\"wp-block-list\">\n<li>\u00danica dosis de VPH (Virus Del Papiloma Humano)<\/li>\n<\/ul>\n\n\n\n<ul class=\"wp-block-list\">\n<li>\u00danica dosis de Meningococo (previene Meningitis).<\/li>\n<\/ul>\n\n\n\n<ul class=\"wp-block-list\">\n<li>Refuerzo Triple Bacteriana Acelular (para prevenir Difteria, T\u00e9tanos y Coqueluche).<\/li>\n<\/ul>\n\n\n\n<p><\/p>\n\n\n\n<p>Durante todo el a\u00f1o el Municipio invita a acercarse al centro de salud m\u00e1s cercano a su domicilio para <strong>completar esquemas de vacunaci\u00f3n seg\u00fan calendario nacional,<\/strong> que incluye vacunas para todas las etapas de la vida, situaciones especiales o para grupos espec\u00edficos:<strong> es obligatorio y totalmente gratuito.\u00a0<\/strong><\/p>\n\n\n\n<p><\/p>\n\n\n\n<p>La vacunaci\u00f3n se lleva adelante en<strong> vacunatorios, centros de salud y hospitales p\u00fablicos del pa\u00eds.<\/strong> En nuestro Municipio, los vacunatorios son los siguientes:<\/p>\n\n\n\n<ul class=\"wp-block-list\">\n<li>Hospital Municipal \u201cDr. H\u00e9ctor M. Cura\u201d: lunes a viernes de 08:00 a 14:00 horas.<\/li>\n<\/ul>\n\n\n\n<ul class=\"wp-block-list\">\n<li>Centro de Inmunizaciones Banco de Leche: lunes a viernes de 7:30 a 13:30 horas, s\u00e1bados de 8:30 a 12:30 horas.<\/li>\n<\/ul>\n\n\n\n<ul class=\"wp-block-list\">\n<li>CAPS: Lunes a viernes de 08:30 a 14:00 horas.<\/li>\n<\/ul>\n\n\n\n<p>\u2013 \u00a0 \u00a0 \u00a0 \u00a0 \u00a0 CAPS 1 \u00bb Obrero\u00bb avenida Del valle 4291 425473.<\/p>\n\n\n\n<p>\u2013 \u00a0 \u00a0 \u00a0 \u00a0 \u00a0 CAPS 2 \u00abSarmiento\u00bb Roque S\u00e1enz Pe\u00f1a 1450 455696.<\/p>\n\n\n\n<p>\u2013 \u00a0 \u00a0 \u00a0 \u00a0 \u00a0 CAPS 3 \u00abAmoroso\u00bb \u00c1lvaro Barros y De\u00e1n Funes 421067.<\/p>\n\n\n\n<p>\u2013 \u00a0 \u00a0 \u00a0 \u00a0 \u00a0 CAPS 4 Sierra Chica Sbardolini esquina Marelli 15422229.<\/p>\n\n\n\n<p>\u2013 \u00a0 \u00a0 \u00a0 \u00a0 \u00a0 CAPS 5 (Territorial 4) \u00abHip\u00f3lito Yrigoyen\u00bb Rufino Fal 4124 420646.<\/p>\n\n\n\n<p>\u2013 \u00a0 \u00a0 \u00a0 \u00a0 \u00a0 CAPS 6 \u00ab12 de Octubre\u00bb Hip\u00f3lito Yrigoyen 660 456553.<\/p>\n\n\n\n<p>\u2013 \u00a0 \u00a0 \u00a0 \u00a0 \u00a0 CAPS 7 \u00abIndependencia\u00bb Pueyrred\u00f3n y Ayacucho 420794.<\/p>\n\n\n\n<p>\u2013 \u00a0 \u00a0 \u00a0 \u00a0 \u00a0 CAPS 8 \u00ab10 de Junio\u00bb Giovanelli 3867 424415.<\/p>\n\n\n\n<p>\u2013 \u00a0 \u00a0 \u00a0 \u00a0 \u00a0 CAPS 9 \u00abColonia San Miguel\u00bb 492954.<\/p>\n\n\n\n<p>\u2013 \u00a0 \u00a0 \u00a0 \u00a0 \u00a0 CAPS 12 \u00abBarrio CECO\u00bb Barrio CECO casa 500 451945.<\/p>\n\n\n\n<p>\u2013 \u00a0 \u00a0 \u00a0 \u00a0 \u00a0 CAPS 13 \u00abBlanca Grande\u00bb Calle 5 y Calle 6 2314426170.<\/p>\n\n\n\n<p>\u2013 \u00a0 \u00a0 \u00a0 \u00a0 \u00a0 CAPS 14 \u00abRecalde\u00bb Calle 45 Planta Urbana 2314499120.<\/p>\n\n\n\n<p>\u2013 \u00a0 \u00a0 \u00a0 \u00a0 \u00a0 CAPS 15 \u00abSanta Luisa\u00bb Zanardi y Calle 12 495522.<\/p>\n\n\n\n<p>\u2013 \u00a0 \u00a0 \u00a0 \u00a0 \u00a0 CAPS 16 \u00abVilla Magdalena\u00bb C\u00f3rdoba 3082 15579810.<\/p>\n\n\n\n<p>\u2013 \u00a0 \u00a0 \u00a0 \u00a0 \u00a0 CAPS 17 \u00abD\u00e1maso Arce\u00bb 25 de mayo 1135 430023.<\/p>\n\n\n\n<p>\u2013 \u00a0 \u00a0 \u00a0 \u00a0 \u00a0 CAPS 18 (Territorial 2) \u00abAlberdi\u00bb avenida Alberdi y Coronel Suarez 456306.<\/p>\n\n\n\n<p>\u2013 \u00a0 \u00a0 \u00a0 \u00a0 \u00a0 CAPS 19 \u00abColonia Hinojo\u00bb avenida de los Fundadores 1206 491515.<\/p>\n\n\n\n<p>\u2013 \u00a0 \u00a0 \u00a0 \u00a0 \u00a0 CAPS 20 \u00abAOMA\u00bb General Paz 11422 15714927.<\/p>\n\n\n\n<p>\u2013 \u00a0 \u00a0 \u00a0 \u00a0 \u00a0 CAPS 21 \u00abLoma Negra\u00bb 1 de mayo 1458 493291.<\/p>\n\n\n\n<p>\u2013 \u00a0 \u00a0 \u00a0 \u00a0 \u00a0 CAPS 22 (Territorial 6) \u00abVilla Mailin\u00bb Mendoza y Balcarce 451601.<\/p>\n\n\n\n<p>\u2013 \u00a0 \u00a0 \u00a0 \u00a0 \u00a0 CAPS 23 \u00abBel\u00e9n\u00bb Emiliozzi 5830 15714953.<\/p>\n\n\n\n<p>\u2013 \u00a0 \u00a0 \u00a0 \u00a0 \u00a0 CAPS 25 \u00abAcupo\u00bb 101 Bis 3501 15714929.<\/p>\n\n\n\n<p>\u2013 \u00a0 \u00a0 \u00a0 \u00a0 \u00a0 CAPS 26 \u00abLourdes\u00bb Grimaldi 894 15579766.<\/p>\n\n\n\n<p>\u2013 \u00a0 \u00a0 \u00a0 \u00a0 \u00a0 CAPS 27 \u2013 CIC 113 bis 601 15714923.<\/p>\n\n\n\n<p>\u2013 \u00a0 \u00a0 \u00a0 \u00a0 \u00a0 Hospital Sierras Bayas Smirnoff 2362 492105.<\/p>\n\n\n\n<p>\u2013 \u00a0 \u00a0 \u00a0 \u00a0 \u00a0 Hospital Espigas 2314493011.<\/p>\n\n\n\n<p>\u2013 \u00a0 \u00a0 \u00a0 \u00a0 \u00a0 Hospital Hinojo Calle 5 S\/N 491052.<\/p>\n\n\n\n<p><\/p>\n\n\n\n<blockquote class=\"wp-block-quote is-layout-flow wp-block-quote-is-layout-flow\">\n<p>Es muy importante mantener completo el Calendario de Vacunaci\u00f3n. Las vacunas constituyen una de las principales medidas para evitar un conjunto de enfermedades prevenibles por esta v\u00eda, que pueden ser graves para nuestra salud.\u00a0<\/p>\n<\/blockquote>\n\n\n\n<p><\/p>\n\n\n\n<p>Es nuestra responsabilidad y obligaci\u00f3n que nos apliquemos las vacunas que nos corresponden <strong>durante todas las etapas de la vida<\/strong>, as\u00ed como tambi\u00e9n <strong>acompa\u00f1ar a los m\u00e1s peque\u00f1os en este proceso<\/strong>, para evitar enfermarnos y contagiar a nuestra familia y otras personas.<\/p>\n\n\n\n<p><\/p>\n\n\n\n<p>Adem\u00e1s, es fundamental tomar conciencia de que no s\u00f3lo podemos enfermarnos nosotros, sino tambi\u00e9n <strong>contagiar a personas m\u00e1s vulnerables <\/strong>que no pueden recibir las vacunas por tener contraindicaciones para su aplicaci\u00f3n.<\/p>\n\n\n\n<p><\/p>\n\n\n\n<p>Por ello se dice que<strong> la vacunaci\u00f3n ofrece protecci\u00f3n de la salud \u201cen reba\u00f1o\u201d: <\/strong>cuando la mayor\u00eda de las personas en una comunidad est\u00e1n correctamente inmunizadas, si alguien adquiere una enfermedad inmunoprevenible, la enfermedad probablemente no se propague, ya que en su entorno entra en contacto con otras personas que est\u00e1n protegidas. De esta forma, la diseminaci\u00f3n de la enfermedad quedar\u00e1 limitada y no alcanzar\u00e1 a individuos susceptibles que no hayan podido vacunarse por contraindicaci\u00f3n m\u00e9dica.<\/p>\n","protected":false},"excerpt":{"rendered":"<p>La finalidad es identificar y completar esquemas de vacunaci\u00f3n, con \u00e9nfasis en ni\u00f1as y ni\u00f1os cohorte 2020 (ingreso escolar) y<\/p>\n","protected":false},"author":6,"featured_media":63327,"comment_status":"closed","ping_status":"closed","sticky":false,"template":"","format":"standard","meta":{"_jetpack_memberships_contains_paid_content":false,"footnotes":""},"categories":[5,1],"tags":[],"class_list":["post-185873","post","type-post","status-publish","format-standard","has-post-thumbnail","hentry","category-informacion-general","category-portada"],"jetpack_featured_media_url":"https:\/\/i0.wp.com\/cdnoticias.com\/wp-content\/uploads\/2022\/08\/DIB-vacunacion-ninos.jpg?fit=1024%2C682&ssl=1","jetpack_sharing_enabled":true,"_links":{"self":[{"href":"https:\/\/cdnoticias.com\/index.php\/wp-json\/wp\/v2\/posts\/185873","targetHints":{"allow":["GET"]}}],"collection":[{"href":"https:\/\/cdnoticias.com\/index.php\/wp-json\/wp\/v2\/posts"}],"about":[{"href":"https:\/\/cdnoticias.com\/index.php\/wp-json\/wp\/v2\/types\/post"}],"author":[{"embeddable":true,"href":"https:\/\/cdnoticias.com\/index.php\/wp-json\/wp\/v2\/users\/6"}],"replies":[{"embeddable":true,"href":"https:\/\/cdnoticias.com\/index.php\/wp-json\/wp\/v2\/comments?post=185873"}],"version-history":[{"count":0,"href":"https:\/\/cdnoticias.com\/index.php\/wp-json\/wp\/v2\/posts\/185873\/revisions"}],"wp:featuredmedia":[{"embeddable":true,"href":"https:\/\/cdnoticias.com\/index.php\/wp-json\/wp\/v2\/media\/63327"}],"wp:attachment":[{"href":"https:\/\/cdnoticias.com\/index.php\/wp-json\/wp\/v2\/media?parent=185873"}],"wp:term":[{"taxonomy":"category","embeddable":true,"href":"https:\/\/cdnoticias.com\/index.php\/wp-json\/wp\/v2\/categories?post=185873"},{"taxonomy":"post_tag","embeddable":true,"href":"https:\/\/cdnoticias.com\/index.php\/wp-json\/wp\/v2\/tags?post=185873"}],"curies":[{"name":"wp","href":"https:\/\/api.w.org\/{rel}","templated":true}]}}