{"id":185862,"date":"2025-10-22T14:06:10","date_gmt":"2025-10-22T17:06:10","guid":{"rendered":"https:\/\/cdnoticias.com\/?p=185862"},"modified":"2025-10-22T14:06:12","modified_gmt":"2025-10-22T17:06:12","slug":"camino-a-la-sentencia-actos-para-acompanar-la-lectura-en-tandil","status":"publish","type":"post","link":"https:\/\/cdnoticias.com\/index.php\/2025\/10\/22\/camino-a-la-sentencia-actos-para-acompanar-la-lectura-en-tandil\/","title":{"rendered":"Camino a la Sentencia: actos para acompa\u00f1ar la lectura en Tandil"},"content":{"rendered":"<p>Este mi\u00e9rcoles habr\u00e1 un panel en Olavarr\u00eda. La Mesa Multisectorial por la Memoria, la Verdad y la Justicia de Tandil convoc\u00f3 a un Festival este jueves. El viernes habr\u00e1 un nuevo encuentro.<!--more--><\/p>\n<hr \/>\n<p>La <strong>Mesa Multisectorial por la Memoria, la Verdad y la Justicia de Tandil<\/strong> acompa\u00f1ar\u00e1 <strong>este viernes la lectura del veredicto final<\/strong> en el <strong>juicio por delitos de lesa humanidad cometidos durante la \u00faltima dictadura c\u00edvico-militar<\/strong>, en el marco de lo que se denomin\u00f3 <strong>Subzona 12, que abarc\u00f3 las ciudades de Azul, Tandil, Olavarr\u00eda, Rauch, Saladillo, Las Flores, Monte, Roque P\u00e9rez, Mar del Plata<\/strong>, entre otras.<\/p>\n<p>Conocido como <strong>Juicio \u201cLa Huerta\u201d<\/strong>, este proceso hist\u00f3rico ya tuvo <a href=\"https:\/\/cdnoticias.com\/index.php\/2025\/10\/21\/ultima-audiencia-antes-del-veredicto-en-el-juicio-la-huerta\/\" target=\"_blank\" rel=\"noopener\">su \u00faltima audiencia la semana pasada<\/a>. Abord\u00f3<strong> 191 casos<\/strong> de v\u00edctimas del terrorismo de Estado y cuenta actualmente con <strong>35 imputados<\/strong>, luego de que en un primer momento fueran 52. A lo largo de <strong>m\u00e1s de 100 audiencias<\/strong>, se escucharon los testimonios de m\u00e1s de 213 personas, entre sobrevivientes, familiares y testigos.<\/p>\n<p>Durante esta semana, bajo la <strong>consigna \u201cCamino a la Sentencia\u201d<\/strong>, se realizan diversas actividades junto a la comunidad educativa, la Universidad y organizaciones sociales, en un clima de memoria activa.<\/p>\n<blockquote><p>En Olavarr\u00eda este mi\u00e9rcoles se presentar\u00e1 el Panel \u201cJusticia y dictadura: el rol de la universidad en el juzgamiento a represores\u201d. Se har\u00e1 a partir de las 18 en el Centro Cultural Universitario, de San Mart\u00edn al 1900. Participan Leandro Lora (CONICET-FACSO), Carmelo Vinci (Comisi\u00f3n por la Memoria) y Soledad Restivo (Radio Universidad 90.1 \u2013 Mesa Multisectorial).<\/p><\/blockquote>\n<p><strong>Se abordar\u00e1n los juicios de lesa humanidad en la regi\u00f3n<\/strong>, el rol de la universidad y los medios p\u00fablicos, y el compromiso con la Memoria, la Verdad y la Justicia.<\/p>\n<p>Se destaca el <strong>Festival por la Memoria, la Verdad y la Justicia<\/strong>, que <strong>se desarrolla el jueves 23 en Pinto y Chacabuco en Tandil<\/strong>, con m\u00fasica, intervenciones art\u00edsticas, feria y el cierre a cargo del grupo Fac\u00f3n. Comenzar\u00e1 a las 18.<\/p>\n<p>El<strong> viernes 24<\/strong>, la comunidad tandilense se reunir\u00e1 nuevamente tambi\u00e9n <strong>en Pinto y Chacabuco de Tandil para acompa\u00f1ar la lectura del veredicto<\/strong>, que ser\u00e1 transmitida desde el Aula Magna de la UNICEN.<\/p>\n<p>En caso de mal clima, tanto el Festival como el acompa\u00f1amiento del d\u00eda de la sentencia se trasladar\u00e1n al gimnasio del Centro Cultural Universitario (Irigoyen 662).<\/p>\n<blockquote><p>En conferencia de prensa, la Mesa Multisectorial destac\u00f3 que \u201cllegar a esta instancia del juicio y obtener justicia con todas las garant\u00edas procesales que estos monstruos negaron a sus v\u00edctimas, pero que ahora tienen para s\u00ed mismos, es un triunfo \u00e9tico y pol\u00edtico de los organismos de derechos humanos\u201d.<\/p><\/blockquote>\n<p>Tambi\u00e9n se\u00f1alaron que <strong>\u201ces fundamental que Tandil tenga conocimiento y conciencia de lo que se vivi\u00f3 hace tantos a\u00f1os atr\u00e1s,<\/strong> que quede una huella profunda en la memoria de la sociedad de Tandil y de la regi\u00f3n sobre la gravedad de los hechos que ocurrieron\u201d.<\/p>\n<p>Se\u00f1alaron asimismo que<strong> la importancia de esta instancia<\/strong> tambi\u00e9n radica en que el Juicio \u201cLa Huerta\u201d llega a su etapa final en el marco de <strong>un gobierno nacional abiertamente negacionista<\/strong>, que <strong>ha derogado las principales pol\u00edticas p\u00fablicas de derechos humanos<\/strong> y busca borrar la memoria colectiva. A pesar de ese contexto, la sociedad y los organismos siguen sosteniendo la b\u00fasqueda de Justicia con Verdad, reafirmando el compromiso \u00e9tico y democr\u00e1tico que dio origen al proceso de Memoria, Verdad y Justicia en la Argentina.<\/p>\n<p>La instancia final de este extenso proceso judicial se da en el marco del pacto democr\u00e1tico que la sociedad argentina consolid\u00f3 en 1983 y que sostiene inamoviblemente en el Nunca M\u00e1s.<\/p>\n","protected":false},"excerpt":{"rendered":"<p>Este mi\u00e9rcoles habr\u00e1 un panel en Olavarr\u00eda. La Mesa Multisectorial por la Memoria, la Verdad y la Justicia de Tandil<\/p>\n","protected":false},"author":4,"featured_media":185863,"comment_status":"closed","ping_status":"closed","sticky":false,"template":"","format":"standard","meta":{"_jetpack_memberships_contains_paid_content":false,"footnotes":""},"categories":[5,1],"tags":[],"class_list":["post-185862","post","type-post","status-publish","format-standard","has-post-thumbnail","hentry","category-informacion-general","category-portada"],"jetpack_featured_media_url":"https:\/\/i0.wp.com\/cdnoticias.com\/wp-content\/uploads\/2025\/10\/Mesa-Multisectorial-por-la-Memoria-tandil.jpg?fit=1000%2C556&ssl=1","jetpack_sharing_enabled":true,"_links":{"self":[{"href":"https:\/\/cdnoticias.com\/index.php\/wp-json\/wp\/v2\/posts\/185862","targetHints":{"allow":["GET"]}}],"collection":[{"href":"https:\/\/cdnoticias.com\/index.php\/wp-json\/wp\/v2\/posts"}],"about":[{"href":"https:\/\/cdnoticias.com\/index.php\/wp-json\/wp\/v2\/types\/post"}],"author":[{"embeddable":true,"href":"https:\/\/cdnoticias.com\/index.php\/wp-json\/wp\/v2\/users\/4"}],"replies":[{"embeddable":true,"href":"https:\/\/cdnoticias.com\/index.php\/wp-json\/wp\/v2\/comments?post=185862"}],"version-history":[{"count":0,"href":"https:\/\/cdnoticias.com\/index.php\/wp-json\/wp\/v2\/posts\/185862\/revisions"}],"wp:featuredmedia":[{"embeddable":true,"href":"https:\/\/cdnoticias.com\/index.php\/wp-json\/wp\/v2\/media\/185863"}],"wp:attachment":[{"href":"https:\/\/cdnoticias.com\/index.php\/wp-json\/wp\/v2\/media?parent=185862"}],"wp:term":[{"taxonomy":"category","embeddable":true,"href":"https:\/\/cdnoticias.com\/index.php\/wp-json\/wp\/v2\/categories?post=185862"},{"taxonomy":"post_tag","embeddable":true,"href":"https:\/\/cdnoticias.com\/index.php\/wp-json\/wp\/v2\/tags?post=185862"}],"curies":[{"name":"wp","href":"https:\/\/api.w.org\/{rel}","templated":true}]}}