{"id":185854,"date":"2025-10-22T11:37:16","date_gmt":"2025-10-22T14:37:16","guid":{"rendered":"https:\/\/cdnoticias.com\/?p=185854"},"modified":"2025-10-22T11:37:18","modified_gmt":"2025-10-22T14:37:18","slug":"reprograman-la-jornada-de-vacunacion-antirrabica-en-villa-mailin","status":"publish","type":"post","link":"https:\/\/cdnoticias.com\/index.php\/2025\/10\/22\/reprograman-la-jornada-de-vacunacion-antirrabica-en-villa-mailin\/","title":{"rendered":"Reprograman la jornada de vacunaci\u00f3n antirr\u00e1bica en Villa Mail\u00edn"},"content":{"rendered":"\n<p>Estaba prevista para este mi\u00e9rcoles, pero no se concret\u00f3 debido a desfavorables condiciones clim\u00e1ticas.<\/p>\n\n\n\n<hr class=\"wp-block-separator has-alpha-channel-opacity\"\/>\n\n\n\n<p>Desde el Municipio se inform\u00f3 que <strong>reprogramaron la jornada de vacunaci\u00f3n antirr\u00e1bica en Villa Mail\u00edn.<\/strong><\/p>\n\n\n\n<p><\/p>\n\n\n\n<blockquote class=\"wp-block-quote is-layout-flow wp-block-quote-is-layout-flow\">\n<p>La actividad estaba prevista para este mi\u00e9rcoles y debido a las desfavorables condiciones clim\u00e1ticas se realizar\u00e1 el martes 28 de octubre de 9:00 a 12:00.<\/p>\n<\/blockquote>\n\n\n\n<p><\/p>\n\n\n\n<p>La vacunaci\u00f3n antirr\u00e1bica canina y felina <strong>se llevar\u00e1 a cabo en el CAPS 22, ubicado en Mendoza y Balcarce.<\/strong><\/p>\n","protected":false},"excerpt":{"rendered":"<p>Estaba prevista para este mi\u00e9rcoles, pero no se concret\u00f3 debido a desfavorables condiciones clim\u00e1ticas. Desde el Municipio se inform\u00f3 que<\/p>\n","protected":false},"author":5,"featured_media":117538,"comment_status":"closed","ping_status":"closed","sticky":false,"template":"","format":"standard","meta":{"_jetpack_memberships_contains_paid_content":false,"footnotes":""},"categories":[5,1],"tags":[],"class_list":["post-185854","post","type-post","status-publish","format-standard","has-post-thumbnail","hentry","category-informacion-general","category-portada"],"jetpack_featured_media_url":"https:\/\/i0.wp.com\/cdnoticias.com\/wp-content\/uploads\/2024\/06\/vacunacion-antirrabica-perro-00.jpg?fit=800%2C445&ssl=1","jetpack_sharing_enabled":true,"_links":{"self":[{"href":"https:\/\/cdnoticias.com\/index.php\/wp-json\/wp\/v2\/posts\/185854","targetHints":{"allow":["GET"]}}],"collection":[{"href":"https:\/\/cdnoticias.com\/index.php\/wp-json\/wp\/v2\/posts"}],"about":[{"href":"https:\/\/cdnoticias.com\/index.php\/wp-json\/wp\/v2\/types\/post"}],"author":[{"embeddable":true,"href":"https:\/\/cdnoticias.com\/index.php\/wp-json\/wp\/v2\/users\/5"}],"replies":[{"embeddable":true,"href":"https:\/\/cdnoticias.com\/index.php\/wp-json\/wp\/v2\/comments?post=185854"}],"version-history":[{"count":0,"href":"https:\/\/cdnoticias.com\/index.php\/wp-json\/wp\/v2\/posts\/185854\/revisions"}],"wp:featuredmedia":[{"embeddable":true,"href":"https:\/\/cdnoticias.com\/index.php\/wp-json\/wp\/v2\/media\/117538"}],"wp:attachment":[{"href":"https:\/\/cdnoticias.com\/index.php\/wp-json\/wp\/v2\/media?parent=185854"}],"wp:term":[{"taxonomy":"category","embeddable":true,"href":"https:\/\/cdnoticias.com\/index.php\/wp-json\/wp\/v2\/categories?post=185854"},{"taxonomy":"post_tag","embeddable":true,"href":"https:\/\/cdnoticias.com\/index.php\/wp-json\/wp\/v2\/tags?post=185854"}],"curies":[{"name":"wp","href":"https:\/\/api.w.org\/{rel}","templated":true}]}}