{"id":185849,"date":"2025-10-22T09:46:48","date_gmt":"2025-10-22T12:46:48","guid":{"rendered":"https:\/\/cdnoticias.com\/?p=185849"},"modified":"2025-10-22T09:46:50","modified_gmt":"2025-10-22T12:46:50","slug":"la-aerolinea-que-llega-a-olavarria-autorizada-a-operar-de-forma-regular","status":"publish","type":"post","link":"https:\/\/cdnoticias.com\/index.php\/2025\/10\/22\/la-aerolinea-que-llega-a-olavarria-autorizada-a-operar-de-forma-regular\/","title":{"rendered":"La aerol\u00ednea que llega a Olavarr\u00eda, autorizada a operar de forma regular"},"content":{"rendered":"<p>Se trata de Humming Airways, que ya ofrec\u00eda servicios de vuelos internos y qued\u00f3 habilitada para vuelos internacionales. Actualmente opera cinco destinos.<!--more--><\/p>\n<hr \/>\n<p>La <strong>Administraci\u00f3n Nacional de Aviaci\u00f3n Civil (ANAC)<\/strong> autoriz\u00f3 a la <strong>aerol\u00ednea a\u00e9rea argentina Humming Airways Sociedad An\u00f3nima<\/strong>, fundada por un grupo de j\u00f3venes, a <strong>operar servicios de transporte a\u00e9reo tanto internos como internacionales<\/strong>, combinando vuelos regulares y no regulares <strong>de pasajeros y carga<\/strong>.<\/p>\n<p>La resoluci\u00f3n, oficializada mediante la<strong> Disposici\u00f3n 37\/2025 publicada este mi\u00e9rcoles en el Bolet\u00edn Oficial<\/strong>, confirma que la compa\u00f1\u00eda cumpli\u00f3 con todas las exigencias del C\u00f3digo Aeron\u00e1utico y sus reglamentaciones vigentes.<\/p>\n<p>Seg\u00fan la medida, la empresa fundada por tres j\u00f3venes emprendedores <strong>deber\u00e1 acreditar sus certificados digitales de explotador en los pr\u00f3ximos 180 d\u00edas<\/strong> para mantener la autorizaci\u00f3n; de no hacerlo, podr\u00eda enfrentar sanciones que incluyan la caducidad de los permisos.<\/p>\n<p>El pedido fue evaluado en el contexto del<strong> Reglamento de Acceso a los Mercados Aerocomerciales<\/strong>, aprobado por el Decreto 599\/2024, que regula la <strong>obtenci\u00f3n de permisos para operar vuelos regulares y no regulares<\/strong>, tanto de pasajeros como de carga, y establece los requisitos t\u00e9cnicos, econ\u00f3micos y jur\u00eddicos para los operadores.<\/p>\n<blockquote><p>La disposici\u00f3n destaca que la empresa cumpli\u00f3 con todas las exigencias legales y reglamentarias, incluyendo la acreditaci\u00f3n de capacidad t\u00e9cnica y solvencia econ\u00f3mica financiera, conforme lo exige el art\u00edculo 105 del C\u00f3digo Aeron\u00e1utico. Adem\u00e1s, la Direcci\u00f3n Nacional de Transporte A\u00e9reo de la Administraci\u00f3n Nacional de Aviaci\u00f3n Civil emiti\u00f3 un dictamen t\u00e9cnico favorable, y tanto la ANAC como el servicio jur\u00eddico permanente intervinieron en el proceso, avalando la legalidad y viabilidad de la autorizaci\u00f3n.<\/p><\/blockquote>\n<p>Con esta autorizaci\u00f3n, <strong>Humming Airways se suma como nuevo operador al mercado a\u00e9reo argentino<\/strong>, habilitada para ofrecer transporte de pasajeros y carga en rutas nacionales e internacionales.<\/p>\n<h3>Humming Airways y sus vuelos<\/h3>\n<p>Si bien su vuelo inaugural fue en diciembre, <strong>la compa\u00f1\u00eda lanz\u00f3 el 11 de febrero sus servicios regulares comerciales<\/strong>, que conectan Aeroparque con Venado Tuerto (Santa Fe) y Villa Mar\u00eda (C\u00f3rdoba). <strong>En abril se sumaron vuelos a <a href=\"https:\/\/cdnoticias.com\/index.php\/2025\/04\/06\/vuelos-aeroparque-olavarria-es-muy-competitivo\/\" target=\"_blank\" rel=\"noopener\">Tandil, Olavarr\u00eda<\/a> y Villa Gesell<\/strong>, y pr\u00f3ximamente prev\u00e9 ampliar su oferta a Paran\u00e1 y Concordia (Entre R\u00edos), as\u00ed como a Montevideo y Paysand\u00fa (Uruguay).<\/p>\n<p><strong>Fundada en abril del a\u00f1o pasado<\/strong>, Humming Airways naci\u00f3 en el marco de la nueva pol\u00edtica aerocomercial impulsada por el Gobierno. La empresa est\u00e1 liderada por tres j\u00f3venes emprendedores de poco m\u00e1s de 20 a\u00f1os, entre ellos <strong>Francisco Sim\u00f3n Errecart, CEO y piloto privado, quien dirige un equipo de 22 integrantes<\/strong>, la mayor\u00eda j\u00f3venes.<\/p>\n<blockquote class=\"wp-embedded-content\" data-secret=\"dZ5u45lFyH\"><p><a href=\"https:\/\/cdnoticias.com\/index.php\/2025\/05\/26\/los-vuelos-a-tandil-y-olavarria-con-ocupacion-de-75-en-el-primer-mes-de-funcionamiento\/\">Los vuelos a Tandil y Olavarr\u00eda con ocupaci\u00f3n de 75 % en el primer mes de funcionamiento<\/a><\/p><\/blockquote>\n<p><iframe loading=\"lazy\" class=\"wp-embedded-content\" sandbox=\"allow-scripts\" security=\"restricted\" style=\"position: absolute; visibility: hidden;\" title=\"&#8220;Los vuelos a Tandil y Olavarr\u00eda con ocupaci\u00f3n de 75 % en el primer mes de funcionamiento&#8221; &#8212; Central de Noticias | Olavarr\u00eda\" src=\"https:\/\/cdnoticias.com\/index.php\/2025\/05\/26\/los-vuelos-a-tandil-y-olavarria-con-ocupacion-de-75-en-el-primer-mes-de-funcionamiento\/embed\/#?secret=gflPywN0re#?secret=dZ5u45lFyH\" data-secret=\"dZ5u45lFyH\" width=\"600\" height=\"338\" frameborder=\"0\" marginwidth=\"0\" marginheight=\"0\" scrolling=\"no\"><\/iframe><\/p>\n<p>La aerol\u00ednea busca cubrir<strong> rutas poco conectadas, donde las compa\u00f1\u00edas tradicionales no llegan<\/strong>, y ofrece precios competitivos. Comenz\u00f3 ofreciendo vuelos privados mientras se preparaba para el lanzamiento comercial. Seg\u00fan Errecart, la idea surgi\u00f3 tras <strong>detectar una demanda insatisfecha de vuelos privados<\/strong> para grupos peque\u00f1os, que hasta entonces pagaban sumas elevadas por viajes frecuentes.<\/p>\n<blockquote><p>La elecci\u00f3n de destinos como Venado Tuerto y Olavarr\u00eda responde a la actividad agroindustrial y la demanda corporativa, mientras que Villa Mar\u00eda y Tandil son polos tur\u00edsticos en crecimiento. Actualmente, los vuelos se realizan seg\u00fan la siguiente frecuencia: Villa Mar\u00eda y Venado Tuerto, lunes; Tandil y Olavarr\u00eda, lunes y jueves; Villa Gesell, mi\u00e9rcoles, viernes y domingo.<\/p><\/blockquote>\n<p>La aerol\u00ednea opera con<strong> un avi\u00f3n Fairchild Swearingen SA 227 Metroliner 23, alquilado a Royal Class<\/strong>, con capacidad para 19 pasajeros, y eval\u00faa ampliar la flota seg\u00fan la demanda y la posibilidad de aumentar frecuencias.<\/p>\n<p>Fuente:<em> Agencia DIB<\/em><\/p>\n","protected":false},"excerpt":{"rendered":"<p>Se trata de Humming Airways, que ya ofrec\u00eda servicios de vuelos internos y qued\u00f3 habilitada para vuelos internacionales. Actualmente opera<\/p>\n","protected":false},"author":4,"featured_media":168133,"comment_status":"closed","ping_status":"closed","sticky":false,"template":"","format":"standard","meta":{"_jetpack_memberships_contains_paid_content":false,"footnotes":""},"categories":[5,1],"tags":[],"class_list":["post-185849","post","type-post","status-publish","format-standard","has-post-thumbnail","hentry","category-informacion-general","category-portada"],"jetpack_featured_media_url":"https:\/\/i0.wp.com\/cdnoticias.com\/wp-content\/uploads\/2025\/04\/vuelo-humming-airways-00.jpg?fit=1000%2C557&ssl=1","jetpack_sharing_enabled":true,"_links":{"self":[{"href":"https:\/\/cdnoticias.com\/index.php\/wp-json\/wp\/v2\/posts\/185849","targetHints":{"allow":["GET"]}}],"collection":[{"href":"https:\/\/cdnoticias.com\/index.php\/wp-json\/wp\/v2\/posts"}],"about":[{"href":"https:\/\/cdnoticias.com\/index.php\/wp-json\/wp\/v2\/types\/post"}],"author":[{"embeddable":true,"href":"https:\/\/cdnoticias.com\/index.php\/wp-json\/wp\/v2\/users\/4"}],"replies":[{"embeddable":true,"href":"https:\/\/cdnoticias.com\/index.php\/wp-json\/wp\/v2\/comments?post=185849"}],"version-history":[{"count":0,"href":"https:\/\/cdnoticias.com\/index.php\/wp-json\/wp\/v2\/posts\/185849\/revisions"}],"wp:featuredmedia":[{"embeddable":true,"href":"https:\/\/cdnoticias.com\/index.php\/wp-json\/wp\/v2\/media\/168133"}],"wp:attachment":[{"href":"https:\/\/cdnoticias.com\/index.php\/wp-json\/wp\/v2\/media?parent=185849"}],"wp:term":[{"taxonomy":"category","embeddable":true,"href":"https:\/\/cdnoticias.com\/index.php\/wp-json\/wp\/v2\/categories?post=185849"},{"taxonomy":"post_tag","embeddable":true,"href":"https:\/\/cdnoticias.com\/index.php\/wp-json\/wp\/v2\/tags?post=185849"}],"curies":[{"name":"wp","href":"https:\/\/api.w.org\/{rel}","templated":true}]}}