{"id":185838,"date":"2025-10-22T08:45:14","date_gmt":"2025-10-22T11:45:14","guid":{"rendered":"https:\/\/cdnoticias.com\/?p=185838"},"modified":"2025-10-22T11:58:31","modified_gmt":"2025-10-22T14:58:31","slug":"tormenta-en-olavarria-sin-emergencias-el-agua-caida-llego-a-205-mm","status":"publish","type":"post","link":"https:\/\/cdnoticias.com\/index.php\/2025\/10\/22\/tormenta-en-olavarria-sin-emergencias-el-agua-caida-llego-a-205-mm\/","title":{"rendered":"Tormenta en Olavarr\u00eda: sin emergencias, el agua ca\u00edda lleg\u00f3 a 20,5 mm"},"content":{"rendered":"<p>Es el registro de la Estaci\u00f3n Meteorol\u00f3gica local. Defensa Civil inform\u00f3 que no se reportaron inconvenientes con la tormenta. Alerta para este jueves y viernes.<!--more--><\/p>\n<hr \/>\n<p>En los <strong>\u00faltimos minutos del martes y durante la madrugada de este mi\u00e9rcoles<\/strong>\u00a0se registr\u00f3 una <strong>fuerte tormenta en Olavarr\u00eda.<\/strong><\/p>\n<p><strong>Central de Noticias<\/strong> pudo saber que el registro de <strong>agua ca\u00edda lleg\u00f3 a 20,5 mm<\/strong> en la Estaci\u00f3n Meteorol\u00f3gica local.<\/p>\n<blockquote><p>En tanto, desde el \u00e1rea de Defensa Civil se inform\u00f3 que \u201cno se reportaron situaciones de emergencia ni inconvenientes derivados de la tormenta y del alerta emitido para la noche y madrugada de ayer y hoy\u201d.<\/p><\/blockquote>\n<blockquote class=\"twitter-tweet\">\n<p dir=\"ltr\" lang=\"es\">21 OCT | \ud83c\udf2c\ufe0f El avance de un frente fr\u00edo provoca inestabilidad en la franja central<\/p>\n<p>\u26c8\ufe0f Ya se registran algunas lluvias y tormentas en el este de La Pampa y sur de Bs As. Rige alerta de nivel amarillo hasta la madrugada del mi\u00e9rcoles inclusive<\/p>\n<p>M\u00e1s info en <a href=\"https:\/\/t.co\/GRjfngGukd\">https:\/\/t.co\/GRjfngGukd<\/a> <a href=\"https:\/\/t.co\/7IJAiYPGGK\">pic.twitter.com\/7IJAiYPGGK<\/a><\/p>\n<p>\u2014 SMN Argentina (@SMN_Argentina) <a href=\"https:\/\/twitter.com\/SMN_Argentina\/status\/1980730811335995772?ref_src=twsrc%5Etfw\">October 21, 2025<\/a><\/p><\/blockquote>\n<p><script async src=\"https:\/\/platform.twitter.com\/widgets.js\" charset=\"utf-8\"><\/script><\/p>\n<p>Cabe recordar que el <strong>Servicio Meteorol\u00f3gico Nacional<\/strong> <a href=\"https:\/\/cdnoticias.com\/index.php\/2025\/10\/21\/extienden-el-alerta-por-tormentas-para-olavarria-se-esperan-lluvias-y-vientos-intensos\/\" target=\"_blank\" rel=\"noopener\">mantiene un <strong>alerta<\/strong> emitido<\/a> para gran parte de la provincia de Buenos Aires que<strong> incluye a Olavarr\u00eda<\/strong>: es de <strong>nivel amarillo por tormentas para la noche del jueves<\/strong> y se extiende hasta la <strong>ma\u00f1ana del viernes.<\/strong><\/p>\n<blockquote><p>\u201cEl \u00e1rea ser\u00e1 afectada por tormentas, algunas localmente fuertes. Se espera que las mismas puedan estar acompa\u00f1adas por abundante ca\u00edda de agua en cortos per\u00edodos, frecuente actividad el\u00e9ctrica, granizo y r\u00e1fagas intensas que podr\u00edan alcanzar los 90 km\/h. Se prev\u00e9n valores de precipitaci\u00f3n acumulada entre 30 y 70 mm, que pueden ser superados de manera puntual. Las mayores precipitaciones se esperan entre la tarde del jueves 23 y el viernes 24\u201d inform\u00f3 el organismo en la advertencia para Olavarr\u00eda, Laprida y La Madrid.<\/p><\/blockquote>\n<blockquote class=\"wp-embedded-content\" data-secret=\"TJ3tmxXjM6\"><p><a href=\"https:\/\/cdnoticias.com\/index.php\/2025\/10\/22\/temporal-en-benito-juarez-se-volo-el-techo-del-hospital\/\">Temporal en Benito Ju\u00e1rez: se vol\u00f3 el techo del hospital<\/a><\/p><\/blockquote>\n<p><iframe loading=\"lazy\" class=\"wp-embedded-content\" sandbox=\"allow-scripts\" security=\"restricted\" style=\"position: absolute; visibility: hidden;\" title=\"&#8220;Temporal en Benito Ju\u00e1rez: se vol\u00f3 el techo del hospital&#8221; &#8212; Central de Noticias | Olavarr\u00eda\" src=\"https:\/\/cdnoticias.com\/index.php\/2025\/10\/22\/temporal-en-benito-juarez-se-volo-el-techo-del-hospital\/embed\/#?secret=HythZygMZM#?secret=TJ3tmxXjM6\" data-secret=\"TJ3tmxXjM6\" width=\"600\" height=\"338\" frameborder=\"0\" marginwidth=\"0\" marginheight=\"0\" scrolling=\"no\"><\/iframe><\/p>\n","protected":false},"excerpt":{"rendered":"<p>Es el registro de la Estaci\u00f3n Meteorol\u00f3gica local. Defensa Civil inform\u00f3 que no se reportaron inconvenientes con la tormenta. Alerta<\/p>\n","protected":false},"author":4,"featured_media":165638,"comment_status":"closed","ping_status":"closed","sticky":false,"template":"","format":"standard","meta":{"_jetpack_memberships_contains_paid_content":false,"footnotes":""},"categories":[5,1],"tags":[],"class_list":["post-185838","post","type-post","status-publish","format-standard","has-post-thumbnail","hentry","category-informacion-general","category-portada"],"jetpack_featured_media_url":"https:\/\/i0.wp.com\/cdnoticias.com\/wp-content\/uploads\/2025\/03\/lluvia-tormenta-4-de-marzo-2025-f-plaza-central.jpg?fit=1000%2C556&ssl=1","jetpack_sharing_enabled":true,"_links":{"self":[{"href":"https:\/\/cdnoticias.com\/index.php\/wp-json\/wp\/v2\/posts\/185838","targetHints":{"allow":["GET"]}}],"collection":[{"href":"https:\/\/cdnoticias.com\/index.php\/wp-json\/wp\/v2\/posts"}],"about":[{"href":"https:\/\/cdnoticias.com\/index.php\/wp-json\/wp\/v2\/types\/post"}],"author":[{"embeddable":true,"href":"https:\/\/cdnoticias.com\/index.php\/wp-json\/wp\/v2\/users\/4"}],"replies":[{"embeddable":true,"href":"https:\/\/cdnoticias.com\/index.php\/wp-json\/wp\/v2\/comments?post=185838"}],"version-history":[{"count":0,"href":"https:\/\/cdnoticias.com\/index.php\/wp-json\/wp\/v2\/posts\/185838\/revisions"}],"wp:featuredmedia":[{"embeddable":true,"href":"https:\/\/cdnoticias.com\/index.php\/wp-json\/wp\/v2\/media\/165638"}],"wp:attachment":[{"href":"https:\/\/cdnoticias.com\/index.php\/wp-json\/wp\/v2\/media?parent=185838"}],"wp:term":[{"taxonomy":"category","embeddable":true,"href":"https:\/\/cdnoticias.com\/index.php\/wp-json\/wp\/v2\/categories?post=185838"},{"taxonomy":"post_tag","embeddable":true,"href":"https:\/\/cdnoticias.com\/index.php\/wp-json\/wp\/v2\/tags?post=185838"}],"curies":[{"name":"wp","href":"https:\/\/api.w.org\/{rel}","templated":true}]}}