{"id":185801,"date":"2025-10-21T19:00:12","date_gmt":"2025-10-21T22:00:12","guid":{"rendered":"https:\/\/cdnoticias.com\/?p=185801"},"modified":"2025-10-21T19:00:14","modified_gmt":"2025-10-21T22:00:14","slug":"este-miercoles-nueva-campana-de-basura-electronica","status":"publish","type":"post","link":"https:\/\/cdnoticias.com\/index.php\/2025\/10\/21\/este-miercoles-nueva-campana-de-basura-electronica\/","title":{"rendered":"Este mi\u00e9rcoles, nueva Campa\u00f1a de Basura Electr\u00f3nica"},"content":{"rendered":"\n<p>En esta oportunidad, la jornada se desarrollar\u00e1 en el Centro de Exposiciones Municipal de Olavarr\u00eda (CEMO) de 10 a 13 horas.<\/p>\n\n\n\n<hr class=\"wp-block-separator aligncenter has-alpha-channel-opacity\"\/>\n\n\n\n<p>Este <strong>mi\u00e9rcoles 22 de octubre<\/strong> se llevar\u00e1 a cabo la pr\u00f3xima edici\u00f3n de la <strong>Campa\u00f1a de Recolecci\u00f3n de RAEEs<\/strong> (Residuos de Aparatos El\u00e9ctricos y Electr\u00f3nicos).<\/p>\n\n\n\n<p><\/p>\n\n\n\n<blockquote class=\"wp-block-quote is-layout-flow wp-block-quote-is-layout-flow\">\n<p>En esta oportunidad, la jornada se desarrollar\u00e1 en el Centro de Exposiciones Municipal de Olavarr\u00eda (CEMO) ubicado en avenida Eva Per\u00f3n 1545, de 10 a 13 horas.<\/p>\n<\/blockquote>\n\n\n\n<p><\/p>\n\n\n\n<p>Se recibir\u00e1n:<strong> computadoras, impresoras, monitores, celulares, televisores, centrales telef\u00f3nicas, routers, electrodom\u00e9sticos peque\u00f1os, radios, videoc\u00e1maras, relojes y videojuegos.\u00a0<\/strong><\/p>\n\n\n\n<p><\/p>\n\n\n\n<blockquote class=\"wp-block-quote is-layout-flow wp-block-quote-is-layout-flow\">\n<p>En tanto no se recibir\u00e1n: heladeras, lavarropas, cocinas, lavavajillas, t\u00f3ner, bater\u00edas, pilas ni l\u00e1mparas.<\/p>\n<\/blockquote>\n\n\n\n<p><\/p>\n\n\n\n<p>Esta campa\u00f1a se lleva adelante en el marco del Programa DRTD (Disposici\u00f3n y Reutilizaci\u00f3n de Tecnolog\u00edas en Desuso) del Ministerio de Justicia de la Provincia, con el objetivo de reciclar equipos electr\u00f3nicos en desuso y reducir el impacto ambiental que generan estos residuos. Por \u00faltimo, <strong>cabe aclarar que la actividad no se suspender\u00e1 en caso de lluvia.<\/strong><\/p>\n\n\n\n<p><\/p>\n","protected":false},"excerpt":{"rendered":"<p>En esta oportunidad, la jornada se desarrollar\u00e1 en el Centro de Exposiciones Municipal de Olavarr\u00eda (CEMO) de 10 a 13<\/p>\n","protected":false},"author":6,"featured_media":130737,"comment_status":"closed","ping_status":"closed","sticky":false,"template":"","format":"standard","meta":{"_jetpack_memberships_contains_paid_content":false,"footnotes":""},"categories":[5,1],"tags":[],"class_list":["post-185801","post","type-post","status-publish","format-standard","has-post-thumbnail","hentry","category-informacion-general","category-portada"],"jetpack_featured_media_url":"https:\/\/i0.wp.com\/cdnoticias.com\/wp-content\/uploads\/2024\/11\/recoleccion-bausra-electronica.jpg?fit=900%2C524&ssl=1","jetpack_sharing_enabled":true,"_links":{"self":[{"href":"https:\/\/cdnoticias.com\/index.php\/wp-json\/wp\/v2\/posts\/185801","targetHints":{"allow":["GET"]}}],"collection":[{"href":"https:\/\/cdnoticias.com\/index.php\/wp-json\/wp\/v2\/posts"}],"about":[{"href":"https:\/\/cdnoticias.com\/index.php\/wp-json\/wp\/v2\/types\/post"}],"author":[{"embeddable":true,"href":"https:\/\/cdnoticias.com\/index.php\/wp-json\/wp\/v2\/users\/6"}],"replies":[{"embeddable":true,"href":"https:\/\/cdnoticias.com\/index.php\/wp-json\/wp\/v2\/comments?post=185801"}],"version-history":[{"count":0,"href":"https:\/\/cdnoticias.com\/index.php\/wp-json\/wp\/v2\/posts\/185801\/revisions"}],"wp:featuredmedia":[{"embeddable":true,"href":"https:\/\/cdnoticias.com\/index.php\/wp-json\/wp\/v2\/media\/130737"}],"wp:attachment":[{"href":"https:\/\/cdnoticias.com\/index.php\/wp-json\/wp\/v2\/media?parent=185801"}],"wp:term":[{"taxonomy":"category","embeddable":true,"href":"https:\/\/cdnoticias.com\/index.php\/wp-json\/wp\/v2\/categories?post=185801"},{"taxonomy":"post_tag","embeddable":true,"href":"https:\/\/cdnoticias.com\/index.php\/wp-json\/wp\/v2\/tags?post=185801"}],"curies":[{"name":"wp","href":"https:\/\/api.w.org\/{rel}","templated":true}]}}