{"id":185798,"date":"2025-10-21T19:24:48","date_gmt":"2025-10-21T22:24:48","guid":{"rendered":"https:\/\/cdnoticias.com\/?p=185798"},"modified":"2025-10-21T19:24:50","modified_gmt":"2025-10-21T22:24:50","slug":"continua-la-campana-de-vacunacion-antirrabica-canina-y-felina","status":"publish","type":"post","link":"https:\/\/cdnoticias.com\/index.php\/2025\/10\/21\/continua-la-campana-de-vacunacion-antirrabica-canina-y-felina\/","title":{"rendered":"Contin\u00faa la campa\u00f1a de vacunaci\u00f3n antirr\u00e1bica canina y felina"},"content":{"rendered":"\n<p>Este mi\u00e9rcoles estar\u00e1n en Villa Mail\u00edn. El cronograma contin\u00faa este jueves y viernes en Sierras Bayas e Hinojo. Asimismo, el s\u00e1bado estar\u00e1n en Mariano Moreno.&nbsp;<\/p>\n\n\n\n<hr class=\"wp-block-separator aligncenter has-alpha-channel-opacity\"\/>\n\n\n\n<p>El Municipio retoma la <strong>campa\u00f1a anual de vacunaci\u00f3n antirr\u00e1bica canina y felina<\/strong>, en los m\u00e1s de<strong> 40 puestos de vacunaci\u00f3n distribuidos en diferentes barrios y localidades del Partido.<\/strong><\/p>\n\n\n\n<p><\/p>\n\n\n\n<p>La campa\u00f1a se enmarca en el programa<strong> \u201cQuerer es cuidar\u201d<\/strong> y est\u00e1 <strong>destinada a perros y gatos mayores a tres meses<\/strong>. La actividad busca <strong>promover la vacunaci\u00f3n contra la rabia en animales,<\/strong> debido a que es la principal medida de prevenci\u00f3n para esta enfermedad, y tambi\u00e9n sensibilizar sobre el cuidado responsable de animales de compa\u00f1\u00eda. Cabe destacar que <strong>en caso de lluvia se reprogramar\u00e1 el puesto<\/strong>.<\/p>\n\n\n\n<p><\/p>\n\n\n\n<p><strong>Cronograma de los pr\u00f3ximos d\u00edas<\/strong><\/p>\n\n\n\n<ul class=\"wp-block-list\">\n<li>Mi\u00e9rcoles 22: Villa Mailin, Balcarce y Mendoza (en el marco del Programa Municipal Barrio x Barrio).<\/li>\n<\/ul>\n\n\n\n<ul class=\"wp-block-list\">\n<li>Jueves 23: Sierras Bayas, Plaza 17 de Octubre (Arg. Roca y Colombo). De 09:00 a 12:00 horas.<\/li>\n<\/ul>\n\n\n\n<ul class=\"wp-block-list\">\n<li>Viernes 24: Hinojo, Plaza San Mart\u00edn (De Pierris y Basterrica). De 09:00 a 12:00 horas.<\/li>\n<\/ul>\n\n\n\n<ul class=\"wp-block-list\">\n<li>S\u00e1bado 25: Mariano Moreno, Plaza Espa\u00f1a (25 de Mayo y D\u00e1maso Arce). De 09:00 a 12:30 horas.<\/li>\n<\/ul>\n\n\n\n<p><\/p>\n\n\n\n<p>La rabia es una enfermedad producida por un virus que afecta al sistema nervioso central de los mam\u00edferos, incluidas las personas. <strong>No tiene cura y el tratamiento s\u00f3lo es eficaz si se aplica antes del inicio de los s\u00edntomas.<\/strong> Por eso, es fundamental prevenirla.<\/p>\n\n\n\n<p><\/p>\n\n\n\n<blockquote class=\"wp-block-quote is-layout-flow wp-block-quote-is-layout-flow\">\n<p>El virus est\u00e1 presente en la saliva de los animales infectados, principalmente perros y gatos, pero tambi\u00e9n pueden ser algunos mam\u00edferos silvestres, como murci\u00e9lagos.&nbsp;<\/p>\n<\/blockquote>\n\n\n\n<p><\/p>\n\n\n\n<p>Se transmite por medio de mordeduras, ara\u00f1azos y\/o al lamer zonas lesionadas del cuerpo o mucosas de otros animales o personas. La principal medida de prevenci\u00f3n es realizar la consulta temprana ante un accidente de mordedura con un animal. <strong>La vacuna en peque\u00f1os animales debe aplicarse por primera vez a los tres meses de edad, y luego realizar refuerzos de forma anual.<\/strong><\/p>\n\n\n\n<p><\/p>\n\n\n\n<p><strong><em>\u201cLa vacunaci\u00f3n masiva de perros y gatos, es la principal herramienta para eliminar la rabia. Trabajemos juntos por la equidad en salud y apoyemos la vacunaci\u00f3n canina y felina para asegurar un futuro saludable y libre de enfermedades zoon\u00f3ticas\u201d, <\/em><\/strong>expresaron desde el \u00e1rea.<\/p>\n\n\n\n<p><\/p>\n\n\n\n<p><strong>Requisitos<\/strong><\/p>\n\n\n\n<blockquote class=\"wp-block-quote is-layout-flow wp-block-quote-is-layout-flow\">\n<p>La vacuna se aplica de forma gratuita a todos los gatos y perros mayores de tres (3) meses. NO se vacuna a hembras pre\u00f1adas o en lactancia o animales que presenten s\u00edntomas de enfermedad.<\/p>\n<\/blockquote>\n\n\n\n<p><\/p>\n\n\n\n<p>Es importante recordar que todos los perros deben concurrir de forma obligatoria a los puestos de vacunaci\u00f3n, con correa, collar y el agregado de bozal para aquellas razas y sus cruzas de los denominados perros potencialmente peligrosos. En cuanto a los felinos deben concurrir en transportadoras, mochilas-bolsos, no sueltos ni en cajas, a fin de prevenir posibles escapes.<\/p>\n\n\n\n<p><\/p>\n","protected":false},"excerpt":{"rendered":"<p>Este mi\u00e9rcoles estar\u00e1n en Villa Mail\u00edn. El cronograma contin\u00faa este jueves y viernes en Sierras Bayas e Hinojo. Asimismo, el<\/p>\n","protected":false},"author":6,"featured_media":97747,"comment_status":"closed","ping_status":"closed","sticky":false,"template":"","format":"standard","meta":{"_jetpack_memberships_contains_paid_content":false,"footnotes":""},"categories":[5,1],"tags":[],"class_list":["post-185798","post","type-post","status-publish","format-standard","has-post-thumbnail","hentry","category-informacion-general","category-portada"],"jetpack_featured_media_url":"https:\/\/i0.wp.com\/cdnoticias.com\/wp-content\/uploads\/2023\/09\/vacunacion-antirrabica-animales-06.jpg?fit=800%2C445&ssl=1","jetpack_sharing_enabled":true,"_links":{"self":[{"href":"https:\/\/cdnoticias.com\/index.php\/wp-json\/wp\/v2\/posts\/185798","targetHints":{"allow":["GET"]}}],"collection":[{"href":"https:\/\/cdnoticias.com\/index.php\/wp-json\/wp\/v2\/posts"}],"about":[{"href":"https:\/\/cdnoticias.com\/index.php\/wp-json\/wp\/v2\/types\/post"}],"author":[{"embeddable":true,"href":"https:\/\/cdnoticias.com\/index.php\/wp-json\/wp\/v2\/users\/6"}],"replies":[{"embeddable":true,"href":"https:\/\/cdnoticias.com\/index.php\/wp-json\/wp\/v2\/comments?post=185798"}],"version-history":[{"count":0,"href":"https:\/\/cdnoticias.com\/index.php\/wp-json\/wp\/v2\/posts\/185798\/revisions"}],"wp:featuredmedia":[{"embeddable":true,"href":"https:\/\/cdnoticias.com\/index.php\/wp-json\/wp\/v2\/media\/97747"}],"wp:attachment":[{"href":"https:\/\/cdnoticias.com\/index.php\/wp-json\/wp\/v2\/media?parent=185798"}],"wp:term":[{"taxonomy":"category","embeddable":true,"href":"https:\/\/cdnoticias.com\/index.php\/wp-json\/wp\/v2\/categories?post=185798"},{"taxonomy":"post_tag","embeddable":true,"href":"https:\/\/cdnoticias.com\/index.php\/wp-json\/wp\/v2\/tags?post=185798"}],"curies":[{"name":"wp","href":"https:\/\/api.w.org\/{rel}","templated":true}]}}