{"id":185776,"date":"2025-10-21T18:30:27","date_gmt":"2025-10-21T21:30:27","guid":{"rendered":"https:\/\/cdnoticias.com\/?p=185776"},"modified":"2025-10-21T18:30:29","modified_gmt":"2025-10-21T21:30:29","slug":"coopelectric-celebra-el-dia-mundial-del-ahorro-de-energia","status":"publish","type":"post","link":"https:\/\/cdnoticias.com\/index.php\/2025\/10\/21\/coopelectric-celebra-el-dia-mundial-del-ahorro-de-energia\/","title":{"rendered":"Coopelectric celebra el D\u00eda Mundial del Ahorro de Energ\u00eda"},"content":{"rendered":"\n<p>Esta fecha invita a reflexionar sobre los h\u00e1bitos de consumo el\u00e9ctrico, fomentando un uso m\u00e1s eficiente y responsable.<\/p>\n\n\n\n<hr class=\"wp-block-separator aligncenter has-alpha-channel-opacity\"\/>\n\n\n\n<p>En el marco del<strong> D\u00eda Mundial del Ahorro de Energ\u00eda, Coopelectric<\/strong> promueve su <strong>compromiso sobre el cuidado del medio ambient<\/strong>e y la generaci\u00f3n de conciencia para contribuir al uso racional de la energ\u00eda.<\/p>\n\n\n\n<p><\/p>\n\n\n\n<p>El<strong> D\u00eda Mundial del Ahorro de Energ\u00eda se celebra cada 21 de octubre,<\/strong> desde 2012, por iniciativa del <strong>Foro Energ\u00e9tico Mundial.<\/strong>\u00a0Esta fecha invita a organismos gubernamentales, asociaciones civiles, empresas privadas y a los ciudadanos en general a<strong> reflexionar sobre los h\u00e1bitos de consumo el\u00e9ctrico, fomentando un uso m\u00e1s eficiente y responsable <\/strong>de este recurso en el marco de una relaci\u00f3n respetuosa con el medio ambiente.\u00a0<\/p>\n\n\n\n<p><\/p>\n\n\n\n<blockquote class=\"wp-block-quote is-layout-flow wp-block-quote-is-layout-flow\">\n<p>Este d\u00eda tambi\u00e9n simboliza la lucha para que el desarrollo de las energ\u00edas renovables y la disminuci\u00f3n del consumo energ\u00e9tico basado en combustibles f\u00f3siles, ingrese en la agenda prioritaria de todos los Gobiernos.<\/p>\n<\/blockquote>\n\n\n\n<p><\/p>\n\n\n\n<p>El cambio comienza en nuestros hogares, con <strong>peque\u00f1as acciones cotidianas <\/strong>que pueden marcar una gran diferencia tanto para el planeta como para el ahorro en el consumo en las facturas:<\/p>\n\n\n\n<p><\/p>\n\n\n\n<p><strong>Iluminaci\u00f3n<\/strong><\/p>\n\n\n\n<ul class=\"wp-block-list\">\n<li>Evitar dejar las luces encendidas si no las utiliza.<\/li>\n<\/ul>\n\n\n\n<ul class=\"wp-block-list\">\n<li>Utilizar l\u00e1mparas LED o de bajo consumo. Consumen hasta un 80% menos y duran mucho m\u00e1s que las l\u00e1mparas convencionales.<\/li>\n<\/ul>\n\n\n\n<ul class=\"wp-block-list\">\n<li>Usar l\u00e1mparas adecuadas para la iluminaci\u00f3n de cada tipo de ambiente.<\/li>\n<\/ul>\n\n\n\n<p><strong>Aparatos electr\u00f3nicos<\/strong><\/p>\n\n\n\n<ul class=\"wp-block-list\">\n<li>Desenchufar o apagar completamente los aparatos electr\u00f3nicos (televisi\u00f3n y audio, computadoras, equipos hogare\u00f1os). A\u00fan cuando se encuentran en modo de espera (stand by), contin\u00faan consumiendo energ\u00eda.<\/li>\n<\/ul>\n\n\n\n<p><\/p>\n\n\n\n<p><strong>Heladera y freezer<\/strong><\/p>\n\n\n\n<ul class=\"wp-block-list\">\n<li>Verificar que la puerta cierre bien.<\/li>\n<\/ul>\n\n\n\n<ul class=\"wp-block-list\">\n<li>Abrir s\u00f3lo cuando sea necesario y el menor tiempo posible.<\/li>\n<\/ul>\n\n\n\n<ul class=\"wp-block-list\">\n<li>Ubicarla alejada de las fuentes de calor. De colocarla entre paredes o muebles dejar un espacio m\u00ednimo de 15 cm.<\/li>\n<\/ul>\n\n\n\n<ul class=\"wp-block-list\">\n<li>Descongelarla regularmente. El sobreconsumo comienza cuando la capa de hielo llega a un espesor de 5 mm.<\/li>\n<\/ul>\n\n\n\n<p><\/p>\n\n\n\n<p><strong>Plancha<\/strong><\/p>\n\n\n\n<ul class=\"wp-block-list\">\n<li>Reunir cierta cantidad de ropa para su planchado. De esta manera se evitar\u00e1n desperdicios de energ\u00eda con el encendido y apagado.<\/li>\n<\/ul>\n\n\n\n<ul class=\"wp-block-list\">\n<li>Evitar usarla a temperatura excesiva y graduarla de acuerdo al tipo de tejido que va a planchar.<\/li>\n<\/ul>\n\n\n\n<ul class=\"wp-block-list\">\n<li>Desconectarla antes de concluir para aprovechar el calor remanente.<\/li>\n<\/ul>\n\n\n\n<p><strong>Aire Acondicionado<\/strong><\/p>\n\n\n\n<ul class=\"wp-block-list\">\n<li>No refrigerar en exceso.<\/li>\n<\/ul>\n\n\n\n<ul class=\"wp-block-list\">\n<li>En verano mantener la temperatura en 24\u00ba.<\/li>\n<\/ul>\n\n\n\n<ul class=\"wp-block-list\">\n<li>Manten\u00e9 limpios los filtros del aire acondicionado ya que consume menos y funciona mejor.<\/li>\n<\/ul>\n\n\n\n<ul class=\"wp-block-list\">\n<li>Cerrar las puertas y las ventanas para evitar el ingreso de aire al ambiente climatizado.<\/li>\n<\/ul>\n\n\n\n<p><\/p>\n\n\n\n<p><strong>Lavarropas<\/strong><\/p>\n\n\n\n<ul class=\"wp-block-list\">\n<li>Usarlo cuando la ropa reunida llegue a la capacidad m\u00e1xima aconsejada por el fabricante.<\/li>\n<\/ul>\n\n\n\n<ul class=\"wp-block-list\">\n<li>Utilizar el programa econ\u00f3mico para lavar poca ropa.<\/li>\n<\/ul>\n\n\n\n<ul class=\"wp-block-list\">\n<li>Revisar peri\u00f3dicamente las juntas y mangueras porque pueden sufrir p\u00e9rdidas.<\/li>\n<\/ul>\n\n\n\n<p><\/p>\n\n\n\n<p><strong>Etiqueta de eficiencia energ\u00e9tica<\/strong><\/p>\n\n\n\n<ul class=\"wp-block-list\">\n<li>El objetivo de la etiqueta energ\u00e9tica es informar al consumidor la eficiencia energ\u00e9tica de un electrodom\u00e9stico. Los datos de la etiqueta energ\u00e9tica se basan en ensayos determinados por las normas internacionales, a fines de establecer una comparaci\u00f3n entre los diferentes equipos, el consumo de energ\u00eda y sus capacidades.<\/li>\n<\/ul>\n\n\n\n<ul class=\"wp-block-list\">\n<li>Pueden observarse siete clases de eficiencia, las cuales se categorizan por medio de letras y colores, asign\u00e1ndose el color verde y la clase \u201cA\u201d a los equipos m\u00e1s eficientes, y el color rojo y la clase G a los equipos menos eficientes. Estos \u00faltimos, pueden llegar a consumir, el triple de energ\u00eda que los equipos de clase A.<\/li>\n<\/ul>\n","protected":false},"excerpt":{"rendered":"<p>Esta fecha invita a reflexionar sobre los h\u00e1bitos de consumo el\u00e9ctrico, fomentando un uso m\u00e1s eficiente y responsable. En el<\/p>\n","protected":false},"author":6,"featured_media":134487,"comment_status":"closed","ping_status":"closed","sticky":false,"template":"","format":"standard","meta":{"_jetpack_memberships_contains_paid_content":false,"footnotes":""},"categories":[5,1],"tags":[],"class_list":["post-185776","post","type-post","status-publish","format-standard","has-post-thumbnail","hentry","category-informacion-general","category-portada"],"jetpack_featured_media_url":"https:\/\/i0.wp.com\/cdnoticias.com\/wp-content\/uploads\/2025\/01\/coopelectric-fachada-02.jpg?fit=1000%2C556&ssl=1","jetpack_sharing_enabled":true,"_links":{"self":[{"href":"https:\/\/cdnoticias.com\/index.php\/wp-json\/wp\/v2\/posts\/185776","targetHints":{"allow":["GET"]}}],"collection":[{"href":"https:\/\/cdnoticias.com\/index.php\/wp-json\/wp\/v2\/posts"}],"about":[{"href":"https:\/\/cdnoticias.com\/index.php\/wp-json\/wp\/v2\/types\/post"}],"author":[{"embeddable":true,"href":"https:\/\/cdnoticias.com\/index.php\/wp-json\/wp\/v2\/users\/6"}],"replies":[{"embeddable":true,"href":"https:\/\/cdnoticias.com\/index.php\/wp-json\/wp\/v2\/comments?post=185776"}],"version-history":[{"count":0,"href":"https:\/\/cdnoticias.com\/index.php\/wp-json\/wp\/v2\/posts\/185776\/revisions"}],"wp:featuredmedia":[{"embeddable":true,"href":"https:\/\/cdnoticias.com\/index.php\/wp-json\/wp\/v2\/media\/134487"}],"wp:attachment":[{"href":"https:\/\/cdnoticias.com\/index.php\/wp-json\/wp\/v2\/media?parent=185776"}],"wp:term":[{"taxonomy":"category","embeddable":true,"href":"https:\/\/cdnoticias.com\/index.php\/wp-json\/wp\/v2\/categories?post=185776"},{"taxonomy":"post_tag","embeddable":true,"href":"https:\/\/cdnoticias.com\/index.php\/wp-json\/wp\/v2\/tags?post=185776"}],"curies":[{"name":"wp","href":"https:\/\/api.w.org\/{rel}","templated":true}]}}