{"id":185765,"date":"2025-10-21T16:30:23","date_gmt":"2025-10-21T19:30:23","guid":{"rendered":"https:\/\/cdnoticias.com\/?p=185765"},"modified":"2025-10-21T16:30:25","modified_gmt":"2025-10-21T19:30:25","slug":"ultima-audiencia-antes-del-veredicto-en-el-juicio-la-huerta","status":"publish","type":"post","link":"https:\/\/cdnoticias.com\/index.php\/2025\/10\/21\/ultima-audiencia-antes-del-veredicto-en-el-juicio-la-huerta\/","title":{"rendered":"\u00daltima audiencia antes del veredicto en el Juicio \u201cLa Huerta\u201d"},"content":{"rendered":"\n<p>Se conocer\u00e1 la sentencia para los 35 imputados que permanecen en el marco de este extenso debate, que se inici\u00f3 en 2022 y que es uno de los juicios m\u00e1s largos y complejos que ha tenido este tribunal.<\/p>\n\n\n\n<hr class=\"wp-block-separator aligncenter has-alpha-channel-opacity\"\/>\n\n\n\n<p><em>*Soledad Restivo\/ Agencia Comunica \/Medios Unicen\u00a0<\/em><\/p>\n\n\n\n<p><\/p>\n\n\n\n<p>Este <strong>viernes 17 de octubre <\/strong>se llev\u00f3 adelante la <strong>audiencia n\u00famero 103 <\/strong>del<strong> Juicio por delitos de lesa humanidad <\/strong>cometidos en el \u00e1mbito de la Subzona 12, conocido como<strong> \u201cLa Huerta\u201d, <\/strong>en la que <strong>los imputados tuvieron la oportunidad de expresar sus \u00faltimas palabras antes del veredicto.<\/strong><\/p>\n\n\n\n<p><\/p>\n\n\n\n<p>Con este paso formal, el presidente del Tribunal Oral Federal N\u00b0 1 de Mar del Plata, Nicol\u00e1s Toselli, <strong>dio por cerrado el proceso<\/strong>, y anunci\u00f3 que <strong>la pr\u00f3xima audiencia <\/strong>\u2014la n\u00famero 104\u2014 <strong>ser\u00e1 la lectura del veredicto.<\/strong> <\/p>\n\n\n\n<p><\/p>\n\n\n\n<blockquote class=\"wp-block-quote is-layout-flow wp-block-quote-is-layout-flow\">\n<p>All\u00ed se conocer\u00e1 la sentencia para los 35 imputados que permanecen en el marco de este extenso debate, que se inici\u00f3 en 2022 y que, como se\u00f1al\u00f3 el propio Toselli, es uno de los juicios m\u00e1s largos y complejos que ha tenido este tribunal.<\/p>\n<\/blockquote>\n\n\n\n<p><\/p>\n\n\n\n<p>El magistrado destac\u00f3 el trabajo sostenido del equipo judicial y de todas las partes involucradas, en un proceso que atraves\u00f3 modificaciones en su integraci\u00f3n, luego de la jubilaci\u00f3n del juez Luis Imas, reemplazado por la magistrada Sabrina Namer, quien asumi\u00f3 formalmente como tercera integrante del Tribunal.<\/p>\n\n\n\n<p><\/p>\n\n\n\n<p>Durante la jornada, Namer tom\u00f3 la palabra y asegur\u00f3 que se pondr\u00e1 al corriente de toda la prueba producida para contribuir con un trabajo a la altura de la responsabilidad que este juicio requiere, valorando la tarea de memoria y justicia impulsada desde hace m\u00e1s de cinco a\u00f1os.<\/p>\n\n\n\n<p><\/p>\n\n\n\n<p>El Tribunal Oral Federal N\u00b0 1 se completa con el juez Fernando Machado Pelloni, quien junto a Toselli y Namer ser\u00e1 el <strong>encargado de dictar el veredicto en una causa que juzga los cr\u00edmenes de lesa humanidad <\/strong>cometidos en el centro y sudeste bonaerense durante la <strong>\u00faltima dictadura c\u00edvico-militar.<\/strong><\/p>\n\n\n\n<p><\/p>\n\n\n\n<blockquote class=\"wp-block-quote is-layout-flow wp-block-quote-is-layout-flow\">\n<p>La Universidad Nacional del Centro de la Provincia de Buenos Aires (UNICEN) redobla su compromiso en este tramo final del proceso judicial, ya que volver\u00e1 a alojar al Tribunal Oral Federal N\u00b0 1 de Mar del Plata en su Aula Magna, tal como lo hizo en anteriores sentencias hist\u00f3ricas: la del caso Carlos Moreno (2012) y la de Monte Peloni I, realizada en las Aulas Comunes del Campus Universitario de Olavarr\u00eda.<\/p>\n<\/blockquote>\n\n\n\n<p><\/p>\n\n\n\n<p>En esta oportunidad, <strong>la sentencia del Juicio \u201cLa Huerta\u201d ser\u00e1 retransmitida <\/strong>en simult\u00e1neo desde el Centro de Investigaci\u00f3n y Posgrado de la Facultad de Derecho (Bol\u00edvar 481, Azul) y la Facultad de Ciencias Sociales de Olavarr\u00eda y en la sede universitaria de Quequ\u00e9n, <strong>garantizando as\u00ed la participaci\u00f3n y el acompa\u00f1amiento de toda la comunidad universitaria en este acontecimiento trascendental para la memoria, la verdad y la justicia.<\/strong><\/p>\n\n\n\n<p><\/p>\n\n\n\n<p>En paralelo, la Mesa Multisectorial por Memoria, Verdad y Justicia de Tandil organiza una agenda de actividades que acompa\u00f1ar\u00e1 este tramo final del proceso: <strong>el mi\u00e9rcoles 23 de octubre, en la previa de la sentencia, se realizar\u00e1 un festival en Pinto y Chacabuco, con intervenciones art\u00edsticas y la presentaci\u00f3n de la banda regional Fac\u00f3n como cierre.<\/strong><\/p>\n\n\n\n<p><\/p>\n\n\n\n<p>El <strong>d\u00eda de la lectura del veredicto, este 24 de octubre,<\/strong> desde el mediod\u00eda, se convocar\u00e1 nuevamente a la comunidad a acompa\u00f1ar colectivamente este momento hist\u00f3rico, en una<strong> jornada de transmisi\u00f3n conjunta desde Radio Universidad y Abra TV,<\/strong> junto a organizaciones de derechos humanos, instituciones y ciudadan\u00eda que sostienen, una vez m\u00e1s, <strong>el pacto democr\u00e1tico del \u201cNunca M\u00e1s\u201d.<\/strong><\/p>\n\n\n\n<p><\/p>\n","protected":false},"excerpt":{"rendered":"<p>Se conocer\u00e1 la sentencia para los 35 imputados que permanecen en el marco de este extenso debate, que se inici\u00f3<\/p>\n","protected":false},"author":6,"featured_media":185767,"comment_status":"closed","ping_status":"closed","sticky":false,"template":"","format":"standard","meta":{"_jetpack_memberships_contains_paid_content":false,"footnotes":""},"categories":[5,1],"tags":[],"class_list":["post-185765","post","type-post","status-publish","format-standard","has-post-thumbnail","hentry","category-informacion-general","category-portada"],"jetpack_featured_media_url":"https:\/\/i0.wp.com\/cdnoticias.com\/wp-content\/uploads\/2025\/10\/juicio-la-huerta.jpg?fit=900%2C543&ssl=1","jetpack_sharing_enabled":true,"_links":{"self":[{"href":"https:\/\/cdnoticias.com\/index.php\/wp-json\/wp\/v2\/posts\/185765","targetHints":{"allow":["GET"]}}],"collection":[{"href":"https:\/\/cdnoticias.com\/index.php\/wp-json\/wp\/v2\/posts"}],"about":[{"href":"https:\/\/cdnoticias.com\/index.php\/wp-json\/wp\/v2\/types\/post"}],"author":[{"embeddable":true,"href":"https:\/\/cdnoticias.com\/index.php\/wp-json\/wp\/v2\/users\/6"}],"replies":[{"embeddable":true,"href":"https:\/\/cdnoticias.com\/index.php\/wp-json\/wp\/v2\/comments?post=185765"}],"version-history":[{"count":0,"href":"https:\/\/cdnoticias.com\/index.php\/wp-json\/wp\/v2\/posts\/185765\/revisions"}],"wp:featuredmedia":[{"embeddable":true,"href":"https:\/\/cdnoticias.com\/index.php\/wp-json\/wp\/v2\/media\/185767"}],"wp:attachment":[{"href":"https:\/\/cdnoticias.com\/index.php\/wp-json\/wp\/v2\/media?parent=185765"}],"wp:term":[{"taxonomy":"category","embeddable":true,"href":"https:\/\/cdnoticias.com\/index.php\/wp-json\/wp\/v2\/categories?post=185765"},{"taxonomy":"post_tag","embeddable":true,"href":"https:\/\/cdnoticias.com\/index.php\/wp-json\/wp\/v2\/tags?post=185765"}],"curies":[{"name":"wp","href":"https:\/\/api.w.org\/{rel}","templated":true}]}}