{"id":185762,"date":"2025-10-22T08:28:51","date_gmt":"2025-10-22T11:28:51","guid":{"rendered":"https:\/\/cdnoticias.com\/?p=185762"},"modified":"2025-10-22T09:16:35","modified_gmt":"2025-10-22T12:16:35","slug":"union-industrial-de-olavarria-esto-trascendio-con-desconocimiento","status":"publish","type":"post","link":"https:\/\/cdnoticias.com\/index.php\/2025\/10\/22\/union-industrial-de-olavarria-esto-trascendio-con-desconocimiento\/","title":{"rendered":"Uni\u00f3n Industrial de Olavarr\u00eda: \u201cesto trascendi\u00f3 con desconocimiento\u201d"},"content":{"rendered":"<p>La entidad neg\u00f3 haber presentado una firma ap\u00f3crifa al HCD e inform\u00f3 que presentaron la segunda nota por cuestionamientos \u201cdel municipio\u201d. La afectaci\u00f3n de recursos para mejoras para la industria \u201ces lo que necesita la ciudad para evolucionar\u201d.<!--more--><\/p>\n<hr \/>\n<p><strong>\u201cNos acusan de falsificar firmas o de haber generado una firma ap\u00f3crifa<\/strong> en una nota donde pedimos asistir a la reuni\u00f3n de Comisi\u00f3n de Legislaci\u00f3n en el Concejo Deliberante. Y esto se dio <strong>porque justo Mario Antista, que es presidente de la C\u00e1mara Empresaria, no estaba en el pa\u00eds al momento de presentar esa nota<\/strong>. Pero, bueno, quienes hicieron trascender esto, que entiendo que es <strong>desde la pol\u00edtica, no ten\u00edan en consideraci\u00f3n de que venimos articulando entre instituciones<\/strong> hace ya unos cuantos meses con este proyecto\u201d argument\u00f3 el <strong>presidente de la Uni\u00f3n Industrial, Jorge Sobarzo<\/strong> en di\u00e1logo con el programa <strong>Levantate por Radio Sapiens (FM 102.7).<\/strong><\/p>\n<p><a href=\"https:\/\/cdnoticias.com\/index.php\/2025\/10\/17\/presentaron-una-nota-en-el-hcd-con-una-firma-falsificada\/\" target=\"_blank\" rel=\"noopener\">Respondi\u00f3 ante lo sucedido el d\u00eda viernes<\/a> cuando <strong>el presidente del HCD, Guillermo Santell\u00e1n, emiti\u00f3 una nota<\/strong> dirigida al propio Sobarzo y al presidente del PIO, Germ\u00e1n Block, en la que cuestion\u00f3 haber recibido <strong>dos notas sucesivas<\/strong>, una con tres firmas y la segunda con dos:<strong> \u201ceste hecho convierte a la solicitud por ustedes cursada en irregular<\/strong> y solicito en nombre de este cuerpo, revean la actitud de presentar<strong> pedidos que resultan insalvables y apr\u00f3crifos<\/strong> en el marco de un expediente\u201d.<\/p>\n<blockquote><p>Sobarzo explic\u00f3 que entre las tres entidades -UIO, PIO y C\u00e1mara Empresaria- \u201ctenemos un acuerdo de que para agilizar las comunicaciones, las notas o los expedientes, tenemos firmas impresas. De hecho, yo tampoco firm\u00e9 esa nota. La firma m\u00eda es impresa. Y obviamente con total consentimiento de las tres partes. Por eso digo que esto trascendi\u00f3 con desconocimiento y realmente uno no sabe por qu\u00e9\u201d.<\/p><\/blockquote>\n<p>El presidente de la UIO cont\u00f3 que <strong>recibi\u00f3 un llamado \u201cdel municipio\u201d<\/strong> tras la primera presentaci\u00f3n y, <strong>por ello, se decidi\u00f3 emitir la segunda nota<\/strong> con el mismo contenido: \u201ca m\u00ed me llaman del municipio y <strong>me dicen \u00b4presentaron esto, trucharon una firma, esto es algo grav\u00edsimo\u00b4. Entonces yo explico, \u00b4mir\u00e1, no truchamos nada\u00b4\u201d<\/strong>. Y a\u00f1adi\u00f3 luego \u201cretiramos la firma de las tres instituciones y presentamos una directamente con las dos instituciones de las cuales los representantes est\u00e1bamos en el pa\u00eds\u201d.<\/p>\n<p>Estas actuaciones de las entidades y del Presidente del HCD se dieron en el marco de<a href=\"https:\/\/cdnoticias.com\/index.php\/2025\/07\/08\/la-uio-impulsa-un-proyecto-de-afectacion-de-la-tasa-de-seguridad-e-higiene\/\" target=\"_blank\" rel=\"noopener\"> un proyecto de las entidades<\/a> para <strong>afectar parte de los recursos que el Municipio recauda a trav\u00e9s de la Tasa de Seguridad e Higiene<\/strong> para destinar a obras que beneficien a las industrias y comercios. <strong>\u201cEs lo que necesita la ciudad para evolucionar, para crecer.<\/strong> La realidad es que <strong>en los \u00faltimos 15 o 20 a\u00f1os, gradual y progresivamente<\/strong>, los recursos generados por la Tasa de Seguridad y Higiene y el Impuesto a la Piedra,<strong> se han desviado del destino para el que fueron creados<\/strong>. Obviamente esto es culpa y responsabilidad de todos\u201d interpret\u00f3 Sobarzo.<\/p>\n<p>\u201cMientras el gasto corriente se lleve la mayor parte de los recursos, el deterioro va a ser inevitable y va a ser cada vez m\u00e1s grande\u201d dijo. Agreg\u00f3 que sin este tipo de normativa <strong>\u201csiempre tenemos que estar pidiendo al Ejecutivo de turno por cada necesidad que vamos teniendo.<\/strong> Y a veces es como que uno entiende o siente que seg\u00fan la relaci\u00f3n o seg\u00fan la voluntad de quien est\u00e1 en el Ejecutivo de turno, es la obra que se hace hacia el sector. Por eso quer\u00edamos plasmarlo en <strong>un recurso permanente que nos permita proyectar<\/strong> las inversiones sobre obras de infraestructura para la industria\u201d.<\/p>\n<blockquote><p>\u00bfY cu\u00e1l es la respuesta hoy? \u201cEn este momento lo que se aduce es que hay una imposibilidad econ\u00f3mica de ejecutarlo\u201d respondi\u00f3 el empresario.<\/p><\/blockquote>\n","protected":false},"excerpt":{"rendered":"<p>La entidad neg\u00f3 haber presentado una firma ap\u00f3crifa al HCD e inform\u00f3 que presentaron la segunda nota por cuestionamientos \u201cdel<\/p>\n","protected":false},"author":4,"featured_media":167569,"comment_status":"closed","ping_status":"closed","sticky":false,"template":"","format":"standard","meta":{"_jetpack_memberships_contains_paid_content":false,"footnotes":""},"categories":[4,1],"tags":[],"class_list":["post-185762","post","type-post","status-publish","format-standard","has-post-thumbnail","hentry","category-politica","category-portada"],"jetpack_featured_media_url":"https:\/\/i0.wp.com\/cdnoticias.com\/wp-content\/uploads\/2025\/03\/union-industrial-asamblea-sobarzo.jpg?fit=1000%2C558&ssl=1","jetpack_sharing_enabled":true,"_links":{"self":[{"href":"https:\/\/cdnoticias.com\/index.php\/wp-json\/wp\/v2\/posts\/185762","targetHints":{"allow":["GET"]}}],"collection":[{"href":"https:\/\/cdnoticias.com\/index.php\/wp-json\/wp\/v2\/posts"}],"about":[{"href":"https:\/\/cdnoticias.com\/index.php\/wp-json\/wp\/v2\/types\/post"}],"author":[{"embeddable":true,"href":"https:\/\/cdnoticias.com\/index.php\/wp-json\/wp\/v2\/users\/4"}],"replies":[{"embeddable":true,"href":"https:\/\/cdnoticias.com\/index.php\/wp-json\/wp\/v2\/comments?post=185762"}],"version-history":[{"count":0,"href":"https:\/\/cdnoticias.com\/index.php\/wp-json\/wp\/v2\/posts\/185762\/revisions"}],"wp:featuredmedia":[{"embeddable":true,"href":"https:\/\/cdnoticias.com\/index.php\/wp-json\/wp\/v2\/media\/167569"}],"wp:attachment":[{"href":"https:\/\/cdnoticias.com\/index.php\/wp-json\/wp\/v2\/media?parent=185762"}],"wp:term":[{"taxonomy":"category","embeddable":true,"href":"https:\/\/cdnoticias.com\/index.php\/wp-json\/wp\/v2\/categories?post=185762"},{"taxonomy":"post_tag","embeddable":true,"href":"https:\/\/cdnoticias.com\/index.php\/wp-json\/wp\/v2\/tags?post=185762"}],"curies":[{"name":"wp","href":"https:\/\/api.w.org\/{rel}","templated":true}]}}