{"id":185754,"date":"2025-10-21T12:32:25","date_gmt":"2025-10-21T15:32:25","guid":{"rendered":"https:\/\/cdnoticias.com\/?p=185754"},"modified":"2025-10-21T16:04:37","modified_gmt":"2025-10-21T19:04:37","slug":"agustin-romero-estara-a-cargo-del-centro-veterinario-municipal","status":"publish","type":"post","link":"https:\/\/cdnoticias.com\/index.php\/2025\/10\/21\/agustin-romero-estara-a-cargo-del-centro-veterinario-municipal\/","title":{"rendered":"Agust\u00edn Romero estar\u00e1 a cargo del Centro Veterinario Municipal"},"content":{"rendered":"\n<p>El Municipio confirm\u00f3 cambios en la conducci\u00f3n. Indicaron que Jessica L\u00f3pez continuar\u00e1 desempe\u00f1ando tareas dentro del sector.<\/p>\n\n\n\n<hr class=\"wp-block-separator has-alpha-channel-opacity\"\/>\n\n\n\n<p>El veterinario Agust\u00edn Romero asumir\u00e1 la responsabilidad de gestionar el Centro Veterinario Municipal. Seg\u00fan se indic\u00f3, <strong>hasta la finalizaci\u00f3n de su mandato como concejal lo har\u00e1 en car\u00e1cter de asesor \u201cad honorem\u201d.<\/strong><\/p>\n\n\n\n<p><\/p>\n\n\n\n<p>Desde el Municipio destacaron que Romero cuenta con una<strong> amplia trayectoria profesional y ya integr\u00f3 Bromatolog\u00eda durante gestiones anteriores.<\/strong><\/p>\n\n\n\n<p><\/p>\n\n\n\n<p>Por ese motivo, el Ejecutivo consider\u00f3 que ocupe dicho lugar, para<strong> garantizar experiencia en la gesti\u00f3n en virtud de los conocimientos, la participaci\u00f3n activa y el compromiso que ya ha demostrado.<\/strong><\/p>\n\n\n\n<p><\/p>\n","protected":false},"excerpt":{"rendered":"<p>El Municipio confirm\u00f3 cambios en la conducci\u00f3n. Indicaron que Jessica L\u00f3pez continuar\u00e1 desempe\u00f1ando tareas dentro del sector. El veterinario Agust\u00edn<\/p>\n","protected":false},"author":5,"featured_media":185755,"comment_status":"closed","ping_status":"closed","sticky":false,"template":"","format":"standard","meta":{"_jetpack_memberships_contains_paid_content":false,"footnotes":""},"categories":[4,1],"tags":[],"class_list":["post-185754","post","type-post","status-publish","format-standard","has-post-thumbnail","hentry","category-politica","category-portada"],"jetpack_featured_media_url":"https:\/\/i0.wp.com\/cdnoticias.com\/wp-content\/uploads\/2025\/10\/WhatsApp-Image-2025-10-21-at-12.24.27-PM.jpeg?fit=1600%2C1064&ssl=1","jetpack_sharing_enabled":true,"_links":{"self":[{"href":"https:\/\/cdnoticias.com\/index.php\/wp-json\/wp\/v2\/posts\/185754","targetHints":{"allow":["GET"]}}],"collection":[{"href":"https:\/\/cdnoticias.com\/index.php\/wp-json\/wp\/v2\/posts"}],"about":[{"href":"https:\/\/cdnoticias.com\/index.php\/wp-json\/wp\/v2\/types\/post"}],"author":[{"embeddable":true,"href":"https:\/\/cdnoticias.com\/index.php\/wp-json\/wp\/v2\/users\/5"}],"replies":[{"embeddable":true,"href":"https:\/\/cdnoticias.com\/index.php\/wp-json\/wp\/v2\/comments?post=185754"}],"version-history":[{"count":0,"href":"https:\/\/cdnoticias.com\/index.php\/wp-json\/wp\/v2\/posts\/185754\/revisions"}],"wp:featuredmedia":[{"embeddable":true,"href":"https:\/\/cdnoticias.com\/index.php\/wp-json\/wp\/v2\/media\/185755"}],"wp:attachment":[{"href":"https:\/\/cdnoticias.com\/index.php\/wp-json\/wp\/v2\/media?parent=185754"}],"wp:term":[{"taxonomy":"category","embeddable":true,"href":"https:\/\/cdnoticias.com\/index.php\/wp-json\/wp\/v2\/categories?post=185754"},{"taxonomy":"post_tag","embeddable":true,"href":"https:\/\/cdnoticias.com\/index.php\/wp-json\/wp\/v2\/tags?post=185754"}],"curies":[{"name":"wp","href":"https:\/\/api.w.org\/{rel}","templated":true}]}}